{"id":17224,"date":"2021-12-15T15:05:56","date_gmt":"2021-12-15T14:05:56","guid":{"rendered":"https:\/\/evertonfc.cz\/?post_type=news&#038;p=17224"},"modified":"2021-12-15T15:05:56","modified_gmt":"2021-12-15T14:05:56","slug":"clenove-parlamentu-za-lepsi-ochranu-hracek","status":"publish","type":"news","link":"https:\/\/evertonfc.cz\/index.php\/news\/clenove-parlamentu-za-lepsi-ochranu-hracek\/","title":{"rendered":"\u010clenov\u00e9 Parlamentu za lep\u0161\u00ed ochranu hr\u00e1\u010dek"},"content":{"rendered":"<p>Po incidentu p\u0159i z\u00e1pasu Women\u00b4s Champions League mezi Chelsea a Juventusem 8.12., kdy na tr\u00e1vn\u00edk Kingsmeadow vb\u011bhl pablb s mobilem s \u00famyslem po\u0159\u00eddit si selfie s dom\u00e1c\u00ed kapit\u00e1nkou Eriksson a pot\u00e9 co jej p\u0159i odchodu zp\u011bt Sam Kerr <a href=\"https:\/\/www.youtube.com\/watch?v=IrbH95rH4Tc\">slo\u017eila na zem<\/a> (a byla ohodnocena \u017elutou kartou) se uk\u00e1zalo, \u017ee na \u017eensk\u00e9 z\u00e1pasy se nevztahuje The Football (Offences) Order. Tato z\u00e1konn\u00e1 norma umo\u017e\u0148uje potrestat fanou\u0161ka za proniknut\u00ed na tr\u00e1vn\u00edk pokutou, uv\u011bzn\u011bn\u00edm nebo z\u00e1kazem vstupu na stadion \u010di n\u00e1v\u0161t\u011bv dal\u0161\u00edch z\u00e1pas\u016f. Podle pond\u011bln\u00edho The Athletic nejsou do tohoto zahrnuty z\u00e1pasy WSL. Proto dnes osm \u010dlen\u016f Parlamentu pod veden\u00edm parlamentn\u00edho z\u00e1stupce tajemn\u00edka pro sport Nigela Huddlestona vyzvalo dopisem k okam\u017eit\u00e9 n\u00e1prav\u011b stavu v\u011bc\u00ed.<strong> Ochrana fotbalistek mus\u00ed b\u00fdt stejn\u00e1 jako jejich mu\u017esk\u00fdch prot\u011bj\u0161k\u016f.\u00a0<\/strong><\/p>\n<p style=\"text-align: right;\"><span style=\"font-size: 10pt;\"><em>Zdroj:<a href=\"https:\/\/www.bbc.com\/sport\/football\/59650582\"> bbc.com<\/a><\/em><\/span><\/p>\n","protected":false},"excerpt":{"rendered":"<p>Po incidentu p\u0159i z\u00e1pasu Women\u00b4s Champions League mezi Chelsea a Juventusem 8.12., kdy na tr\u00e1vn\u00edk Kingsmeadow vb\u011bhl pablb s mobilem&hellip;<\/p>\n","protected":false},"author":26,"featured_media":0,"comment_status":"open","ping_status":"closed","template":"","tags":[],"news-category":[18],"yoast_head":"<!-- This site is optimized with the Yoast SEO plugin v23.4 - https:\/\/yoast.com\/wordpress\/plugins\/seo\/ -->\n<title>\u010clenov\u00e9 Parlamentu za lep\u0161\u00ed ochranu hr\u00e1\u010dek - Official Czech &amp; Slovak Everton Supporters&#039; Club<\/title>\n<meta name=\"robots\" content=\"index, follow, max-snippet:-1, max-image-preview:large, max-video-preview:-1\" \/>\n<link rel=\"canonical\" href=\"https:\/\/evertonfc.cz\/index.php\/news\/clenove-parlamentu-za-lepsi-ochranu-hracek\/\" \/>\n<meta property=\"og:locale\" content=\"cs_CZ\" \/>\n<meta property=\"og:type\" content=\"article\" \/>\n<meta property=\"og:title\" content=\"\u010clenov\u00e9 Parlamentu za lep\u0161\u00ed ochranu hr\u00e1\u010dek - Official Czech &amp; Slovak Everton Supporters&#039; Club\" \/>\n<meta property=\"og:description\" content=\"Po incidentu p\u0159i z\u00e1pasu Women\u00b4s Champions League mezi Chelsea a Juventusem 8.12., kdy na tr\u00e1vn\u00edk Kingsmeadow vb\u011bhl pablb s mobilem&hellip;\" \/>\n<meta property=\"og:url\" content=\"https:\/\/evertonfc.cz\/index.php\/news\/clenove-parlamentu-za-lepsi-ochranu-hracek\/\" \/>\n<meta property=\"og:site_name\" content=\"Official Czech &amp; Slovak Everton Supporters&#039; Club\" \/>\n<meta property=\"article:publisher\" content=\"https:\/\/www.facebook.com\/everton.fans.cz.sk\" \/>\n<meta name=\"twitter:card\" content=\"summary_large_image\" \/>\n<meta name=\"twitter:label1\" content=\"Odhadovan\u00e1 doba \u010dten\u00ed\" \/>\n\t<meta name=\"twitter:data1\" content=\"1 minuta\" \/>\n<script type=\"application\/ld+json\" class=\"yoast-schema-graph\">{\"@context\":\"https:\/\/schema.org\",\"@graph\":[{\"@type\":\"WebPage\",\"@id\":\"https:\/\/evertonfc.cz\/index.php\/news\/clenove-parlamentu-za-lepsi-ochranu-hracek\/\",\"url\":\"https:\/\/evertonfc.cz\/index.php\/news\/clenove-parlamentu-za-lepsi-ochranu-hracek\/\",\"name\":\"\u010clenov\u00e9 Parlamentu za lep\u0161\u00ed ochranu hr\u00e1\u010dek - Official Czech &amp; Slovak Everton Supporters&#039; Club\",\"isPartOf\":{\"@id\":\"https:\/\/evertonfc.cz\/#website\"},\"datePublished\":\"2021-12-15T14:05:56+00:00\",\"dateModified\":\"2021-12-15T14:05:56+00:00\",\"breadcrumb\":{\"@id\":\"https:\/\/evertonfc.cz\/index.php\/news\/clenove-parlamentu-za-lepsi-ochranu-hracek\/#breadcrumb\"},\"inLanguage\":\"cs\",\"potentialAction\":[{\"@type\":\"ReadAction\",\"target\":[\"https:\/\/evertonfc.cz\/index.php\/news\/clenove-parlamentu-za-lepsi-ochranu-hracek\/\"]}]},{\"@type\":\"BreadcrumbList\",\"@id\":\"https:\/\/evertonfc.cz\/index.php\/news\/clenove-parlamentu-za-lepsi-ochranu-hracek\/#breadcrumb\",\"itemListElement\":[{\"@type\":\"ListItem\",\"position\":1,\"name\":\"Home\",\"item\":\"https:\/\/evertonfc.cz\/\"},{\"@type\":\"ListItem\",\"position\":2,\"name\":\"News\",\"item\":\"https:\/\/evertonfc.cz\/index.php\/news\/\"},{\"@type\":\"ListItem\",\"position\":3,\"name\":\"\u010clenov\u00e9 Parlamentu za lep\u0161\u00ed ochranu hr\u00e1\u010dek\"}]},{\"@type\":\"WebSite\",\"@id\":\"https:\/\/evertonfc.cz\/#website\",\"url\":\"https:\/\/evertonfc.cz\/\",\"name\":\"Official Czech &amp; Slovak Everton Supporters&#039; Club\",\"description\":\"\",\"publisher\":{\"@id\":\"https:\/\/evertonfc.cz\/#organization\"},\"potentialAction\":[{\"@type\":\"SearchAction\",\"target\":{\"@type\":\"EntryPoint\",\"urlTemplate\":\"https:\/\/evertonfc.cz\/?s={search_term_string}\"},\"query-input\":{\"@type\":\"PropertyValueSpecification\",\"valueRequired\":true,\"valueName\":\"search_term_string\"}}],\"inLanguage\":\"cs\"},{\"@type\":\"Organization\",\"@id\":\"https:\/\/evertonfc.cz\/#organization\",\"name\":\"Official Czech & Slovak Everton Supporters' Club\",\"url\":\"https:\/\/evertonfc.cz\/\",\"logo\":{\"@type\":\"ImageObject\",\"inLanguage\":\"cs\",\"@id\":\"https:\/\/evertonfc.cz\/#\/schema\/logo\/image\/\",\"url\":\"https:\/\/evertonfc.cz\/wp-content\/uploads\/2019\/05\/logo.png\",\"contentUrl\":\"https:\/\/evertonfc.cz\/wp-content\/uploads\/2019\/05\/logo.png\",\"width\":112,\"height\":112,\"caption\":\"Official Czech & Slovak Everton Supporters' Club\"},\"image\":{\"@id\":\"https:\/\/evertonfc.cz\/#\/schema\/logo\/image\/\"},\"sameAs\":[\"https:\/\/www.facebook.com\/everton.fans.cz.sk\"]}]}<\/script>\n<!-- \/ Yoast SEO plugin. -->","yoast_head_json":{"title":"\u010clenov\u00e9 Parlamentu za lep\u0161\u00ed ochranu hr\u00e1\u010dek - Official Czech &amp; Slovak Everton Supporters&#039; Club","robots":{"index":"index","follow":"follow","max-snippet":"max-snippet:-1","max-image-preview":"max-image-preview:large","max-video-preview":"max-video-preview:-1"},"canonical":"https:\/\/evertonfc.cz\/index.php\/news\/clenove-parlamentu-za-lepsi-ochranu-hracek\/","og_locale":"cs_CZ","og_type":"article","og_title":"\u010clenov\u00e9 Parlamentu za lep\u0161\u00ed ochranu hr\u00e1\u010dek - Official Czech &amp; Slovak Everton Supporters&#039; Club","og_description":"Po incidentu p\u0159i z\u00e1pasu Women\u00b4s Champions League mezi Chelsea a Juventusem 8.12., kdy na tr\u00e1vn\u00edk Kingsmeadow vb\u011bhl pablb s mobilem&hellip;","og_url":"https:\/\/evertonfc.cz\/index.php\/news\/clenove-parlamentu-za-lepsi-ochranu-hracek\/","og_site_name":"Official Czech &amp; Slovak Everton Supporters&#039; Club","article_publisher":"https:\/\/www.facebook.com\/everton.fans.cz.sk","twitter_card":"summary_large_image","twitter_misc":{"Odhadovan\u00e1 doba \u010dten\u00ed":"1 minuta"},"schema":{"@context":"https:\/\/schema.org","@graph":[{"@type":"WebPage","@id":"https:\/\/evertonfc.cz\/index.php\/news\/clenove-parlamentu-za-lepsi-ochranu-hracek\/","url":"https:\/\/evertonfc.cz\/index.php\/news\/clenove-parlamentu-za-lepsi-ochranu-hracek\/","name":"\u010clenov\u00e9 Parlamentu za lep\u0161\u00ed ochranu hr\u00e1\u010dek - Official Czech &amp; Slovak Everton Supporters&#039; Club","isPartOf":{"@id":"https:\/\/evertonfc.cz\/#website"},"datePublished":"2021-12-15T14:05:56+00:00","dateModified":"2021-12-15T14:05:56+00:00","breadcrumb":{"@id":"https:\/\/evertonfc.cz\/index.php\/news\/clenove-parlamentu-za-lepsi-ochranu-hracek\/#breadcrumb"},"inLanguage":"cs","potentialAction":[{"@type":"ReadAction","target":["https:\/\/evertonfc.cz\/index.php\/news\/clenove-parlamentu-za-lepsi-ochranu-hracek\/"]}]},{"@type":"BreadcrumbList","@id":"https:\/\/evertonfc.cz\/index.php\/news\/clenove-parlamentu-za-lepsi-ochranu-hracek\/#breadcrumb","itemListElement":[{"@type":"ListItem","position":1,"name":"Home","item":"https:\/\/evertonfc.cz\/"},{"@type":"ListItem","position":2,"name":"News","item":"https:\/\/evertonfc.cz\/index.php\/news\/"},{"@type":"ListItem","position":3,"name":"\u010clenov\u00e9 Parlamentu za lep\u0161\u00ed ochranu hr\u00e1\u010dek"}]},{"@type":"WebSite","@id":"https:\/\/evertonfc.cz\/#website","url":"https:\/\/evertonfc.cz\/","name":"Official Czech &amp; Slovak Everton Supporters&#039; Club","description":"","publisher":{"@id":"https:\/\/evertonfc.cz\/#organization"},"potentialAction":[{"@type":"SearchAction","target":{"@type":"EntryPoint","urlTemplate":"https:\/\/evertonfc.cz\/?s={search_term_string}"},"query-input":{"@type":"PropertyValueSpecification","valueRequired":true,"valueName":"search_term_string"}}],"inLanguage":"cs"},{"@type":"Organization","@id":"https:\/\/evertonfc.cz\/#organization","name":"Official Czech & Slovak Everton Supporters' Club","url":"https:\/\/evertonfc.cz\/","logo":{"@type":"ImageObject","inLanguage":"cs","@id":"https:\/\/evertonfc.cz\/#\/schema\/logo\/image\/","url":"https:\/\/evertonfc.cz\/wp-content\/uploads\/2019\/05\/logo.png","contentUrl":"https:\/\/evertonfc.cz\/wp-content\/uploads\/2019\/05\/logo.png","width":112,"height":112,"caption":"Official Czech & Slovak Everton Supporters' Club"},"image":{"@id":"https:\/\/evertonfc.cz\/#\/schema\/logo\/image\/"},"sameAs":["https:\/\/www.facebook.com\/everton.fans.cz.sk"]}]}},"_links":{"self":[{"href":"https:\/\/evertonfc.cz\/index.php\/wp-json\/wp\/v2\/news\/17224"}],"collection":[{"href":"https:\/\/evertonfc.cz\/index.php\/wp-json\/wp\/v2\/news"}],"about":[{"href":"https:\/\/evertonfc.cz\/index.php\/wp-json\/wp\/v2\/types\/news"}],"author":[{"embeddable":true,"href":"https:\/\/evertonfc.cz\/index.php\/wp-json\/wp\/v2\/users\/26"}],"replies":[{"embeddable":true,"href":"https:\/\/evertonfc.cz\/index.php\/wp-json\/wp\/v2\/comments?post=17224"}],"version-history":[{"count":0,"href":"https:\/\/evertonfc.cz\/index.php\/wp-json\/wp\/v2\/news\/17224\/revisions"}],"wp:attachment":[{"href":"https:\/\/evertonfc.cz\/index.php\/wp-json\/wp\/v2\/media?parent=17224"}],"wp:term":[{"taxonomy":"post_tag","embeddable":true,"href":"https:\/\/evertonfc.cz\/index.php\/wp-json\/wp\/v2\/tags?post=17224"},{"taxonomy":"news-category","embeddable":true,"href":"https:\/\/evertonfc.cz\/index.php\/wp-json\/wp\/v2\/news-category?post=17224"}],"curies":[{"name":"wp","href":"https:\/\/api.w.org\/{rel}","templated":true}]}}