{"id":17300,"date":"2021-12-24T12:45:30","date_gmt":"2021-12-24T11:45:30","guid":{"rendered":"https:\/\/evertonfc.cz\/?post_type=news&#038;p=17300"},"modified":"2021-12-24T12:47:41","modified_gmt":"2021-12-24T11:47:41","slug":"s-burnley-na-boxing-day-se-nehraje","status":"publish","type":"news","link":"https:\/\/evertonfc.cz\/index.php\/news\/s-burnley-na-boxing-day-se-nehraje\/","title":{"rendered":"S Burnley na Boxing Day se nehraje"},"content":{"rendered":"<p>Veden\u00ed Premier League odlo\u017eilo ned\u011bln\u00ed duel 19. kola mezi Burnley a Evertonem, jeliko\u017e Toffees se pot\u00fdkaj\u00ed s po\u010detn\u00fdmi absencemi. Na onemocn\u011bn\u00ed covid-19 bylo pozitivn\u011b testov\u00e1no p\u011bt hr\u00e1\u010d\u016f a dal\u0161\u00edch \u0161est fotbalist\u016f vy\u0159adili ze hry zdravotn\u00ed probl\u00e9my jin\u00e9ho r\u00e1zu.<\/p>\n<p>K odlo\u017een\u00ed duelu na Boxing Day do\u0161lo a\u017e po odvol\u00e1n\u00ed Evertonu, Premier League p\u016fvodn\u011b cht\u011bla, aby se z\u00e1pas konal.<\/p>\n","protected":false},"excerpt":{"rendered":"<p>Veden\u00ed Premier League odlo\u017eilo ned\u011bln\u00ed duel 19. kola mezi Burnley a Evertonem, jeliko\u017e Toffees se pot\u00fdkaj\u00ed s po\u010detn\u00fdmi absencemi. Na&hellip;<\/p>\n","protected":false},"author":6,"featured_media":0,"comment_status":"open","ping_status":"closed","template":"","tags":[],"news-category":[18],"yoast_head":"<!-- This site is optimized with the Yoast SEO plugin v23.4 - https:\/\/yoast.com\/wordpress\/plugins\/seo\/ -->\n<title>S Burnley na Boxing Day se nehraje - Official Czech &amp; Slovak Everton Supporters&#039; Club<\/title>\n<meta name=\"robots\" content=\"index, follow, max-snippet:-1, max-image-preview:large, max-video-preview:-1\" \/>\n<link rel=\"canonical\" href=\"https:\/\/evertonfc.cz\/index.php\/news\/s-burnley-na-boxing-day-se-nehraje\/\" \/>\n<meta property=\"og:locale\" content=\"cs_CZ\" \/>\n<meta property=\"og:type\" content=\"article\" \/>\n<meta property=\"og:title\" content=\"S Burnley na Boxing Day se nehraje - Official Czech &amp; Slovak Everton Supporters&#039; Club\" \/>\n<meta property=\"og:description\" content=\"Veden\u00ed Premier League odlo\u017eilo ned\u011bln\u00ed duel 19. kola mezi Burnley a Evertonem, jeliko\u017e Toffees se pot\u00fdkaj\u00ed s po\u010detn\u00fdmi absencemi. Na&hellip;\" \/>\n<meta property=\"og:url\" content=\"https:\/\/evertonfc.cz\/index.php\/news\/s-burnley-na-boxing-day-se-nehraje\/\" \/>\n<meta property=\"og:site_name\" content=\"Official Czech &amp; Slovak Everton Supporters&#039; Club\" \/>\n<meta property=\"article:publisher\" content=\"https:\/\/www.facebook.com\/everton.fans.cz.sk\" \/>\n<meta property=\"article:modified_time\" content=\"2021-12-24T11:47:41+00:00\" \/>\n<meta name=\"twitter:card\" content=\"summary_large_image\" \/>\n<meta name=\"twitter:label1\" content=\"Odhadovan\u00e1 doba \u010dten\u00ed\" \/>\n\t<meta name=\"twitter:data1\" content=\"1 minuta\" \/>\n<script type=\"application\/ld+json\" class=\"yoast-schema-graph\">{\"@context\":\"https:\/\/schema.org\",\"@graph\":[{\"@type\":\"WebPage\",\"@id\":\"https:\/\/evertonfc.cz\/index.php\/news\/s-burnley-na-boxing-day-se-nehraje\/\",\"url\":\"https:\/\/evertonfc.cz\/index.php\/news\/s-burnley-na-boxing-day-se-nehraje\/\",\"name\":\"S Burnley na Boxing Day se nehraje - Official Czech &amp; Slovak Everton Supporters&#039; Club\",\"isPartOf\":{\"@id\":\"https:\/\/evertonfc.cz\/#website\"},\"datePublished\":\"2021-12-24T11:45:30+00:00\",\"dateModified\":\"2021-12-24T11:47:41+00:00\",\"breadcrumb\":{\"@id\":\"https:\/\/evertonfc.cz\/index.php\/news\/s-burnley-na-boxing-day-se-nehraje\/#breadcrumb\"},\"inLanguage\":\"cs\",\"potentialAction\":[{\"@type\":\"ReadAction\",\"target\":[\"https:\/\/evertonfc.cz\/index.php\/news\/s-burnley-na-boxing-day-se-nehraje\/\"]}]},{\"@type\":\"BreadcrumbList\",\"@id\":\"https:\/\/evertonfc.cz\/index.php\/news\/s-burnley-na-boxing-day-se-nehraje\/#breadcrumb\",\"itemListElement\":[{\"@type\":\"ListItem\",\"position\":1,\"name\":\"Home\",\"item\":\"https:\/\/evertonfc.cz\/\"},{\"@type\":\"ListItem\",\"position\":2,\"name\":\"News\",\"item\":\"https:\/\/evertonfc.cz\/index.php\/news\/\"},{\"@type\":\"ListItem\",\"position\":3,\"name\":\"S Burnley na Boxing Day se nehraje\"}]},{\"@type\":\"WebSite\",\"@id\":\"https:\/\/evertonfc.cz\/#website\",\"url\":\"https:\/\/evertonfc.cz\/\",\"name\":\"Official Czech &amp; Slovak Everton Supporters&#039; Club\",\"description\":\"\",\"publisher\":{\"@id\":\"https:\/\/evertonfc.cz\/#organization\"},\"potentialAction\":[{\"@type\":\"SearchAction\",\"target\":{\"@type\":\"EntryPoint\",\"urlTemplate\":\"https:\/\/evertonfc.cz\/?s={search_term_string}\"},\"query-input\":{\"@type\":\"PropertyValueSpecification\",\"valueRequired\":true,\"valueName\":\"search_term_string\"}}],\"inLanguage\":\"cs\"},{\"@type\":\"Organization\",\"@id\":\"https:\/\/evertonfc.cz\/#organization\",\"name\":\"Official Czech & Slovak Everton Supporters' Club\",\"url\":\"https:\/\/evertonfc.cz\/\",\"logo\":{\"@type\":\"ImageObject\",\"inLanguage\":\"cs\",\"@id\":\"https:\/\/evertonfc.cz\/#\/schema\/logo\/image\/\",\"url\":\"https:\/\/evertonfc.cz\/wp-content\/uploads\/2019\/05\/logo.png\",\"contentUrl\":\"https:\/\/evertonfc.cz\/wp-content\/uploads\/2019\/05\/logo.png\",\"width\":112,\"height\":112,\"caption\":\"Official Czech & Slovak Everton Supporters' Club\"},\"image\":{\"@id\":\"https:\/\/evertonfc.cz\/#\/schema\/logo\/image\/\"},\"sameAs\":[\"https:\/\/www.facebook.com\/everton.fans.cz.sk\"]}]}<\/script>\n<!-- \/ Yoast SEO plugin. -->","yoast_head_json":{"title":"S Burnley na Boxing Day se nehraje - Official Czech &amp; Slovak Everton Supporters&#039; Club","robots":{"index":"index","follow":"follow","max-snippet":"max-snippet:-1","max-image-preview":"max-image-preview:large","max-video-preview":"max-video-preview:-1"},"canonical":"https:\/\/evertonfc.cz\/index.php\/news\/s-burnley-na-boxing-day-se-nehraje\/","og_locale":"cs_CZ","og_type":"article","og_title":"S Burnley na Boxing Day se nehraje - Official Czech &amp; Slovak Everton Supporters&#039; Club","og_description":"Veden\u00ed Premier League odlo\u017eilo ned\u011bln\u00ed duel 19. kola mezi Burnley a Evertonem, jeliko\u017e Toffees se pot\u00fdkaj\u00ed s po\u010detn\u00fdmi absencemi. Na&hellip;","og_url":"https:\/\/evertonfc.cz\/index.php\/news\/s-burnley-na-boxing-day-se-nehraje\/","og_site_name":"Official Czech &amp; Slovak Everton Supporters&#039; Club","article_publisher":"https:\/\/www.facebook.com\/everton.fans.cz.sk","article_modified_time":"2021-12-24T11:47:41+00:00","twitter_card":"summary_large_image","twitter_misc":{"Odhadovan\u00e1 doba \u010dten\u00ed":"1 minuta"},"schema":{"@context":"https:\/\/schema.org","@graph":[{"@type":"WebPage","@id":"https:\/\/evertonfc.cz\/index.php\/news\/s-burnley-na-boxing-day-se-nehraje\/","url":"https:\/\/evertonfc.cz\/index.php\/news\/s-burnley-na-boxing-day-se-nehraje\/","name":"S Burnley na Boxing Day se nehraje - Official Czech &amp; Slovak Everton Supporters&#039; Club","isPartOf":{"@id":"https:\/\/evertonfc.cz\/#website"},"datePublished":"2021-12-24T11:45:30+00:00","dateModified":"2021-12-24T11:47:41+00:00","breadcrumb":{"@id":"https:\/\/evertonfc.cz\/index.php\/news\/s-burnley-na-boxing-day-se-nehraje\/#breadcrumb"},"inLanguage":"cs","potentialAction":[{"@type":"ReadAction","target":["https:\/\/evertonfc.cz\/index.php\/news\/s-burnley-na-boxing-day-se-nehraje\/"]}]},{"@type":"BreadcrumbList","@id":"https:\/\/evertonfc.cz\/index.php\/news\/s-burnley-na-boxing-day-se-nehraje\/#breadcrumb","itemListElement":[{"@type":"ListItem","position":1,"name":"Home","item":"https:\/\/evertonfc.cz\/"},{"@type":"ListItem","position":2,"name":"News","item":"https:\/\/evertonfc.cz\/index.php\/news\/"},{"@type":"ListItem","position":3,"name":"S Burnley na Boxing Day se nehraje"}]},{"@type":"WebSite","@id":"https:\/\/evertonfc.cz\/#website","url":"https:\/\/evertonfc.cz\/","name":"Official Czech &amp; Slovak Everton Supporters&#039; Club","description":"","publisher":{"@id":"https:\/\/evertonfc.cz\/#organization"},"potentialAction":[{"@type":"SearchAction","target":{"@type":"EntryPoint","urlTemplate":"https:\/\/evertonfc.cz\/?s={search_term_string}"},"query-input":{"@type":"PropertyValueSpecification","valueRequired":true,"valueName":"search_term_string"}}],"inLanguage":"cs"},{"@type":"Organization","@id":"https:\/\/evertonfc.cz\/#organization","name":"Official Czech & Slovak Everton Supporters' Club","url":"https:\/\/evertonfc.cz\/","logo":{"@type":"ImageObject","inLanguage":"cs","@id":"https:\/\/evertonfc.cz\/#\/schema\/logo\/image\/","url":"https:\/\/evertonfc.cz\/wp-content\/uploads\/2019\/05\/logo.png","contentUrl":"https:\/\/evertonfc.cz\/wp-content\/uploads\/2019\/05\/logo.png","width":112,"height":112,"caption":"Official Czech & Slovak Everton Supporters' Club"},"image":{"@id":"https:\/\/evertonfc.cz\/#\/schema\/logo\/image\/"},"sameAs":["https:\/\/www.facebook.com\/everton.fans.cz.sk"]}]}},"_links":{"self":[{"href":"https:\/\/evertonfc.cz\/index.php\/wp-json\/wp\/v2\/news\/17300"}],"collection":[{"href":"https:\/\/evertonfc.cz\/index.php\/wp-json\/wp\/v2\/news"}],"about":[{"href":"https:\/\/evertonfc.cz\/index.php\/wp-json\/wp\/v2\/types\/news"}],"author":[{"embeddable":true,"href":"https:\/\/evertonfc.cz\/index.php\/wp-json\/wp\/v2\/users\/6"}],"replies":[{"embeddable":true,"href":"https:\/\/evertonfc.cz\/index.php\/wp-json\/wp\/v2\/comments?post=17300"}],"version-history":[{"count":1,"href":"https:\/\/evertonfc.cz\/index.php\/wp-json\/wp\/v2\/news\/17300\/revisions"}],"predecessor-version":[{"id":17301,"href":"https:\/\/evertonfc.cz\/index.php\/wp-json\/wp\/v2\/news\/17300\/revisions\/17301"}],"wp:attachment":[{"href":"https:\/\/evertonfc.cz\/index.php\/wp-json\/wp\/v2\/media?parent=17300"}],"wp:term":[{"taxonomy":"post_tag","embeddable":true,"href":"https:\/\/evertonfc.cz\/index.php\/wp-json\/wp\/v2\/tags?post=17300"},{"taxonomy":"news-category","embeddable":true,"href":"https:\/\/evertonfc.cz\/index.php\/wp-json\/wp\/v2\/news-category?post=17300"}],"curies":[{"name":"wp","href":"https:\/\/api.w.org\/{rel}","templated":true}]}}