{"id":17508,"date":"2022-01-18T13:42:13","date_gmt":"2022-01-18T12:42:13","guid":{"rendered":"https:\/\/evertonfc.cz\/?post_type=news&#038;p=17508"},"modified":"2022-01-18T13:42:13","modified_gmt":"2022-01-18T12:42:13","slug":"odchadza-aj-benitezova-enklava","status":"publish","type":"news","link":"https:\/\/evertonfc.cz\/index.php\/news\/odchadza-aj-benitezova-enklava\/","title":{"rendered":"Odch\u00e1dza aj Ben\u00edtezova enkl\u00e1va"},"content":{"rendered":"<p>Everton na svojovom webe potvrdil, \u017ee Francisco de Miguel Moreno (asistent mana\u017e\u00e9ra prv\u00e9ho t\u00edmu), Antonio Gomez (tr\u00e9ner prv\u00e9ho t\u00edmu a hlavn\u00fd analytik), Jamie Harley (ved\u00faci \u0161portovej vedy) a Cristian Fernandez (tren\u00e9r pre rehabilit\u00e1ciu prv\u00e9ho t\u00edmu) s okam\u017eitou platnos\u0165ou opustili technick\u00fd person\u00e1l prv\u00e9ho t\u00edmu Evertonu.<\/p>\n<p>Do klubu ich priviedol Rafael Ben\u00edtez. Ten zo svojej funkcie mana\u017e\u00e9ra odi\u0161iel v nede\u013eu. O utorka do\u010dasne povedie tr\u00e9ningov\u00e9 jednotky asistent posledn\u00fdch piatich permanentn\u00fdch mana\u017e\u00e9rov Duncan Ferguson, spolu s Leightonom Bainesom, ktor\u00fd doteraz p\u00f4sobil ako tr\u00e9ner profesion\u00e1lneho rozvoja hr\u00e1\u010dov v akad\u00e9mii.<\/p>\n","protected":false},"excerpt":{"rendered":"<p>Everton na svojovom webe potvrdil, \u017ee Francisco de Miguel Moreno (asistent mana\u017e\u00e9ra prv\u00e9ho t\u00edmu), Antonio Gomez (tr\u00e9ner prv\u00e9ho t\u00edmu a&hellip;<\/p>\n","protected":false},"author":1,"featured_media":0,"comment_status":"open","ping_status":"closed","template":"","tags":[],"news-category":[18],"yoast_head":"<!-- This site is optimized with the Yoast SEO plugin v23.4 - https:\/\/yoast.com\/wordpress\/plugins\/seo\/ -->\n<title>Odch\u00e1dza aj Ben\u00edtezova enkl\u00e1va - Official Czech &amp; Slovak Everton Supporters&#039; Club<\/title>\n<meta name=\"robots\" content=\"index, follow, max-snippet:-1, max-image-preview:large, max-video-preview:-1\" \/>\n<link rel=\"canonical\" href=\"https:\/\/evertonfc.cz\/index.php\/news\/odchadza-aj-benitezova-enklava\/\" \/>\n<meta property=\"og:locale\" content=\"cs_CZ\" \/>\n<meta property=\"og:type\" content=\"article\" \/>\n<meta property=\"og:title\" content=\"Odch\u00e1dza aj Ben\u00edtezova enkl\u00e1va - Official Czech &amp; Slovak Everton Supporters&#039; Club\" \/>\n<meta property=\"og:description\" content=\"Everton na svojovom webe potvrdil, \u017ee Francisco de Miguel Moreno (asistent mana\u017e\u00e9ra prv\u00e9ho t\u00edmu), Antonio Gomez (tr\u00e9ner prv\u00e9ho t\u00edmu a&hellip;\" \/>\n<meta property=\"og:url\" content=\"https:\/\/evertonfc.cz\/index.php\/news\/odchadza-aj-benitezova-enklava\/\" \/>\n<meta property=\"og:site_name\" content=\"Official Czech &amp; Slovak Everton Supporters&#039; Club\" \/>\n<meta property=\"article:publisher\" content=\"https:\/\/www.facebook.com\/everton.fans.cz.sk\" \/>\n<meta name=\"twitter:card\" content=\"summary_large_image\" \/>\n<meta name=\"twitter:label1\" content=\"Odhadovan\u00e1 doba \u010dten\u00ed\" \/>\n\t<meta name=\"twitter:data1\" content=\"1 minuta\" \/>\n<script type=\"application\/ld+json\" class=\"yoast-schema-graph\">{\"@context\":\"https:\/\/schema.org\",\"@graph\":[{\"@type\":\"WebPage\",\"@id\":\"https:\/\/evertonfc.cz\/index.php\/news\/odchadza-aj-benitezova-enklava\/\",\"url\":\"https:\/\/evertonfc.cz\/index.php\/news\/odchadza-aj-benitezova-enklava\/\",\"name\":\"Odch\u00e1dza aj Ben\u00edtezova enkl\u00e1va - Official Czech &amp; Slovak Everton Supporters&#039; Club\",\"isPartOf\":{\"@id\":\"https:\/\/evertonfc.cz\/#website\"},\"datePublished\":\"2022-01-18T12:42:13+00:00\",\"dateModified\":\"2022-01-18T12:42:13+00:00\",\"breadcrumb\":{\"@id\":\"https:\/\/evertonfc.cz\/index.php\/news\/odchadza-aj-benitezova-enklava\/#breadcrumb\"},\"inLanguage\":\"cs\",\"potentialAction\":[{\"@type\":\"ReadAction\",\"target\":[\"https:\/\/evertonfc.cz\/index.php\/news\/odchadza-aj-benitezova-enklava\/\"]}]},{\"@type\":\"BreadcrumbList\",\"@id\":\"https:\/\/evertonfc.cz\/index.php\/news\/odchadza-aj-benitezova-enklava\/#breadcrumb\",\"itemListElement\":[{\"@type\":\"ListItem\",\"position\":1,\"name\":\"Home\",\"item\":\"https:\/\/evertonfc.cz\/\"},{\"@type\":\"ListItem\",\"position\":2,\"name\":\"News\",\"item\":\"https:\/\/evertonfc.cz\/index.php\/news\/\"},{\"@type\":\"ListItem\",\"position\":3,\"name\":\"Odch\u00e1dza aj Ben\u00edtezova enkl\u00e1va\"}]},{\"@type\":\"WebSite\",\"@id\":\"https:\/\/evertonfc.cz\/#website\",\"url\":\"https:\/\/evertonfc.cz\/\",\"name\":\"Official Czech &amp; Slovak Everton Supporters&#039; Club\",\"description\":\"\",\"publisher\":{\"@id\":\"https:\/\/evertonfc.cz\/#organization\"},\"potentialAction\":[{\"@type\":\"SearchAction\",\"target\":{\"@type\":\"EntryPoint\",\"urlTemplate\":\"https:\/\/evertonfc.cz\/?s={search_term_string}\"},\"query-input\":{\"@type\":\"PropertyValueSpecification\",\"valueRequired\":true,\"valueName\":\"search_term_string\"}}],\"inLanguage\":\"cs\"},{\"@type\":\"Organization\",\"@id\":\"https:\/\/evertonfc.cz\/#organization\",\"name\":\"Official Czech & Slovak Everton Supporters' Club\",\"url\":\"https:\/\/evertonfc.cz\/\",\"logo\":{\"@type\":\"ImageObject\",\"inLanguage\":\"cs\",\"@id\":\"https:\/\/evertonfc.cz\/#\/schema\/logo\/image\/\",\"url\":\"https:\/\/evertonfc.cz\/wp-content\/uploads\/2019\/05\/logo.png\",\"contentUrl\":\"https:\/\/evertonfc.cz\/wp-content\/uploads\/2019\/05\/logo.png\",\"width\":112,\"height\":112,\"caption\":\"Official Czech & Slovak Everton Supporters' Club\"},\"image\":{\"@id\":\"https:\/\/evertonfc.cz\/#\/schema\/logo\/image\/\"},\"sameAs\":[\"https:\/\/www.facebook.com\/everton.fans.cz.sk\"]}]}<\/script>\n<!-- \/ Yoast SEO plugin. -->","yoast_head_json":{"title":"Odch\u00e1dza aj Ben\u00edtezova enkl\u00e1va - Official Czech &amp; Slovak Everton Supporters&#039; Club","robots":{"index":"index","follow":"follow","max-snippet":"max-snippet:-1","max-image-preview":"max-image-preview:large","max-video-preview":"max-video-preview:-1"},"canonical":"https:\/\/evertonfc.cz\/index.php\/news\/odchadza-aj-benitezova-enklava\/","og_locale":"cs_CZ","og_type":"article","og_title":"Odch\u00e1dza aj Ben\u00edtezova enkl\u00e1va - Official Czech &amp; Slovak Everton Supporters&#039; Club","og_description":"Everton na svojovom webe potvrdil, \u017ee Francisco de Miguel Moreno (asistent mana\u017e\u00e9ra prv\u00e9ho t\u00edmu), Antonio Gomez (tr\u00e9ner prv\u00e9ho t\u00edmu a&hellip;","og_url":"https:\/\/evertonfc.cz\/index.php\/news\/odchadza-aj-benitezova-enklava\/","og_site_name":"Official Czech &amp; Slovak Everton Supporters&#039; Club","article_publisher":"https:\/\/www.facebook.com\/everton.fans.cz.sk","twitter_card":"summary_large_image","twitter_misc":{"Odhadovan\u00e1 doba \u010dten\u00ed":"1 minuta"},"schema":{"@context":"https:\/\/schema.org","@graph":[{"@type":"WebPage","@id":"https:\/\/evertonfc.cz\/index.php\/news\/odchadza-aj-benitezova-enklava\/","url":"https:\/\/evertonfc.cz\/index.php\/news\/odchadza-aj-benitezova-enklava\/","name":"Odch\u00e1dza aj Ben\u00edtezova enkl\u00e1va - Official Czech &amp; Slovak Everton Supporters&#039; Club","isPartOf":{"@id":"https:\/\/evertonfc.cz\/#website"},"datePublished":"2022-01-18T12:42:13+00:00","dateModified":"2022-01-18T12:42:13+00:00","breadcrumb":{"@id":"https:\/\/evertonfc.cz\/index.php\/news\/odchadza-aj-benitezova-enklava\/#breadcrumb"},"inLanguage":"cs","potentialAction":[{"@type":"ReadAction","target":["https:\/\/evertonfc.cz\/index.php\/news\/odchadza-aj-benitezova-enklava\/"]}]},{"@type":"BreadcrumbList","@id":"https:\/\/evertonfc.cz\/index.php\/news\/odchadza-aj-benitezova-enklava\/#breadcrumb","itemListElement":[{"@type":"ListItem","position":1,"name":"Home","item":"https:\/\/evertonfc.cz\/"},{"@type":"ListItem","position":2,"name":"News","item":"https:\/\/evertonfc.cz\/index.php\/news\/"},{"@type":"ListItem","position":3,"name":"Odch\u00e1dza aj Ben\u00edtezova enkl\u00e1va"}]},{"@type":"WebSite","@id":"https:\/\/evertonfc.cz\/#website","url":"https:\/\/evertonfc.cz\/","name":"Official Czech &amp; Slovak Everton Supporters&#039; Club","description":"","publisher":{"@id":"https:\/\/evertonfc.cz\/#organization"},"potentialAction":[{"@type":"SearchAction","target":{"@type":"EntryPoint","urlTemplate":"https:\/\/evertonfc.cz\/?s={search_term_string}"},"query-input":{"@type":"PropertyValueSpecification","valueRequired":true,"valueName":"search_term_string"}}],"inLanguage":"cs"},{"@type":"Organization","@id":"https:\/\/evertonfc.cz\/#organization","name":"Official Czech & Slovak Everton Supporters' Club","url":"https:\/\/evertonfc.cz\/","logo":{"@type":"ImageObject","inLanguage":"cs","@id":"https:\/\/evertonfc.cz\/#\/schema\/logo\/image\/","url":"https:\/\/evertonfc.cz\/wp-content\/uploads\/2019\/05\/logo.png","contentUrl":"https:\/\/evertonfc.cz\/wp-content\/uploads\/2019\/05\/logo.png","width":112,"height":112,"caption":"Official Czech & Slovak Everton Supporters' Club"},"image":{"@id":"https:\/\/evertonfc.cz\/#\/schema\/logo\/image\/"},"sameAs":["https:\/\/www.facebook.com\/everton.fans.cz.sk"]}]}},"_links":{"self":[{"href":"https:\/\/evertonfc.cz\/index.php\/wp-json\/wp\/v2\/news\/17508"}],"collection":[{"href":"https:\/\/evertonfc.cz\/index.php\/wp-json\/wp\/v2\/news"}],"about":[{"href":"https:\/\/evertonfc.cz\/index.php\/wp-json\/wp\/v2\/types\/news"}],"author":[{"embeddable":true,"href":"https:\/\/evertonfc.cz\/index.php\/wp-json\/wp\/v2\/users\/1"}],"replies":[{"embeddable":true,"href":"https:\/\/evertonfc.cz\/index.php\/wp-json\/wp\/v2\/comments?post=17508"}],"version-history":[{"count":0,"href":"https:\/\/evertonfc.cz\/index.php\/wp-json\/wp\/v2\/news\/17508\/revisions"}],"wp:attachment":[{"href":"https:\/\/evertonfc.cz\/index.php\/wp-json\/wp\/v2\/media?parent=17508"}],"wp:term":[{"taxonomy":"post_tag","embeddable":true,"href":"https:\/\/evertonfc.cz\/index.php\/wp-json\/wp\/v2\/tags?post=17508"},{"taxonomy":"news-category","embeddable":true,"href":"https:\/\/evertonfc.cz\/index.php\/wp-json\/wp\/v2\/news-category?post=17508"}],"curies":[{"name":"wp","href":"https:\/\/api.w.org\/{rel}","templated":true}]}}