{"id":17510,"date":"2022-01-19T12:51:32","date_gmt":"2022-01-19T11:51:32","guid":{"rendered":"https:\/\/evertonfc.cz\/?post_type=news&#038;p=17510"},"modified":"2022-01-19T13:31:44","modified_gmt":"2022-01-19T12:31:44","slug":"yerry-mina-v-ankete-neobstal","status":"publish","type":"news","link":"https:\/\/evertonfc.cz\/index.php\/news\/yerry-mina-v-ankete-neobstal\/","title":{"rendered":"Yerry Mina v ankete neobst\u00e1l"},"content":{"rendered":"<p>E\u0161te pred za\u010diatkom prestupov\u00e9ho obdobia sme zverejnili anketov\u00fa ot\u00e1zku, ktor\u00e1 sa t\u00fdkala Yerryho Minu. Kolumbijsk\u00fd stop\u00e9r pri\u0161iel do Evertonu v lete 2018. Podpis Marca Silvu a Marcela Brandsa v\u0161ak za kr\u00e1\u013eovsk\u00fa modr\u00fa stihol vinou \u010dast\u00fdch zranen\u00ed odohra\u0165 len 85 z\u00e1pasov vo v\u0161etk\u00fdch s\u00fa\u0165a\u017eiach, s minut\u00e1\u017eou 6 525.<\/p>\n<p>To je podstatne menej ako napr. Lucas Digne, ktor\u00fd str\u00e1vil na Merseyside rovnak\u00fd \u010das. Franc\u00fazsky bek si prip\u00edsal na svoje konto 127 z\u00e1pasov a 11 006 min\u00fat. Preto sa naskyt\u00e1 ot\u00e1zka, \u010di by pre klub nebolo lep\u0161ie spe\u0148a\u017ei\u0165 jeho podstatne men\u0161\u00ed pr\u00ednos za obrovsk\u00fd plat vo v\u00fd\u0161ke \u00a3120 000 t\u00fd\u017edenne, ktor\u00fd \u00fadajne pober\u00e1.<\/p>\n<p>Respondenti na na\u0161om webe svoje n\u00e1zory vyjadrili a ve\u013ek\u00e1 v\u00e4\u010d\u0161ina by jeho odchod schv\u00e1lila, najm\u00e4 v pr\u00edpade n\u00e1hrady. Kompletn\u00e9 v\u00fdsledky ankety ukon\u010denej dnes n\u00e1jdete ni\u017e\u0161ie:<\/p>\n<p class=\"panel-title\"><span style=\"text-decoration: underline;\">Yerry Mina pod\u00e1va stabiln\u00e9 v\u00fdkony, no je v\u00fdrazne n\u00e1chyln\u00fd na zranenia. Mal by ho Everton v janu\u00e1ri preda\u0165?<\/span><\/p>\n<ul>\n<li>24 hlasov (44.44%) &#8211; <strong>Len za adekv\u00e1tnu n\u00e1hradu.<\/strong><\/li>\n<li>17 hlasov (31.48%) &#8211; <strong>Ur\u010dite. Pri jeho plate odohr\u00e1 len ve\u013emi m\u00e1lo.<\/strong><\/li>\n<li>13 hlasov (24.07%) &#8211; <strong>Nie, je to n\u00e1\u0161 najlep\u0161\u00ed stop\u00e9r.<\/strong><\/li>\n<\/ul>\n","protected":false},"excerpt":{"rendered":"<p>E\u0161te pred za\u010diatkom prestupov\u00e9ho obdobia sme zverejnili anketov\u00fa ot\u00e1zku, ktor\u00e1 sa t\u00fdkala Yerryho Minu. Kolumbijsk\u00fd stop\u00e9r pri\u0161iel do Evertonu v&hellip;<\/p>\n","protected":false},"author":1,"featured_media":0,"comment_status":"open","ping_status":"closed","template":"","tags":[],"news-category":[18],"yoast_head":"<!-- This site is optimized with the Yoast SEO plugin v23.4 - https:\/\/yoast.com\/wordpress\/plugins\/seo\/ -->\n<title>Yerry Mina v ankete neobst\u00e1l - Official Czech &amp; Slovak Everton Supporters&#039; Club<\/title>\n<meta name=\"robots\" content=\"index, follow, max-snippet:-1, max-image-preview:large, max-video-preview:-1\" \/>\n<link rel=\"canonical\" href=\"https:\/\/evertonfc.cz\/index.php\/news\/yerry-mina-v-ankete-neobstal\/\" \/>\n<meta property=\"og:locale\" content=\"cs_CZ\" \/>\n<meta property=\"og:type\" content=\"article\" \/>\n<meta property=\"og:title\" content=\"Yerry Mina v ankete neobst\u00e1l - Official Czech &amp; Slovak Everton Supporters&#039; Club\" \/>\n<meta property=\"og:description\" content=\"E\u0161te pred za\u010diatkom prestupov\u00e9ho obdobia sme zverejnili anketov\u00fa ot\u00e1zku, ktor\u00e1 sa t\u00fdkala Yerryho Minu. Kolumbijsk\u00fd stop\u00e9r pri\u0161iel do Evertonu v&hellip;\" \/>\n<meta property=\"og:url\" content=\"https:\/\/evertonfc.cz\/index.php\/news\/yerry-mina-v-ankete-neobstal\/\" \/>\n<meta property=\"og:site_name\" content=\"Official Czech &amp; Slovak Everton Supporters&#039; Club\" \/>\n<meta property=\"article:publisher\" content=\"https:\/\/www.facebook.com\/everton.fans.cz.sk\" \/>\n<meta property=\"article:modified_time\" content=\"2022-01-19T12:31:44+00:00\" \/>\n<meta name=\"twitter:card\" content=\"summary_large_image\" \/>\n<meta name=\"twitter:label1\" content=\"Odhadovan\u00e1 doba \u010dten\u00ed\" \/>\n\t<meta name=\"twitter:data1\" content=\"1 minuta\" \/>\n<script type=\"application\/ld+json\" class=\"yoast-schema-graph\">{\"@context\":\"https:\/\/schema.org\",\"@graph\":[{\"@type\":\"WebPage\",\"@id\":\"https:\/\/evertonfc.cz\/index.php\/news\/yerry-mina-v-ankete-neobstal\/\",\"url\":\"https:\/\/evertonfc.cz\/index.php\/news\/yerry-mina-v-ankete-neobstal\/\",\"name\":\"Yerry Mina v ankete neobst\u00e1l - Official Czech &amp; Slovak Everton Supporters&#039; Club\",\"isPartOf\":{\"@id\":\"https:\/\/evertonfc.cz\/#website\"},\"datePublished\":\"2022-01-19T11:51:32+00:00\",\"dateModified\":\"2022-01-19T12:31:44+00:00\",\"breadcrumb\":{\"@id\":\"https:\/\/evertonfc.cz\/index.php\/news\/yerry-mina-v-ankete-neobstal\/#breadcrumb\"},\"inLanguage\":\"cs\",\"potentialAction\":[{\"@type\":\"ReadAction\",\"target\":[\"https:\/\/evertonfc.cz\/index.php\/news\/yerry-mina-v-ankete-neobstal\/\"]}]},{\"@type\":\"BreadcrumbList\",\"@id\":\"https:\/\/evertonfc.cz\/index.php\/news\/yerry-mina-v-ankete-neobstal\/#breadcrumb\",\"itemListElement\":[{\"@type\":\"ListItem\",\"position\":1,\"name\":\"Home\",\"item\":\"https:\/\/evertonfc.cz\/\"},{\"@type\":\"ListItem\",\"position\":2,\"name\":\"News\",\"item\":\"https:\/\/evertonfc.cz\/index.php\/news\/\"},{\"@type\":\"ListItem\",\"position\":3,\"name\":\"Yerry Mina v ankete neobst\u00e1l\"}]},{\"@type\":\"WebSite\",\"@id\":\"https:\/\/evertonfc.cz\/#website\",\"url\":\"https:\/\/evertonfc.cz\/\",\"name\":\"Official Czech &amp; Slovak Everton Supporters&#039; Club\",\"description\":\"\",\"publisher\":{\"@id\":\"https:\/\/evertonfc.cz\/#organization\"},\"potentialAction\":[{\"@type\":\"SearchAction\",\"target\":{\"@type\":\"EntryPoint\",\"urlTemplate\":\"https:\/\/evertonfc.cz\/?s={search_term_string}\"},\"query-input\":{\"@type\":\"PropertyValueSpecification\",\"valueRequired\":true,\"valueName\":\"search_term_string\"}}],\"inLanguage\":\"cs\"},{\"@type\":\"Organization\",\"@id\":\"https:\/\/evertonfc.cz\/#organization\",\"name\":\"Official Czech & Slovak Everton Supporters' Club\",\"url\":\"https:\/\/evertonfc.cz\/\",\"logo\":{\"@type\":\"ImageObject\",\"inLanguage\":\"cs\",\"@id\":\"https:\/\/evertonfc.cz\/#\/schema\/logo\/image\/\",\"url\":\"https:\/\/evertonfc.cz\/wp-content\/uploads\/2019\/05\/logo.png\",\"contentUrl\":\"https:\/\/evertonfc.cz\/wp-content\/uploads\/2019\/05\/logo.png\",\"width\":112,\"height\":112,\"caption\":\"Official Czech & Slovak Everton Supporters' Club\"},\"image\":{\"@id\":\"https:\/\/evertonfc.cz\/#\/schema\/logo\/image\/\"},\"sameAs\":[\"https:\/\/www.facebook.com\/everton.fans.cz.sk\"]}]}<\/script>\n<!-- \/ Yoast SEO plugin. -->","yoast_head_json":{"title":"Yerry Mina v ankete neobst\u00e1l - Official Czech &amp; Slovak Everton Supporters&#039; Club","robots":{"index":"index","follow":"follow","max-snippet":"max-snippet:-1","max-image-preview":"max-image-preview:large","max-video-preview":"max-video-preview:-1"},"canonical":"https:\/\/evertonfc.cz\/index.php\/news\/yerry-mina-v-ankete-neobstal\/","og_locale":"cs_CZ","og_type":"article","og_title":"Yerry Mina v ankete neobst\u00e1l - Official Czech &amp; Slovak Everton Supporters&#039; Club","og_description":"E\u0161te pred za\u010diatkom prestupov\u00e9ho obdobia sme zverejnili anketov\u00fa ot\u00e1zku, ktor\u00e1 sa t\u00fdkala Yerryho Minu. Kolumbijsk\u00fd stop\u00e9r pri\u0161iel do Evertonu v&hellip;","og_url":"https:\/\/evertonfc.cz\/index.php\/news\/yerry-mina-v-ankete-neobstal\/","og_site_name":"Official Czech &amp; Slovak Everton Supporters&#039; Club","article_publisher":"https:\/\/www.facebook.com\/everton.fans.cz.sk","article_modified_time":"2022-01-19T12:31:44+00:00","twitter_card":"summary_large_image","twitter_misc":{"Odhadovan\u00e1 doba \u010dten\u00ed":"1 minuta"},"schema":{"@context":"https:\/\/schema.org","@graph":[{"@type":"WebPage","@id":"https:\/\/evertonfc.cz\/index.php\/news\/yerry-mina-v-ankete-neobstal\/","url":"https:\/\/evertonfc.cz\/index.php\/news\/yerry-mina-v-ankete-neobstal\/","name":"Yerry Mina v ankete neobst\u00e1l - Official Czech &amp; Slovak Everton Supporters&#039; Club","isPartOf":{"@id":"https:\/\/evertonfc.cz\/#website"},"datePublished":"2022-01-19T11:51:32+00:00","dateModified":"2022-01-19T12:31:44+00:00","breadcrumb":{"@id":"https:\/\/evertonfc.cz\/index.php\/news\/yerry-mina-v-ankete-neobstal\/#breadcrumb"},"inLanguage":"cs","potentialAction":[{"@type":"ReadAction","target":["https:\/\/evertonfc.cz\/index.php\/news\/yerry-mina-v-ankete-neobstal\/"]}]},{"@type":"BreadcrumbList","@id":"https:\/\/evertonfc.cz\/index.php\/news\/yerry-mina-v-ankete-neobstal\/#breadcrumb","itemListElement":[{"@type":"ListItem","position":1,"name":"Home","item":"https:\/\/evertonfc.cz\/"},{"@type":"ListItem","position":2,"name":"News","item":"https:\/\/evertonfc.cz\/index.php\/news\/"},{"@type":"ListItem","position":3,"name":"Yerry Mina v ankete neobst\u00e1l"}]},{"@type":"WebSite","@id":"https:\/\/evertonfc.cz\/#website","url":"https:\/\/evertonfc.cz\/","name":"Official Czech &amp; Slovak Everton Supporters&#039; Club","description":"","publisher":{"@id":"https:\/\/evertonfc.cz\/#organization"},"potentialAction":[{"@type":"SearchAction","target":{"@type":"EntryPoint","urlTemplate":"https:\/\/evertonfc.cz\/?s={search_term_string}"},"query-input":{"@type":"PropertyValueSpecification","valueRequired":true,"valueName":"search_term_string"}}],"inLanguage":"cs"},{"@type":"Organization","@id":"https:\/\/evertonfc.cz\/#organization","name":"Official Czech & Slovak Everton Supporters' Club","url":"https:\/\/evertonfc.cz\/","logo":{"@type":"ImageObject","inLanguage":"cs","@id":"https:\/\/evertonfc.cz\/#\/schema\/logo\/image\/","url":"https:\/\/evertonfc.cz\/wp-content\/uploads\/2019\/05\/logo.png","contentUrl":"https:\/\/evertonfc.cz\/wp-content\/uploads\/2019\/05\/logo.png","width":112,"height":112,"caption":"Official Czech & Slovak Everton Supporters' Club"},"image":{"@id":"https:\/\/evertonfc.cz\/#\/schema\/logo\/image\/"},"sameAs":["https:\/\/www.facebook.com\/everton.fans.cz.sk"]}]}},"_links":{"self":[{"href":"https:\/\/evertonfc.cz\/index.php\/wp-json\/wp\/v2\/news\/17510"}],"collection":[{"href":"https:\/\/evertonfc.cz\/index.php\/wp-json\/wp\/v2\/news"}],"about":[{"href":"https:\/\/evertonfc.cz\/index.php\/wp-json\/wp\/v2\/types\/news"}],"author":[{"embeddable":true,"href":"https:\/\/evertonfc.cz\/index.php\/wp-json\/wp\/v2\/users\/1"}],"replies":[{"embeddable":true,"href":"https:\/\/evertonfc.cz\/index.php\/wp-json\/wp\/v2\/comments?post=17510"}],"version-history":[{"count":1,"href":"https:\/\/evertonfc.cz\/index.php\/wp-json\/wp\/v2\/news\/17510\/revisions"}],"predecessor-version":[{"id":17511,"href":"https:\/\/evertonfc.cz\/index.php\/wp-json\/wp\/v2\/news\/17510\/revisions\/17511"}],"wp:attachment":[{"href":"https:\/\/evertonfc.cz\/index.php\/wp-json\/wp\/v2\/media?parent=17510"}],"wp:term":[{"taxonomy":"post_tag","embeddable":true,"href":"https:\/\/evertonfc.cz\/index.php\/wp-json\/wp\/v2\/tags?post=17510"},{"taxonomy":"news-category","embeddable":true,"href":"https:\/\/evertonfc.cz\/index.php\/wp-json\/wp\/v2\/news-category?post=17510"}],"curies":[{"name":"wp","href":"https:\/\/api.w.org\/{rel}","templated":true}]}}