{"id":17746,"date":"2022-02-07T09:31:41","date_gmt":"2022-02-07T08:31:41","guid":{"rendered":"https:\/\/evertonfc.cz\/?post_type=news&#038;p=17746"},"modified":"2022-02-07T09:31:41","modified_gmt":"2022-02-07T08:31:41","slug":"v-ankete-dominoval-ferguson","status":"publish","type":"news","link":"https:\/\/evertonfc.cz\/index.php\/news\/v-ankete-dominoval-ferguson\/","title":{"rendered":"V ankete dominoval Ferguson"},"content":{"rendered":"<p>Po odchode Rafaela Ben\u00edteza z postu mana\u017e\u00e9ra prv\u00e9ho t\u00edmu Evertonu sme sa v\u00e1s v ankete p\u00fdtali, kto by ho mal nahradi\u0165. U\u017e\u0161\u00ed okruh kandid\u00e1tov bol m\u00e9di\u00e1m hne\u010f jasn\u00fd, hoci \u010dierny k\u00f4\u0148 v podobe portugalsk\u00e9ho tr\u00e9nera V\u00edtora Pereiru sa objavil a\u017e nesk\u00f4r. A kv\u00f4li tomu nebol ani v mo\u017enostiach ankety.<\/p>\n<p>Ve\u013ek\u00e1 v\u00e4\u010d\u0161ina fan\u00fa\u0161ikov aj tak reflektovala potrebu privies\u0165 do klubu dom\u00e1cu tv\u00e1r, najlep\u0161ie s modrou krvou. Po polroku decim\u00e1cie a hanby s Ben\u00edtezom, \u010doby ex-mana\u017e\u00e9rom najv\u00e4\u010d\u0161iho rilava, sa to dalo \u010daka\u0165. \u00daplne sa to v\u0161ak nevyplnilo, hoci Evertonians sa s\u0165a\u017eova\u0165 ve\u013emi nem\u00f4\u017eu. Pr\u00e1ve naopak. Frank Lampard je plne podporovan\u00fd, ako ukazuj\u00fa aj na\u0161e kompletn\u00e9 v\u00fdsledky ankety, ktor\u00e9 m\u00f4\u017eete vidie\u0165 ni\u017e\u0161ie:<\/p>\n<p class=\"panel-title\"><span style=\"text-decoration: underline;\">Kto by sa pod\u013ea v\u00e1s mal sta\u0165 nov\u00fdm permanentn\u00fdm mana\u017e\u00e9rom Evertonu po vyhadzove Rafaela Ben\u00edteza?<\/span><\/p>\n<ul>\n<li>20 hlasov (31.75%) &#8211; <strong>Duncan Ferguson<\/strong><\/li>\n<li>19 hlasov (30.16%) &#8211; <strong>Frank Lampard<\/strong><\/li>\n<li>15 hlasov (23.81%) &#8211; <strong>Wayne Rooney<\/strong><\/li>\n<li>6 hlasov (9.52%) &#8211; <strong>Rudi Garcia<\/strong><\/li>\n<li>3 hlasov (4.76%) &#8211; <strong>Roberto Mart\u00ednez<\/strong><\/li>\n<\/ul>\n","protected":false},"excerpt":{"rendered":"<p>Po odchode Rafaela Ben\u00edteza z postu mana\u017e\u00e9ra prv\u00e9ho t\u00edmu Evertonu sme sa v\u00e1s v ankete p\u00fdtali, kto by ho mal&hellip;<\/p>\n","protected":false},"author":1,"featured_media":0,"comment_status":"open","ping_status":"closed","template":"","tags":[],"news-category":[18],"yoast_head":"<!-- This site is optimized with the Yoast SEO plugin v23.4 - https:\/\/yoast.com\/wordpress\/plugins\/seo\/ -->\n<title>V ankete dominoval Ferguson - Official Czech &amp; Slovak Everton Supporters&#039; Club<\/title>\n<meta name=\"robots\" content=\"index, follow, max-snippet:-1, max-image-preview:large, max-video-preview:-1\" \/>\n<link rel=\"canonical\" href=\"https:\/\/evertonfc.cz\/index.php\/news\/v-ankete-dominoval-ferguson\/\" \/>\n<meta property=\"og:locale\" content=\"cs_CZ\" \/>\n<meta property=\"og:type\" content=\"article\" \/>\n<meta property=\"og:title\" content=\"V ankete dominoval Ferguson - Official Czech &amp; Slovak Everton Supporters&#039; Club\" \/>\n<meta property=\"og:description\" content=\"Po odchode Rafaela Ben\u00edteza z postu mana\u017e\u00e9ra prv\u00e9ho t\u00edmu Evertonu sme sa v\u00e1s v ankete p\u00fdtali, kto by ho mal&hellip;\" \/>\n<meta property=\"og:url\" content=\"https:\/\/evertonfc.cz\/index.php\/news\/v-ankete-dominoval-ferguson\/\" \/>\n<meta property=\"og:site_name\" content=\"Official Czech &amp; Slovak Everton Supporters&#039; Club\" \/>\n<meta property=\"article:publisher\" content=\"https:\/\/www.facebook.com\/everton.fans.cz.sk\" \/>\n<meta name=\"twitter:card\" content=\"summary_large_image\" \/>\n<meta name=\"twitter:label1\" content=\"Odhadovan\u00e1 doba \u010dten\u00ed\" \/>\n\t<meta name=\"twitter:data1\" content=\"1 minuta\" \/>\n<script type=\"application\/ld+json\" class=\"yoast-schema-graph\">{\"@context\":\"https:\/\/schema.org\",\"@graph\":[{\"@type\":\"WebPage\",\"@id\":\"https:\/\/evertonfc.cz\/index.php\/news\/v-ankete-dominoval-ferguson\/\",\"url\":\"https:\/\/evertonfc.cz\/index.php\/news\/v-ankete-dominoval-ferguson\/\",\"name\":\"V ankete dominoval Ferguson - Official Czech &amp; Slovak Everton Supporters&#039; Club\",\"isPartOf\":{\"@id\":\"https:\/\/evertonfc.cz\/#website\"},\"datePublished\":\"2022-02-07T08:31:41+00:00\",\"dateModified\":\"2022-02-07T08:31:41+00:00\",\"breadcrumb\":{\"@id\":\"https:\/\/evertonfc.cz\/index.php\/news\/v-ankete-dominoval-ferguson\/#breadcrumb\"},\"inLanguage\":\"cs\",\"potentialAction\":[{\"@type\":\"ReadAction\",\"target\":[\"https:\/\/evertonfc.cz\/index.php\/news\/v-ankete-dominoval-ferguson\/\"]}]},{\"@type\":\"BreadcrumbList\",\"@id\":\"https:\/\/evertonfc.cz\/index.php\/news\/v-ankete-dominoval-ferguson\/#breadcrumb\",\"itemListElement\":[{\"@type\":\"ListItem\",\"position\":1,\"name\":\"Home\",\"item\":\"https:\/\/evertonfc.cz\/\"},{\"@type\":\"ListItem\",\"position\":2,\"name\":\"News\",\"item\":\"https:\/\/evertonfc.cz\/index.php\/news\/\"},{\"@type\":\"ListItem\",\"position\":3,\"name\":\"V ankete dominoval Ferguson\"}]},{\"@type\":\"WebSite\",\"@id\":\"https:\/\/evertonfc.cz\/#website\",\"url\":\"https:\/\/evertonfc.cz\/\",\"name\":\"Official Czech &amp; Slovak Everton Supporters&#039; Club\",\"description\":\"\",\"publisher\":{\"@id\":\"https:\/\/evertonfc.cz\/#organization\"},\"potentialAction\":[{\"@type\":\"SearchAction\",\"target\":{\"@type\":\"EntryPoint\",\"urlTemplate\":\"https:\/\/evertonfc.cz\/?s={search_term_string}\"},\"query-input\":{\"@type\":\"PropertyValueSpecification\",\"valueRequired\":true,\"valueName\":\"search_term_string\"}}],\"inLanguage\":\"cs\"},{\"@type\":\"Organization\",\"@id\":\"https:\/\/evertonfc.cz\/#organization\",\"name\":\"Official Czech & Slovak Everton Supporters' Club\",\"url\":\"https:\/\/evertonfc.cz\/\",\"logo\":{\"@type\":\"ImageObject\",\"inLanguage\":\"cs\",\"@id\":\"https:\/\/evertonfc.cz\/#\/schema\/logo\/image\/\",\"url\":\"https:\/\/evertonfc.cz\/wp-content\/uploads\/2019\/05\/logo.png\",\"contentUrl\":\"https:\/\/evertonfc.cz\/wp-content\/uploads\/2019\/05\/logo.png\",\"width\":112,\"height\":112,\"caption\":\"Official Czech & Slovak Everton Supporters' Club\"},\"image\":{\"@id\":\"https:\/\/evertonfc.cz\/#\/schema\/logo\/image\/\"},\"sameAs\":[\"https:\/\/www.facebook.com\/everton.fans.cz.sk\"]}]}<\/script>\n<!-- \/ Yoast SEO plugin. -->","yoast_head_json":{"title":"V ankete dominoval Ferguson - Official Czech &amp; Slovak Everton Supporters&#039; Club","robots":{"index":"index","follow":"follow","max-snippet":"max-snippet:-1","max-image-preview":"max-image-preview:large","max-video-preview":"max-video-preview:-1"},"canonical":"https:\/\/evertonfc.cz\/index.php\/news\/v-ankete-dominoval-ferguson\/","og_locale":"cs_CZ","og_type":"article","og_title":"V ankete dominoval Ferguson - Official Czech &amp; Slovak Everton Supporters&#039; Club","og_description":"Po odchode Rafaela Ben\u00edteza z postu mana\u017e\u00e9ra prv\u00e9ho t\u00edmu Evertonu sme sa v\u00e1s v ankete p\u00fdtali, kto by ho mal&hellip;","og_url":"https:\/\/evertonfc.cz\/index.php\/news\/v-ankete-dominoval-ferguson\/","og_site_name":"Official Czech &amp; Slovak Everton Supporters&#039; Club","article_publisher":"https:\/\/www.facebook.com\/everton.fans.cz.sk","twitter_card":"summary_large_image","twitter_misc":{"Odhadovan\u00e1 doba \u010dten\u00ed":"1 minuta"},"schema":{"@context":"https:\/\/schema.org","@graph":[{"@type":"WebPage","@id":"https:\/\/evertonfc.cz\/index.php\/news\/v-ankete-dominoval-ferguson\/","url":"https:\/\/evertonfc.cz\/index.php\/news\/v-ankete-dominoval-ferguson\/","name":"V ankete dominoval Ferguson - Official Czech &amp; Slovak Everton Supporters&#039; Club","isPartOf":{"@id":"https:\/\/evertonfc.cz\/#website"},"datePublished":"2022-02-07T08:31:41+00:00","dateModified":"2022-02-07T08:31:41+00:00","breadcrumb":{"@id":"https:\/\/evertonfc.cz\/index.php\/news\/v-ankete-dominoval-ferguson\/#breadcrumb"},"inLanguage":"cs","potentialAction":[{"@type":"ReadAction","target":["https:\/\/evertonfc.cz\/index.php\/news\/v-ankete-dominoval-ferguson\/"]}]},{"@type":"BreadcrumbList","@id":"https:\/\/evertonfc.cz\/index.php\/news\/v-ankete-dominoval-ferguson\/#breadcrumb","itemListElement":[{"@type":"ListItem","position":1,"name":"Home","item":"https:\/\/evertonfc.cz\/"},{"@type":"ListItem","position":2,"name":"News","item":"https:\/\/evertonfc.cz\/index.php\/news\/"},{"@type":"ListItem","position":3,"name":"V ankete dominoval Ferguson"}]},{"@type":"WebSite","@id":"https:\/\/evertonfc.cz\/#website","url":"https:\/\/evertonfc.cz\/","name":"Official Czech &amp; Slovak Everton Supporters&#039; Club","description":"","publisher":{"@id":"https:\/\/evertonfc.cz\/#organization"},"potentialAction":[{"@type":"SearchAction","target":{"@type":"EntryPoint","urlTemplate":"https:\/\/evertonfc.cz\/?s={search_term_string}"},"query-input":{"@type":"PropertyValueSpecification","valueRequired":true,"valueName":"search_term_string"}}],"inLanguage":"cs"},{"@type":"Organization","@id":"https:\/\/evertonfc.cz\/#organization","name":"Official Czech & Slovak Everton Supporters' Club","url":"https:\/\/evertonfc.cz\/","logo":{"@type":"ImageObject","inLanguage":"cs","@id":"https:\/\/evertonfc.cz\/#\/schema\/logo\/image\/","url":"https:\/\/evertonfc.cz\/wp-content\/uploads\/2019\/05\/logo.png","contentUrl":"https:\/\/evertonfc.cz\/wp-content\/uploads\/2019\/05\/logo.png","width":112,"height":112,"caption":"Official Czech & Slovak Everton Supporters' Club"},"image":{"@id":"https:\/\/evertonfc.cz\/#\/schema\/logo\/image\/"},"sameAs":["https:\/\/www.facebook.com\/everton.fans.cz.sk"]}]}},"_links":{"self":[{"href":"https:\/\/evertonfc.cz\/index.php\/wp-json\/wp\/v2\/news\/17746"}],"collection":[{"href":"https:\/\/evertonfc.cz\/index.php\/wp-json\/wp\/v2\/news"}],"about":[{"href":"https:\/\/evertonfc.cz\/index.php\/wp-json\/wp\/v2\/types\/news"}],"author":[{"embeddable":true,"href":"https:\/\/evertonfc.cz\/index.php\/wp-json\/wp\/v2\/users\/1"}],"replies":[{"embeddable":true,"href":"https:\/\/evertonfc.cz\/index.php\/wp-json\/wp\/v2\/comments?post=17746"}],"version-history":[{"count":0,"href":"https:\/\/evertonfc.cz\/index.php\/wp-json\/wp\/v2\/news\/17746\/revisions"}],"wp:attachment":[{"href":"https:\/\/evertonfc.cz\/index.php\/wp-json\/wp\/v2\/media?parent=17746"}],"wp:term":[{"taxonomy":"post_tag","embeddable":true,"href":"https:\/\/evertonfc.cz\/index.php\/wp-json\/wp\/v2\/tags?post=17746"},{"taxonomy":"news-category","embeddable":true,"href":"https:\/\/evertonfc.cz\/index.php\/wp-json\/wp\/v2\/news-category?post=17746"}],"curies":[{"name":"wp","href":"https:\/\/api.w.org\/{rel}","templated":true}]}}