{"id":17797,"date":"2022-02-11T16:18:31","date_gmt":"2022-02-11T15:18:31","guid":{"rendered":"https:\/\/evertonfc.cz\/?post_type=news&#038;p=17797"},"modified":"2022-02-11T16:19:19","modified_gmt":"2022-02-11T15:19:19","slug":"lampard-o-debute-dele-alliho","status":"publish","type":"news","link":"https:\/\/evertonfc.cz\/index.php\/news\/lampard-o-debute-dele-alliho\/","title":{"rendered":"Lampard o debute Dele Alliho"},"content":{"rendered":"<p>Dele Alli si pri svojvom debute v EFC za 65 min\u00fat na ihrisku prip\u00edsal 3 driblingy, 1 strelu a 2 vytvoren\u00e9 \u0161ance. Presnos\u0165 prihr\u00e1vok mal na \u00farovni 59%. V defenz\u00edve vyhral 2 s\u00faboje, 1 zachytenie prihr\u00e1vky a 1 blok. Pred prestupovom do EFC odohral v tejto sez\u00f3ne len 1 042 min\u00fat v 18 z\u00e1pasoch 4 rozli\u010dn\u00fdch s\u00fa\u0165a\u017e\u00ed. Naposledy 28. decembra. Frank Lampard na\u0148ho po z\u00e1pase ani na dne\u0161nej tla\u010dovke nevyv\u00edjal zbyto\u010dn\u00fd tlak:<\/p>\n<p><em>\u201eV pr\u00edpade Deleho tam op\u00e4\u0165 bolo nieko\u013eko pekn\u00fdch k\u00faskov, ale \u017eiadame od neho ve\u013ea, ke\u010f o\u010dak\u00e1vame, \u017ee sa okam\u017eite rozbehne. S\u00fa tam momenty, mal\u00e9 n\u00e1behy, po ktor\u00fdch sa skoro dostal do \u0161ance, alebo jeho kombina\u010dn\u00e1 hra. Porozumenie so zvy\u0161kom t\u00edmu mu bude chv\u00ed\u013eu trva\u0165.&#8220;<\/em><\/p>\n<p><em>\u201eVid\u00edte, \u017ee Newcastle priviedol do k\u00e1dra nov\u00fdch hr\u00e1\u010dov, nechal ich na lavi\u010dke a poslal ich a\u017e neskoro do z\u00e1pasu, preto\u017ee niekedy potrebujete zachova\u0165 trochu kontinuity pre dobro v\u0161etk\u00fdch.&#8220;<\/em><\/p>\n<p><em>\u201eMysl\u00edm, \u017ee tam boli z\u00e1blesky Deleho, ako ho pozn\u00e1me, to je pochopite\u013en\u00e9. Ten v\u00fdkon ho posunie \u010falej. Mus\u00edme pracova\u0165 a je na mne, aby som na\u0161iel spr\u00e1vny \u010das, kedy ho privies\u0165. Nemali by sme o\u010dak\u00e1va\u0165 okam\u017eit\u00e9 reakcie od hr\u00e1\u010da, ktor\u00fd to\u013eko nehral. V bud\u00facnosti chce by\u0165 pre n\u00e1s ve\u013ek\u00fdm hr\u00e1\u010dom.&#8220;<\/em><\/p>\n","protected":false},"excerpt":{"rendered":"<p>Dele Alli si pri svojvom debute v EFC za 65 min\u00fat na ihrisku prip\u00edsal 3 driblingy, 1 strelu a 2&hellip;<\/p>\n","protected":false},"author":1,"featured_media":0,"comment_status":"open","ping_status":"closed","template":"","tags":[],"news-category":[18],"yoast_head":"<!-- This site is optimized with the Yoast SEO plugin v23.4 - https:\/\/yoast.com\/wordpress\/plugins\/seo\/ -->\n<title>Lampard o debute Dele Alliho - Official Czech &amp; Slovak Everton Supporters&#039; Club<\/title>\n<meta name=\"robots\" content=\"index, follow, max-snippet:-1, max-image-preview:large, max-video-preview:-1\" \/>\n<link rel=\"canonical\" href=\"https:\/\/evertonfc.cz\/index.php\/news\/lampard-o-debute-dele-alliho\/\" \/>\n<meta property=\"og:locale\" content=\"cs_CZ\" \/>\n<meta property=\"og:type\" content=\"article\" \/>\n<meta property=\"og:title\" content=\"Lampard o debute Dele Alliho - Official Czech &amp; Slovak Everton Supporters&#039; Club\" \/>\n<meta property=\"og:description\" content=\"Dele Alli si pri svojvom debute v EFC za 65 min\u00fat na ihrisku prip\u00edsal 3 driblingy, 1 strelu a 2&hellip;\" \/>\n<meta property=\"og:url\" content=\"https:\/\/evertonfc.cz\/index.php\/news\/lampard-o-debute-dele-alliho\/\" \/>\n<meta property=\"og:site_name\" content=\"Official Czech &amp; Slovak Everton Supporters&#039; Club\" \/>\n<meta property=\"article:publisher\" content=\"https:\/\/www.facebook.com\/everton.fans.cz.sk\" \/>\n<meta property=\"article:modified_time\" content=\"2022-02-11T15:19:19+00:00\" \/>\n<meta name=\"twitter:card\" content=\"summary_large_image\" \/>\n<meta name=\"twitter:label1\" content=\"Odhadovan\u00e1 doba \u010dten\u00ed\" \/>\n\t<meta name=\"twitter:data1\" content=\"1 minuta\" \/>\n<script type=\"application\/ld+json\" class=\"yoast-schema-graph\">{\"@context\":\"https:\/\/schema.org\",\"@graph\":[{\"@type\":\"WebPage\",\"@id\":\"https:\/\/evertonfc.cz\/index.php\/news\/lampard-o-debute-dele-alliho\/\",\"url\":\"https:\/\/evertonfc.cz\/index.php\/news\/lampard-o-debute-dele-alliho\/\",\"name\":\"Lampard o debute Dele Alliho - Official Czech &amp; Slovak Everton Supporters&#039; Club\",\"isPartOf\":{\"@id\":\"https:\/\/evertonfc.cz\/#website\"},\"datePublished\":\"2022-02-11T15:18:31+00:00\",\"dateModified\":\"2022-02-11T15:19:19+00:00\",\"breadcrumb\":{\"@id\":\"https:\/\/evertonfc.cz\/index.php\/news\/lampard-o-debute-dele-alliho\/#breadcrumb\"},\"inLanguage\":\"cs\",\"potentialAction\":[{\"@type\":\"ReadAction\",\"target\":[\"https:\/\/evertonfc.cz\/index.php\/news\/lampard-o-debute-dele-alliho\/\"]}]},{\"@type\":\"BreadcrumbList\",\"@id\":\"https:\/\/evertonfc.cz\/index.php\/news\/lampard-o-debute-dele-alliho\/#breadcrumb\",\"itemListElement\":[{\"@type\":\"ListItem\",\"position\":1,\"name\":\"Home\",\"item\":\"https:\/\/evertonfc.cz\/\"},{\"@type\":\"ListItem\",\"position\":2,\"name\":\"News\",\"item\":\"https:\/\/evertonfc.cz\/index.php\/news\/\"},{\"@type\":\"ListItem\",\"position\":3,\"name\":\"Lampard o debute Dele Alliho\"}]},{\"@type\":\"WebSite\",\"@id\":\"https:\/\/evertonfc.cz\/#website\",\"url\":\"https:\/\/evertonfc.cz\/\",\"name\":\"Official Czech &amp; Slovak Everton Supporters&#039; Club\",\"description\":\"\",\"publisher\":{\"@id\":\"https:\/\/evertonfc.cz\/#organization\"},\"potentialAction\":[{\"@type\":\"SearchAction\",\"target\":{\"@type\":\"EntryPoint\",\"urlTemplate\":\"https:\/\/evertonfc.cz\/?s={search_term_string}\"},\"query-input\":{\"@type\":\"PropertyValueSpecification\",\"valueRequired\":true,\"valueName\":\"search_term_string\"}}],\"inLanguage\":\"cs\"},{\"@type\":\"Organization\",\"@id\":\"https:\/\/evertonfc.cz\/#organization\",\"name\":\"Official Czech & Slovak Everton Supporters' Club\",\"url\":\"https:\/\/evertonfc.cz\/\",\"logo\":{\"@type\":\"ImageObject\",\"inLanguage\":\"cs\",\"@id\":\"https:\/\/evertonfc.cz\/#\/schema\/logo\/image\/\",\"url\":\"https:\/\/evertonfc.cz\/wp-content\/uploads\/2019\/05\/logo.png\",\"contentUrl\":\"https:\/\/evertonfc.cz\/wp-content\/uploads\/2019\/05\/logo.png\",\"width\":112,\"height\":112,\"caption\":\"Official Czech & Slovak Everton Supporters' Club\"},\"image\":{\"@id\":\"https:\/\/evertonfc.cz\/#\/schema\/logo\/image\/\"},\"sameAs\":[\"https:\/\/www.facebook.com\/everton.fans.cz.sk\"]}]}<\/script>\n<!-- \/ Yoast SEO plugin. -->","yoast_head_json":{"title":"Lampard o debute Dele Alliho - Official Czech &amp; Slovak Everton Supporters&#039; Club","robots":{"index":"index","follow":"follow","max-snippet":"max-snippet:-1","max-image-preview":"max-image-preview:large","max-video-preview":"max-video-preview:-1"},"canonical":"https:\/\/evertonfc.cz\/index.php\/news\/lampard-o-debute-dele-alliho\/","og_locale":"cs_CZ","og_type":"article","og_title":"Lampard o debute Dele Alliho - Official Czech &amp; Slovak Everton Supporters&#039; Club","og_description":"Dele Alli si pri svojvom debute v EFC za 65 min\u00fat na ihrisku prip\u00edsal 3 driblingy, 1 strelu a 2&hellip;","og_url":"https:\/\/evertonfc.cz\/index.php\/news\/lampard-o-debute-dele-alliho\/","og_site_name":"Official Czech &amp; Slovak Everton Supporters&#039; Club","article_publisher":"https:\/\/www.facebook.com\/everton.fans.cz.sk","article_modified_time":"2022-02-11T15:19:19+00:00","twitter_card":"summary_large_image","twitter_misc":{"Odhadovan\u00e1 doba \u010dten\u00ed":"1 minuta"},"schema":{"@context":"https:\/\/schema.org","@graph":[{"@type":"WebPage","@id":"https:\/\/evertonfc.cz\/index.php\/news\/lampard-o-debute-dele-alliho\/","url":"https:\/\/evertonfc.cz\/index.php\/news\/lampard-o-debute-dele-alliho\/","name":"Lampard o debute Dele Alliho - Official Czech &amp; Slovak Everton Supporters&#039; Club","isPartOf":{"@id":"https:\/\/evertonfc.cz\/#website"},"datePublished":"2022-02-11T15:18:31+00:00","dateModified":"2022-02-11T15:19:19+00:00","breadcrumb":{"@id":"https:\/\/evertonfc.cz\/index.php\/news\/lampard-o-debute-dele-alliho\/#breadcrumb"},"inLanguage":"cs","potentialAction":[{"@type":"ReadAction","target":["https:\/\/evertonfc.cz\/index.php\/news\/lampard-o-debute-dele-alliho\/"]}]},{"@type":"BreadcrumbList","@id":"https:\/\/evertonfc.cz\/index.php\/news\/lampard-o-debute-dele-alliho\/#breadcrumb","itemListElement":[{"@type":"ListItem","position":1,"name":"Home","item":"https:\/\/evertonfc.cz\/"},{"@type":"ListItem","position":2,"name":"News","item":"https:\/\/evertonfc.cz\/index.php\/news\/"},{"@type":"ListItem","position":3,"name":"Lampard o debute Dele Alliho"}]},{"@type":"WebSite","@id":"https:\/\/evertonfc.cz\/#website","url":"https:\/\/evertonfc.cz\/","name":"Official Czech &amp; Slovak Everton Supporters&#039; Club","description":"","publisher":{"@id":"https:\/\/evertonfc.cz\/#organization"},"potentialAction":[{"@type":"SearchAction","target":{"@type":"EntryPoint","urlTemplate":"https:\/\/evertonfc.cz\/?s={search_term_string}"},"query-input":{"@type":"PropertyValueSpecification","valueRequired":true,"valueName":"search_term_string"}}],"inLanguage":"cs"},{"@type":"Organization","@id":"https:\/\/evertonfc.cz\/#organization","name":"Official Czech & Slovak Everton Supporters' Club","url":"https:\/\/evertonfc.cz\/","logo":{"@type":"ImageObject","inLanguage":"cs","@id":"https:\/\/evertonfc.cz\/#\/schema\/logo\/image\/","url":"https:\/\/evertonfc.cz\/wp-content\/uploads\/2019\/05\/logo.png","contentUrl":"https:\/\/evertonfc.cz\/wp-content\/uploads\/2019\/05\/logo.png","width":112,"height":112,"caption":"Official Czech & Slovak Everton Supporters' Club"},"image":{"@id":"https:\/\/evertonfc.cz\/#\/schema\/logo\/image\/"},"sameAs":["https:\/\/www.facebook.com\/everton.fans.cz.sk"]}]}},"_links":{"self":[{"href":"https:\/\/evertonfc.cz\/index.php\/wp-json\/wp\/v2\/news\/17797"}],"collection":[{"href":"https:\/\/evertonfc.cz\/index.php\/wp-json\/wp\/v2\/news"}],"about":[{"href":"https:\/\/evertonfc.cz\/index.php\/wp-json\/wp\/v2\/types\/news"}],"author":[{"embeddable":true,"href":"https:\/\/evertonfc.cz\/index.php\/wp-json\/wp\/v2\/users\/1"}],"replies":[{"embeddable":true,"href":"https:\/\/evertonfc.cz\/index.php\/wp-json\/wp\/v2\/comments?post=17797"}],"version-history":[{"count":0,"href":"https:\/\/evertonfc.cz\/index.php\/wp-json\/wp\/v2\/news\/17797\/revisions"}],"wp:attachment":[{"href":"https:\/\/evertonfc.cz\/index.php\/wp-json\/wp\/v2\/media?parent=17797"}],"wp:term":[{"taxonomy":"post_tag","embeddable":true,"href":"https:\/\/evertonfc.cz\/index.php\/wp-json\/wp\/v2\/tags?post=17797"},{"taxonomy":"news-category","embeddable":true,"href":"https:\/\/evertonfc.cz\/index.php\/wp-json\/wp\/v2\/news-category?post=17797"}],"curies":[{"name":"wp","href":"https:\/\/api.w.org\/{rel}","templated":true}]}}