{"id":17963,"date":"2022-03-02T16:39:54","date_gmt":"2022-03-02T15:39:54","guid":{"rendered":"https:\/\/evertonfc.cz\/?post_type=news&#038;p=17963"},"modified":"2022-03-02T16:39:54","modified_gmt":"2022-03-02T15:39:54","slug":"pgmol-sa-ospravedlnil","status":"publish","type":"news","link":"https:\/\/evertonfc.cz\/index.php\/news\/pgmol-sa-ospravedlnil\/","title":{"rendered":"PGMOL sa ospravedlnil"},"content":{"rendered":"<p>Skupina zdru\u017euj\u00faca rozhodcov profesion\u00e1lnych l\u00edg v Anglicku sa v\u010dera ospravedlnila Evertonu. Klub toti\u017e v pondelok podal ofici\u00e1lnu s\u0165a\u017enos\u0165. Gener\u00e1lny riadite\u013e PGMOL Mike Riley osobne zatelefonoval predsedovi Billovi Kenwrightovi, a aj mana\u017e\u00e9rovi Frankovi Lampardovi, aby sa ospravedlnil za nespr\u00e1vne rozhodnutie VARu neudeli\u0165 pokutov\u00fd kop v prospech Evertonu v sobot\u0148aj\u0161om z\u00e1pase proti Manchestru City, ktor\u00fd skon\u010dil prehrou 0:1.<\/p>\n<p>Rozhodca Paul Tierney a VAR rozhodca Chris Kavanagh po\u010das duelu odmietli tvrdenia hr\u00e1\u010dov a fan\u00fa\u0161ikov Evertonu napriek tomu, \u017ee lopta jasne zasiahla v \u0161estn\u00e1stke rameno Rodriho zo City. Neprebehla ani kontrola na monitore. Frank Lampard po z\u00e1pase neskr\u00fdval zlos\u0165. A Ashley Cole za protesty dokonca inkasoval \u017elt\u00fa kartu. Pep Guardiola nesk\u00f4r tie\u017e priznal, \u017ee ak to nebola situ\u00e1cia v ofsajde, \u010do nebola, mala sa kopa\u0165 penalta.<\/p>\n","protected":false},"excerpt":{"rendered":"<p>Skupina zdru\u017euj\u00faca rozhodcov profesion\u00e1lnych l\u00edg v Anglicku sa v\u010dera ospravedlnila Evertonu. Klub toti\u017e v pondelok podal ofici\u00e1lnu s\u0165a\u017enos\u0165. Gener\u00e1lny riadite\u013e&hellip;<\/p>\n","protected":false},"author":1,"featured_media":0,"comment_status":"open","ping_status":"closed","template":"","tags":[],"news-category":[18],"yoast_head":"<!-- This site is optimized with the Yoast SEO plugin v23.4 - https:\/\/yoast.com\/wordpress\/plugins\/seo\/ -->\n<title>PGMOL sa ospravedlnil - Official Czech &amp; Slovak Everton Supporters&#039; Club<\/title>\n<meta name=\"robots\" content=\"index, follow, max-snippet:-1, max-image-preview:large, max-video-preview:-1\" \/>\n<link rel=\"canonical\" href=\"https:\/\/evertonfc.cz\/index.php\/news\/pgmol-sa-ospravedlnil\/\" \/>\n<meta property=\"og:locale\" content=\"cs_CZ\" \/>\n<meta property=\"og:type\" content=\"article\" \/>\n<meta property=\"og:title\" content=\"PGMOL sa ospravedlnil - Official Czech &amp; Slovak Everton Supporters&#039; Club\" \/>\n<meta property=\"og:description\" content=\"Skupina zdru\u017euj\u00faca rozhodcov profesion\u00e1lnych l\u00edg v Anglicku sa v\u010dera ospravedlnila Evertonu. Klub toti\u017e v pondelok podal ofici\u00e1lnu s\u0165a\u017enos\u0165. Gener\u00e1lny riadite\u013e&hellip;\" \/>\n<meta property=\"og:url\" content=\"https:\/\/evertonfc.cz\/index.php\/news\/pgmol-sa-ospravedlnil\/\" \/>\n<meta property=\"og:site_name\" content=\"Official Czech &amp; Slovak Everton Supporters&#039; Club\" \/>\n<meta property=\"article:publisher\" content=\"https:\/\/www.facebook.com\/everton.fans.cz.sk\" \/>\n<meta name=\"twitter:card\" content=\"summary_large_image\" \/>\n<meta name=\"twitter:label1\" content=\"Odhadovan\u00e1 doba \u010dten\u00ed\" \/>\n\t<meta name=\"twitter:data1\" content=\"1 minuta\" \/>\n<script type=\"application\/ld+json\" class=\"yoast-schema-graph\">{\"@context\":\"https:\/\/schema.org\",\"@graph\":[{\"@type\":\"WebPage\",\"@id\":\"https:\/\/evertonfc.cz\/index.php\/news\/pgmol-sa-ospravedlnil\/\",\"url\":\"https:\/\/evertonfc.cz\/index.php\/news\/pgmol-sa-ospravedlnil\/\",\"name\":\"PGMOL sa ospravedlnil - Official Czech &amp; Slovak Everton Supporters&#039; Club\",\"isPartOf\":{\"@id\":\"https:\/\/evertonfc.cz\/#website\"},\"datePublished\":\"2022-03-02T15:39:54+00:00\",\"dateModified\":\"2022-03-02T15:39:54+00:00\",\"breadcrumb\":{\"@id\":\"https:\/\/evertonfc.cz\/index.php\/news\/pgmol-sa-ospravedlnil\/#breadcrumb\"},\"inLanguage\":\"cs\",\"potentialAction\":[{\"@type\":\"ReadAction\",\"target\":[\"https:\/\/evertonfc.cz\/index.php\/news\/pgmol-sa-ospravedlnil\/\"]}]},{\"@type\":\"BreadcrumbList\",\"@id\":\"https:\/\/evertonfc.cz\/index.php\/news\/pgmol-sa-ospravedlnil\/#breadcrumb\",\"itemListElement\":[{\"@type\":\"ListItem\",\"position\":1,\"name\":\"Home\",\"item\":\"https:\/\/evertonfc.cz\/\"},{\"@type\":\"ListItem\",\"position\":2,\"name\":\"News\",\"item\":\"https:\/\/evertonfc.cz\/index.php\/news\/\"},{\"@type\":\"ListItem\",\"position\":3,\"name\":\"PGMOL sa ospravedlnil\"}]},{\"@type\":\"WebSite\",\"@id\":\"https:\/\/evertonfc.cz\/#website\",\"url\":\"https:\/\/evertonfc.cz\/\",\"name\":\"Official Czech &amp; Slovak Everton Supporters&#039; Club\",\"description\":\"\",\"publisher\":{\"@id\":\"https:\/\/evertonfc.cz\/#organization\"},\"potentialAction\":[{\"@type\":\"SearchAction\",\"target\":{\"@type\":\"EntryPoint\",\"urlTemplate\":\"https:\/\/evertonfc.cz\/?s={search_term_string}\"},\"query-input\":{\"@type\":\"PropertyValueSpecification\",\"valueRequired\":true,\"valueName\":\"search_term_string\"}}],\"inLanguage\":\"cs\"},{\"@type\":\"Organization\",\"@id\":\"https:\/\/evertonfc.cz\/#organization\",\"name\":\"Official Czech & Slovak Everton Supporters' Club\",\"url\":\"https:\/\/evertonfc.cz\/\",\"logo\":{\"@type\":\"ImageObject\",\"inLanguage\":\"cs\",\"@id\":\"https:\/\/evertonfc.cz\/#\/schema\/logo\/image\/\",\"url\":\"https:\/\/evertonfc.cz\/wp-content\/uploads\/2019\/05\/logo.png\",\"contentUrl\":\"https:\/\/evertonfc.cz\/wp-content\/uploads\/2019\/05\/logo.png\",\"width\":112,\"height\":112,\"caption\":\"Official Czech & Slovak Everton Supporters' Club\"},\"image\":{\"@id\":\"https:\/\/evertonfc.cz\/#\/schema\/logo\/image\/\"},\"sameAs\":[\"https:\/\/www.facebook.com\/everton.fans.cz.sk\"]}]}<\/script>\n<!-- \/ Yoast SEO plugin. -->","yoast_head_json":{"title":"PGMOL sa ospravedlnil - Official Czech &amp; Slovak Everton Supporters&#039; Club","robots":{"index":"index","follow":"follow","max-snippet":"max-snippet:-1","max-image-preview":"max-image-preview:large","max-video-preview":"max-video-preview:-1"},"canonical":"https:\/\/evertonfc.cz\/index.php\/news\/pgmol-sa-ospravedlnil\/","og_locale":"cs_CZ","og_type":"article","og_title":"PGMOL sa ospravedlnil - Official Czech &amp; Slovak Everton Supporters&#039; Club","og_description":"Skupina zdru\u017euj\u00faca rozhodcov profesion\u00e1lnych l\u00edg v Anglicku sa v\u010dera ospravedlnila Evertonu. Klub toti\u017e v pondelok podal ofici\u00e1lnu s\u0165a\u017enos\u0165. Gener\u00e1lny riadite\u013e&hellip;","og_url":"https:\/\/evertonfc.cz\/index.php\/news\/pgmol-sa-ospravedlnil\/","og_site_name":"Official Czech &amp; Slovak Everton Supporters&#039; Club","article_publisher":"https:\/\/www.facebook.com\/everton.fans.cz.sk","twitter_card":"summary_large_image","twitter_misc":{"Odhadovan\u00e1 doba \u010dten\u00ed":"1 minuta"},"schema":{"@context":"https:\/\/schema.org","@graph":[{"@type":"WebPage","@id":"https:\/\/evertonfc.cz\/index.php\/news\/pgmol-sa-ospravedlnil\/","url":"https:\/\/evertonfc.cz\/index.php\/news\/pgmol-sa-ospravedlnil\/","name":"PGMOL sa ospravedlnil - Official Czech &amp; Slovak Everton Supporters&#039; Club","isPartOf":{"@id":"https:\/\/evertonfc.cz\/#website"},"datePublished":"2022-03-02T15:39:54+00:00","dateModified":"2022-03-02T15:39:54+00:00","breadcrumb":{"@id":"https:\/\/evertonfc.cz\/index.php\/news\/pgmol-sa-ospravedlnil\/#breadcrumb"},"inLanguage":"cs","potentialAction":[{"@type":"ReadAction","target":["https:\/\/evertonfc.cz\/index.php\/news\/pgmol-sa-ospravedlnil\/"]}]},{"@type":"BreadcrumbList","@id":"https:\/\/evertonfc.cz\/index.php\/news\/pgmol-sa-ospravedlnil\/#breadcrumb","itemListElement":[{"@type":"ListItem","position":1,"name":"Home","item":"https:\/\/evertonfc.cz\/"},{"@type":"ListItem","position":2,"name":"News","item":"https:\/\/evertonfc.cz\/index.php\/news\/"},{"@type":"ListItem","position":3,"name":"PGMOL sa ospravedlnil"}]},{"@type":"WebSite","@id":"https:\/\/evertonfc.cz\/#website","url":"https:\/\/evertonfc.cz\/","name":"Official Czech &amp; Slovak Everton Supporters&#039; Club","description":"","publisher":{"@id":"https:\/\/evertonfc.cz\/#organization"},"potentialAction":[{"@type":"SearchAction","target":{"@type":"EntryPoint","urlTemplate":"https:\/\/evertonfc.cz\/?s={search_term_string}"},"query-input":{"@type":"PropertyValueSpecification","valueRequired":true,"valueName":"search_term_string"}}],"inLanguage":"cs"},{"@type":"Organization","@id":"https:\/\/evertonfc.cz\/#organization","name":"Official Czech & Slovak Everton Supporters' Club","url":"https:\/\/evertonfc.cz\/","logo":{"@type":"ImageObject","inLanguage":"cs","@id":"https:\/\/evertonfc.cz\/#\/schema\/logo\/image\/","url":"https:\/\/evertonfc.cz\/wp-content\/uploads\/2019\/05\/logo.png","contentUrl":"https:\/\/evertonfc.cz\/wp-content\/uploads\/2019\/05\/logo.png","width":112,"height":112,"caption":"Official Czech & Slovak Everton Supporters' Club"},"image":{"@id":"https:\/\/evertonfc.cz\/#\/schema\/logo\/image\/"},"sameAs":["https:\/\/www.facebook.com\/everton.fans.cz.sk"]}]}},"_links":{"self":[{"href":"https:\/\/evertonfc.cz\/index.php\/wp-json\/wp\/v2\/news\/17963"}],"collection":[{"href":"https:\/\/evertonfc.cz\/index.php\/wp-json\/wp\/v2\/news"}],"about":[{"href":"https:\/\/evertonfc.cz\/index.php\/wp-json\/wp\/v2\/types\/news"}],"author":[{"embeddable":true,"href":"https:\/\/evertonfc.cz\/index.php\/wp-json\/wp\/v2\/users\/1"}],"replies":[{"embeddable":true,"href":"https:\/\/evertonfc.cz\/index.php\/wp-json\/wp\/v2\/comments?post=17963"}],"version-history":[{"count":0,"href":"https:\/\/evertonfc.cz\/index.php\/wp-json\/wp\/v2\/news\/17963\/revisions"}],"wp:attachment":[{"href":"https:\/\/evertonfc.cz\/index.php\/wp-json\/wp\/v2\/media?parent=17963"}],"wp:term":[{"taxonomy":"post_tag","embeddable":true,"href":"https:\/\/evertonfc.cz\/index.php\/wp-json\/wp\/v2\/tags?post=17963"},{"taxonomy":"news-category","embeddable":true,"href":"https:\/\/evertonfc.cz\/index.php\/wp-json\/wp\/v2\/news-category?post=17963"}],"curies":[{"name":"wp","href":"https:\/\/api.w.org\/{rel}","templated":true}]}}