{"id":18061,"date":"2022-03-12T12:38:39","date_gmt":"2022-03-12T11:38:39","guid":{"rendered":"https:\/\/evertonfc.cz\/?post_type=news&#038;p=18061"},"modified":"2022-03-12T12:38:39","modified_gmt":"2022-03-12T11:38:39","slug":"lampard-brani-calverta-lewina","status":"publish","type":"news","link":"https:\/\/evertonfc.cz\/index.php\/news\/lampard-brani-calverta-lewina\/","title":{"rendered":"Lampard br\u00e1ni Calverta-Lewina"},"content":{"rendered":"<p>Dominic Calvert-Lewin v tomto kalend\u00e1rnom roku e\u0161te nesk\u00f3roval. Na vine s\u00fa najm\u00e4 z\u00e1va\u017en\u00e9 zranenie kvadricepsu z prvej polovice sez\u00f3ny. Nov\u00fd mana\u017e\u00e9r The Toffees si je toho vedom\u00fd a na \u00fato\u010dn\u00edka netla\u010d\u00ed.<\/p>\n<blockquote><p><em><span style=\"font-size: 12pt;\">\u201eMus\u00edm br\u00e1ni\u0165 Dominika, preto\u017ee bol s\u00fa\u010das\u0165ou t\u00edmov\u00e9ho v\u00fdkonu, ktor\u00fd nebol skvel\u00fd a on nebol na takej \u00farovni, ako by chcel by\u0165. On to vie. Je to \u00faprimn\u00fd chalan. Po zranen\u00ed sa vr\u00e1til so skuto\u010dnou t\u00fa\u017ebou pom\u00f4c\u0165.\u201c<\/span><\/em><\/p>\n<p><em><span style=\"font-size: 12pt;\">\u201eS\u00fa veci, na ktor\u00fdch mus\u00edme popracova\u0165, aby sme dosiahli \u00farove\u0148, na ktorej chce by\u0165. \u00dato\u010dn\u00edk potrebuje by\u0165 fit z dvoch d\u00f4vodov. Aby strie\u013eal g\u00f3ly, a aby hral tak, ako chceme hra\u0165. Mus\u00edme by\u0165 agres\u00edvni mimo lopty, nech sme kdeko\u013evek na ihrisku.\u201c<\/span><\/em><\/p>\n<p><em><span style=\"font-size: 12pt;\">\u201eMus\u00edme Dominicovi uzna\u0165, \u017ee je to hr\u00e1\u010d najvy\u0161\u0161ej \u00farovne, ktor\u00fd sa z\u00fafalo sna\u017e\u00ed vr\u00e1ti\u0165. ale tie\u017e vieme, \u017ee futbal u\u017e dlho nehral. V\u0161etko je v tejto chv\u00edli d\u00f4le\u017eit\u00e9 \u2013 ka\u017ed\u00fd tr\u00e9ning Dominicovi pom\u00f4\u017ee.\u201c<\/span><\/em><\/p>\n<p><em><span style=\"font-size: 12pt;\">\u201eHr\u00e1\u010d jeho \u00farovne je v centre pozornosti, a viem, ako ve\u013emi sa na neho spoliehame. Ale je len \u010dlovek, a potrebuje \u0161pi\u010dkov\u00fa \u00farove\u0148 kond\u00edcie. Budeme na to tla\u010di\u0165 aj na\u010falej.\u201c<\/span><\/em><\/p><\/blockquote>\n","protected":false},"excerpt":{"rendered":"<p>Dominic Calvert-Lewin v tomto kalend\u00e1rnom roku e\u0161te nesk\u00f3roval. Na vine s\u00fa najm\u00e4 z\u00e1va\u017en\u00e9 zranenie kvadricepsu z prvej polovice sez\u00f3ny. Nov\u00fd&hellip;<\/p>\n","protected":false},"author":1,"featured_media":0,"comment_status":"open","ping_status":"closed","template":"","tags":[],"news-category":[18],"yoast_head":"<!-- This site is optimized with the Yoast SEO plugin v23.4 - https:\/\/yoast.com\/wordpress\/plugins\/seo\/ -->\n<title>Lampard br\u00e1ni Calverta-Lewina - Official Czech &amp; Slovak Everton Supporters&#039; Club<\/title>\n<meta name=\"robots\" content=\"index, follow, max-snippet:-1, max-image-preview:large, max-video-preview:-1\" \/>\n<link rel=\"canonical\" href=\"https:\/\/evertonfc.cz\/index.php\/news\/lampard-brani-calverta-lewina\/\" \/>\n<meta property=\"og:locale\" content=\"cs_CZ\" \/>\n<meta property=\"og:type\" content=\"article\" \/>\n<meta property=\"og:title\" content=\"Lampard br\u00e1ni Calverta-Lewina - Official Czech &amp; Slovak Everton Supporters&#039; Club\" \/>\n<meta property=\"og:description\" content=\"Dominic Calvert-Lewin v tomto kalend\u00e1rnom roku e\u0161te nesk\u00f3roval. Na vine s\u00fa najm\u00e4 z\u00e1va\u017en\u00e9 zranenie kvadricepsu z prvej polovice sez\u00f3ny. Nov\u00fd&hellip;\" \/>\n<meta property=\"og:url\" content=\"https:\/\/evertonfc.cz\/index.php\/news\/lampard-brani-calverta-lewina\/\" \/>\n<meta property=\"og:site_name\" content=\"Official Czech &amp; Slovak Everton Supporters&#039; Club\" \/>\n<meta property=\"article:publisher\" content=\"https:\/\/www.facebook.com\/everton.fans.cz.sk\" \/>\n<meta name=\"twitter:card\" content=\"summary_large_image\" \/>\n<meta name=\"twitter:label1\" content=\"Odhadovan\u00e1 doba \u010dten\u00ed\" \/>\n\t<meta name=\"twitter:data1\" content=\"1 minuta\" \/>\n<script type=\"application\/ld+json\" class=\"yoast-schema-graph\">{\"@context\":\"https:\/\/schema.org\",\"@graph\":[{\"@type\":\"WebPage\",\"@id\":\"https:\/\/evertonfc.cz\/index.php\/news\/lampard-brani-calverta-lewina\/\",\"url\":\"https:\/\/evertonfc.cz\/index.php\/news\/lampard-brani-calverta-lewina\/\",\"name\":\"Lampard br\u00e1ni Calverta-Lewina - Official Czech &amp; Slovak Everton Supporters&#039; Club\",\"isPartOf\":{\"@id\":\"https:\/\/evertonfc.cz\/#website\"},\"datePublished\":\"2022-03-12T11:38:39+00:00\",\"dateModified\":\"2022-03-12T11:38:39+00:00\",\"breadcrumb\":{\"@id\":\"https:\/\/evertonfc.cz\/index.php\/news\/lampard-brani-calverta-lewina\/#breadcrumb\"},\"inLanguage\":\"cs\",\"potentialAction\":[{\"@type\":\"ReadAction\",\"target\":[\"https:\/\/evertonfc.cz\/index.php\/news\/lampard-brani-calverta-lewina\/\"]}]},{\"@type\":\"BreadcrumbList\",\"@id\":\"https:\/\/evertonfc.cz\/index.php\/news\/lampard-brani-calverta-lewina\/#breadcrumb\",\"itemListElement\":[{\"@type\":\"ListItem\",\"position\":1,\"name\":\"Home\",\"item\":\"https:\/\/evertonfc.cz\/\"},{\"@type\":\"ListItem\",\"position\":2,\"name\":\"News\",\"item\":\"https:\/\/evertonfc.cz\/index.php\/news\/\"},{\"@type\":\"ListItem\",\"position\":3,\"name\":\"Lampard br\u00e1ni Calverta-Lewina\"}]},{\"@type\":\"WebSite\",\"@id\":\"https:\/\/evertonfc.cz\/#website\",\"url\":\"https:\/\/evertonfc.cz\/\",\"name\":\"Official Czech &amp; Slovak Everton Supporters&#039; Club\",\"description\":\"\",\"publisher\":{\"@id\":\"https:\/\/evertonfc.cz\/#organization\"},\"potentialAction\":[{\"@type\":\"SearchAction\",\"target\":{\"@type\":\"EntryPoint\",\"urlTemplate\":\"https:\/\/evertonfc.cz\/?s={search_term_string}\"},\"query-input\":{\"@type\":\"PropertyValueSpecification\",\"valueRequired\":true,\"valueName\":\"search_term_string\"}}],\"inLanguage\":\"cs\"},{\"@type\":\"Organization\",\"@id\":\"https:\/\/evertonfc.cz\/#organization\",\"name\":\"Official Czech & Slovak Everton Supporters' Club\",\"url\":\"https:\/\/evertonfc.cz\/\",\"logo\":{\"@type\":\"ImageObject\",\"inLanguage\":\"cs\",\"@id\":\"https:\/\/evertonfc.cz\/#\/schema\/logo\/image\/\",\"url\":\"https:\/\/evertonfc.cz\/wp-content\/uploads\/2019\/05\/logo.png\",\"contentUrl\":\"https:\/\/evertonfc.cz\/wp-content\/uploads\/2019\/05\/logo.png\",\"width\":112,\"height\":112,\"caption\":\"Official Czech & Slovak Everton Supporters' Club\"},\"image\":{\"@id\":\"https:\/\/evertonfc.cz\/#\/schema\/logo\/image\/\"},\"sameAs\":[\"https:\/\/www.facebook.com\/everton.fans.cz.sk\"]}]}<\/script>\n<!-- \/ Yoast SEO plugin. -->","yoast_head_json":{"title":"Lampard br\u00e1ni Calverta-Lewina - Official Czech &amp; Slovak Everton Supporters&#039; Club","robots":{"index":"index","follow":"follow","max-snippet":"max-snippet:-1","max-image-preview":"max-image-preview:large","max-video-preview":"max-video-preview:-1"},"canonical":"https:\/\/evertonfc.cz\/index.php\/news\/lampard-brani-calverta-lewina\/","og_locale":"cs_CZ","og_type":"article","og_title":"Lampard br\u00e1ni Calverta-Lewina - Official Czech &amp; Slovak Everton Supporters&#039; Club","og_description":"Dominic Calvert-Lewin v tomto kalend\u00e1rnom roku e\u0161te nesk\u00f3roval. Na vine s\u00fa najm\u00e4 z\u00e1va\u017en\u00e9 zranenie kvadricepsu z prvej polovice sez\u00f3ny. Nov\u00fd&hellip;","og_url":"https:\/\/evertonfc.cz\/index.php\/news\/lampard-brani-calverta-lewina\/","og_site_name":"Official Czech &amp; Slovak Everton Supporters&#039; Club","article_publisher":"https:\/\/www.facebook.com\/everton.fans.cz.sk","twitter_card":"summary_large_image","twitter_misc":{"Odhadovan\u00e1 doba \u010dten\u00ed":"1 minuta"},"schema":{"@context":"https:\/\/schema.org","@graph":[{"@type":"WebPage","@id":"https:\/\/evertonfc.cz\/index.php\/news\/lampard-brani-calverta-lewina\/","url":"https:\/\/evertonfc.cz\/index.php\/news\/lampard-brani-calverta-lewina\/","name":"Lampard br\u00e1ni Calverta-Lewina - Official Czech &amp; Slovak Everton Supporters&#039; Club","isPartOf":{"@id":"https:\/\/evertonfc.cz\/#website"},"datePublished":"2022-03-12T11:38:39+00:00","dateModified":"2022-03-12T11:38:39+00:00","breadcrumb":{"@id":"https:\/\/evertonfc.cz\/index.php\/news\/lampard-brani-calverta-lewina\/#breadcrumb"},"inLanguage":"cs","potentialAction":[{"@type":"ReadAction","target":["https:\/\/evertonfc.cz\/index.php\/news\/lampard-brani-calverta-lewina\/"]}]},{"@type":"BreadcrumbList","@id":"https:\/\/evertonfc.cz\/index.php\/news\/lampard-brani-calverta-lewina\/#breadcrumb","itemListElement":[{"@type":"ListItem","position":1,"name":"Home","item":"https:\/\/evertonfc.cz\/"},{"@type":"ListItem","position":2,"name":"News","item":"https:\/\/evertonfc.cz\/index.php\/news\/"},{"@type":"ListItem","position":3,"name":"Lampard br\u00e1ni Calverta-Lewina"}]},{"@type":"WebSite","@id":"https:\/\/evertonfc.cz\/#website","url":"https:\/\/evertonfc.cz\/","name":"Official Czech &amp; Slovak Everton Supporters&#039; Club","description":"","publisher":{"@id":"https:\/\/evertonfc.cz\/#organization"},"potentialAction":[{"@type":"SearchAction","target":{"@type":"EntryPoint","urlTemplate":"https:\/\/evertonfc.cz\/?s={search_term_string}"},"query-input":{"@type":"PropertyValueSpecification","valueRequired":true,"valueName":"search_term_string"}}],"inLanguage":"cs"},{"@type":"Organization","@id":"https:\/\/evertonfc.cz\/#organization","name":"Official Czech & Slovak Everton Supporters' Club","url":"https:\/\/evertonfc.cz\/","logo":{"@type":"ImageObject","inLanguage":"cs","@id":"https:\/\/evertonfc.cz\/#\/schema\/logo\/image\/","url":"https:\/\/evertonfc.cz\/wp-content\/uploads\/2019\/05\/logo.png","contentUrl":"https:\/\/evertonfc.cz\/wp-content\/uploads\/2019\/05\/logo.png","width":112,"height":112,"caption":"Official Czech & Slovak Everton Supporters' Club"},"image":{"@id":"https:\/\/evertonfc.cz\/#\/schema\/logo\/image\/"},"sameAs":["https:\/\/www.facebook.com\/everton.fans.cz.sk"]}]}},"_links":{"self":[{"href":"https:\/\/evertonfc.cz\/index.php\/wp-json\/wp\/v2\/news\/18061"}],"collection":[{"href":"https:\/\/evertonfc.cz\/index.php\/wp-json\/wp\/v2\/news"}],"about":[{"href":"https:\/\/evertonfc.cz\/index.php\/wp-json\/wp\/v2\/types\/news"}],"author":[{"embeddable":true,"href":"https:\/\/evertonfc.cz\/index.php\/wp-json\/wp\/v2\/users\/1"}],"replies":[{"embeddable":true,"href":"https:\/\/evertonfc.cz\/index.php\/wp-json\/wp\/v2\/comments?post=18061"}],"version-history":[{"count":0,"href":"https:\/\/evertonfc.cz\/index.php\/wp-json\/wp\/v2\/news\/18061\/revisions"}],"wp:attachment":[{"href":"https:\/\/evertonfc.cz\/index.php\/wp-json\/wp\/v2\/media?parent=18061"}],"wp:term":[{"taxonomy":"post_tag","embeddable":true,"href":"https:\/\/evertonfc.cz\/index.php\/wp-json\/wp\/v2\/tags?post=18061"},{"taxonomy":"news-category","embeddable":true,"href":"https:\/\/evertonfc.cz\/index.php\/wp-json\/wp\/v2\/news-category?post=18061"}],"curies":[{"name":"wp","href":"https:\/\/api.w.org\/{rel}","templated":true}]}}