{"id":18208,"date":"2022-03-22T13:43:45","date_gmt":"2022-03-22T12:43:45","guid":{"rendered":"https:\/\/evertonfc.cz\/?post_type=news&#038;p=18208"},"modified":"2022-03-22T13:56:26","modified_gmt":"2022-03-22T12:56:26","slug":"onyango-na-mensom-zakroku","status":"publish","type":"news","link":"https:\/\/evertonfc.cz\/index.php\/news\/onyango-na-mensom-zakroku\/","title":{"rendered":"Onyango na men\u0161om z\u00e1kroku"},"content":{"rendered":"<p>19-ro\u010dn\u00fd stredopoliar Evertonu Tyler Onyango m\u00e1 za sebou minulot\u00fd\u017ed\u0148ov\u00fa oper\u00e1ciu pruhu, ktor\u00fd mu robil probl\u00e9my u\u017e pred z\u00e1pasom 5. kola FA Cupu s Borehamom Wood. Posledn\u00fd mesiac preto vynechal v\u0161etky z\u00e1pasy. Frank Lampard op\u00edsal chirurgick\u00fd z\u00e1krok ako \u201emal\u00fd\u201c. Ch\u00fdba\u0165 by mal nieko\u013eko t\u00fd\u017ed\u0148ov.<\/p>\n<p>V\u00fdber Lamparda v strede po\u013ea je aj bez toho mas\u00edvne ovplyvnen\u00fd nespravodlivou \u010dervenou kartou Allana zo z\u00e1pasu s Newcastlom minul\u00fd t\u00fd\u017ede\u0148. Braz\u00edl\u010dan bol aj napriek dvom odvolaniam potrestan\u00fd 3-z\u00e1pasov\u00fdm di\u0161tancom. Na lavi\u010dke proti Crystal Palace v \u0161tvr\u0165fin\u00e1le FA Cupu bol aj preto ako jedin\u00fd stredn\u00fd z\u00e1lo\u017en\u00edk \u010fal\u0161\u00ed iba 18-ro\u010dn\u00fd odchovanec Isaac Price. Za prv\u00fd t\u00edm debutoval poslednou min\u00fatou duelu proti Borehamu.<\/p>\n","protected":false},"excerpt":{"rendered":"<p>19-ro\u010dn\u00fd stredopoliar Evertonu Tyler Onyango m\u00e1 za sebou minulot\u00fd\u017ed\u0148ov\u00fa oper\u00e1ciu pruhu, ktor\u00fd mu robil probl\u00e9my u\u017e pred z\u00e1pasom 5. kola&hellip;<\/p>\n","protected":false},"author":1,"featured_media":0,"comment_status":"open","ping_status":"closed","template":"","tags":[],"news-category":[18],"yoast_head":"<!-- This site is optimized with the Yoast SEO plugin v23.4 - https:\/\/yoast.com\/wordpress\/plugins\/seo\/ -->\n<title>Onyango na men\u0161om z\u00e1kroku - Official Czech &amp; Slovak Everton Supporters&#039; Club<\/title>\n<meta name=\"robots\" content=\"index, follow, max-snippet:-1, max-image-preview:large, max-video-preview:-1\" \/>\n<link rel=\"canonical\" href=\"https:\/\/evertonfc.cz\/index.php\/news\/onyango-na-mensom-zakroku\/\" \/>\n<meta property=\"og:locale\" content=\"cs_CZ\" \/>\n<meta property=\"og:type\" content=\"article\" \/>\n<meta property=\"og:title\" content=\"Onyango na men\u0161om z\u00e1kroku - Official Czech &amp; Slovak Everton Supporters&#039; Club\" \/>\n<meta property=\"og:description\" content=\"19-ro\u010dn\u00fd stredopoliar Evertonu Tyler Onyango m\u00e1 za sebou minulot\u00fd\u017ed\u0148ov\u00fa oper\u00e1ciu pruhu, ktor\u00fd mu robil probl\u00e9my u\u017e pred z\u00e1pasom 5. kola&hellip;\" \/>\n<meta property=\"og:url\" content=\"https:\/\/evertonfc.cz\/index.php\/news\/onyango-na-mensom-zakroku\/\" \/>\n<meta property=\"og:site_name\" content=\"Official Czech &amp; Slovak Everton Supporters&#039; Club\" \/>\n<meta property=\"article:publisher\" content=\"https:\/\/www.facebook.com\/everton.fans.cz.sk\" \/>\n<meta property=\"article:modified_time\" content=\"2022-03-22T12:56:26+00:00\" \/>\n<meta name=\"twitter:card\" content=\"summary_large_image\" \/>\n<meta name=\"twitter:label1\" content=\"Odhadovan\u00e1 doba \u010dten\u00ed\" \/>\n\t<meta name=\"twitter:data1\" content=\"1 minuta\" \/>\n<script type=\"application\/ld+json\" class=\"yoast-schema-graph\">{\"@context\":\"https:\/\/schema.org\",\"@graph\":[{\"@type\":\"WebPage\",\"@id\":\"https:\/\/evertonfc.cz\/index.php\/news\/onyango-na-mensom-zakroku\/\",\"url\":\"https:\/\/evertonfc.cz\/index.php\/news\/onyango-na-mensom-zakroku\/\",\"name\":\"Onyango na men\u0161om z\u00e1kroku - Official Czech &amp; Slovak Everton Supporters&#039; Club\",\"isPartOf\":{\"@id\":\"https:\/\/evertonfc.cz\/#website\"},\"datePublished\":\"2022-03-22T12:43:45+00:00\",\"dateModified\":\"2022-03-22T12:56:26+00:00\",\"breadcrumb\":{\"@id\":\"https:\/\/evertonfc.cz\/index.php\/news\/onyango-na-mensom-zakroku\/#breadcrumb\"},\"inLanguage\":\"cs\",\"potentialAction\":[{\"@type\":\"ReadAction\",\"target\":[\"https:\/\/evertonfc.cz\/index.php\/news\/onyango-na-mensom-zakroku\/\"]}]},{\"@type\":\"BreadcrumbList\",\"@id\":\"https:\/\/evertonfc.cz\/index.php\/news\/onyango-na-mensom-zakroku\/#breadcrumb\",\"itemListElement\":[{\"@type\":\"ListItem\",\"position\":1,\"name\":\"Home\",\"item\":\"https:\/\/evertonfc.cz\/\"},{\"@type\":\"ListItem\",\"position\":2,\"name\":\"News\",\"item\":\"https:\/\/evertonfc.cz\/index.php\/news\/\"},{\"@type\":\"ListItem\",\"position\":3,\"name\":\"Onyango na men\u0161om z\u00e1kroku\"}]},{\"@type\":\"WebSite\",\"@id\":\"https:\/\/evertonfc.cz\/#website\",\"url\":\"https:\/\/evertonfc.cz\/\",\"name\":\"Official Czech &amp; Slovak Everton Supporters&#039; Club\",\"description\":\"\",\"publisher\":{\"@id\":\"https:\/\/evertonfc.cz\/#organization\"},\"potentialAction\":[{\"@type\":\"SearchAction\",\"target\":{\"@type\":\"EntryPoint\",\"urlTemplate\":\"https:\/\/evertonfc.cz\/?s={search_term_string}\"},\"query-input\":{\"@type\":\"PropertyValueSpecification\",\"valueRequired\":true,\"valueName\":\"search_term_string\"}}],\"inLanguage\":\"cs\"},{\"@type\":\"Organization\",\"@id\":\"https:\/\/evertonfc.cz\/#organization\",\"name\":\"Official Czech & Slovak Everton Supporters' Club\",\"url\":\"https:\/\/evertonfc.cz\/\",\"logo\":{\"@type\":\"ImageObject\",\"inLanguage\":\"cs\",\"@id\":\"https:\/\/evertonfc.cz\/#\/schema\/logo\/image\/\",\"url\":\"https:\/\/evertonfc.cz\/wp-content\/uploads\/2019\/05\/logo.png\",\"contentUrl\":\"https:\/\/evertonfc.cz\/wp-content\/uploads\/2019\/05\/logo.png\",\"width\":112,\"height\":112,\"caption\":\"Official Czech & Slovak Everton Supporters' Club\"},\"image\":{\"@id\":\"https:\/\/evertonfc.cz\/#\/schema\/logo\/image\/\"},\"sameAs\":[\"https:\/\/www.facebook.com\/everton.fans.cz.sk\"]}]}<\/script>\n<!-- \/ Yoast SEO plugin. -->","yoast_head_json":{"title":"Onyango na men\u0161om z\u00e1kroku - Official Czech &amp; Slovak Everton Supporters&#039; Club","robots":{"index":"index","follow":"follow","max-snippet":"max-snippet:-1","max-image-preview":"max-image-preview:large","max-video-preview":"max-video-preview:-1"},"canonical":"https:\/\/evertonfc.cz\/index.php\/news\/onyango-na-mensom-zakroku\/","og_locale":"cs_CZ","og_type":"article","og_title":"Onyango na men\u0161om z\u00e1kroku - Official Czech &amp; Slovak Everton Supporters&#039; Club","og_description":"19-ro\u010dn\u00fd stredopoliar Evertonu Tyler Onyango m\u00e1 za sebou minulot\u00fd\u017ed\u0148ov\u00fa oper\u00e1ciu pruhu, ktor\u00fd mu robil probl\u00e9my u\u017e pred z\u00e1pasom 5. kola&hellip;","og_url":"https:\/\/evertonfc.cz\/index.php\/news\/onyango-na-mensom-zakroku\/","og_site_name":"Official Czech &amp; Slovak Everton Supporters&#039; Club","article_publisher":"https:\/\/www.facebook.com\/everton.fans.cz.sk","article_modified_time":"2022-03-22T12:56:26+00:00","twitter_card":"summary_large_image","twitter_misc":{"Odhadovan\u00e1 doba \u010dten\u00ed":"1 minuta"},"schema":{"@context":"https:\/\/schema.org","@graph":[{"@type":"WebPage","@id":"https:\/\/evertonfc.cz\/index.php\/news\/onyango-na-mensom-zakroku\/","url":"https:\/\/evertonfc.cz\/index.php\/news\/onyango-na-mensom-zakroku\/","name":"Onyango na men\u0161om z\u00e1kroku - Official Czech &amp; Slovak Everton Supporters&#039; Club","isPartOf":{"@id":"https:\/\/evertonfc.cz\/#website"},"datePublished":"2022-03-22T12:43:45+00:00","dateModified":"2022-03-22T12:56:26+00:00","breadcrumb":{"@id":"https:\/\/evertonfc.cz\/index.php\/news\/onyango-na-mensom-zakroku\/#breadcrumb"},"inLanguage":"cs","potentialAction":[{"@type":"ReadAction","target":["https:\/\/evertonfc.cz\/index.php\/news\/onyango-na-mensom-zakroku\/"]}]},{"@type":"BreadcrumbList","@id":"https:\/\/evertonfc.cz\/index.php\/news\/onyango-na-mensom-zakroku\/#breadcrumb","itemListElement":[{"@type":"ListItem","position":1,"name":"Home","item":"https:\/\/evertonfc.cz\/"},{"@type":"ListItem","position":2,"name":"News","item":"https:\/\/evertonfc.cz\/index.php\/news\/"},{"@type":"ListItem","position":3,"name":"Onyango na men\u0161om z\u00e1kroku"}]},{"@type":"WebSite","@id":"https:\/\/evertonfc.cz\/#website","url":"https:\/\/evertonfc.cz\/","name":"Official Czech &amp; Slovak Everton Supporters&#039; Club","description":"","publisher":{"@id":"https:\/\/evertonfc.cz\/#organization"},"potentialAction":[{"@type":"SearchAction","target":{"@type":"EntryPoint","urlTemplate":"https:\/\/evertonfc.cz\/?s={search_term_string}"},"query-input":{"@type":"PropertyValueSpecification","valueRequired":true,"valueName":"search_term_string"}}],"inLanguage":"cs"},{"@type":"Organization","@id":"https:\/\/evertonfc.cz\/#organization","name":"Official Czech & Slovak Everton Supporters' Club","url":"https:\/\/evertonfc.cz\/","logo":{"@type":"ImageObject","inLanguage":"cs","@id":"https:\/\/evertonfc.cz\/#\/schema\/logo\/image\/","url":"https:\/\/evertonfc.cz\/wp-content\/uploads\/2019\/05\/logo.png","contentUrl":"https:\/\/evertonfc.cz\/wp-content\/uploads\/2019\/05\/logo.png","width":112,"height":112,"caption":"Official Czech & Slovak Everton Supporters' Club"},"image":{"@id":"https:\/\/evertonfc.cz\/#\/schema\/logo\/image\/"},"sameAs":["https:\/\/www.facebook.com\/everton.fans.cz.sk"]}]}},"_links":{"self":[{"href":"https:\/\/evertonfc.cz\/index.php\/wp-json\/wp\/v2\/news\/18208"}],"collection":[{"href":"https:\/\/evertonfc.cz\/index.php\/wp-json\/wp\/v2\/news"}],"about":[{"href":"https:\/\/evertonfc.cz\/index.php\/wp-json\/wp\/v2\/types\/news"}],"author":[{"embeddable":true,"href":"https:\/\/evertonfc.cz\/index.php\/wp-json\/wp\/v2\/users\/1"}],"replies":[{"embeddable":true,"href":"https:\/\/evertonfc.cz\/index.php\/wp-json\/wp\/v2\/comments?post=18208"}],"version-history":[{"count":1,"href":"https:\/\/evertonfc.cz\/index.php\/wp-json\/wp\/v2\/news\/18208\/revisions"}],"predecessor-version":[{"id":18209,"href":"https:\/\/evertonfc.cz\/index.php\/wp-json\/wp\/v2\/news\/18208\/revisions\/18209"}],"wp:attachment":[{"href":"https:\/\/evertonfc.cz\/index.php\/wp-json\/wp\/v2\/media?parent=18208"}],"wp:term":[{"taxonomy":"post_tag","embeddable":true,"href":"https:\/\/evertonfc.cz\/index.php\/wp-json\/wp\/v2\/tags?post=18208"},{"taxonomy":"news-category","embeddable":true,"href":"https:\/\/evertonfc.cz\/index.php\/wp-json\/wp\/v2\/news-category?post=18208"}],"curies":[{"name":"wp","href":"https:\/\/api.w.org\/{rel}","templated":true}]}}