{"id":18227,"date":"2022-03-25T16:47:09","date_gmt":"2022-03-25T15:47:09","guid":{"rendered":"https:\/\/evertonfc.cz\/?post_type=news&#038;p=18227"},"modified":"2022-03-25T17:02:03","modified_gmt":"2022-03-25T16:02:03","slug":"patterson-v-zaklade-reprezentacie","status":"publish","type":"news","link":"https:\/\/evertonfc.cz\/index.php\/news\/patterson-v-zaklade-reprezentacie\/","title":{"rendered":"Patterson v z\u00e1klade reprezent\u00e1cie"},"content":{"rendered":"<p>20-ro\u010dn\u00fd prav\u00fd \u0161k\u00f3tsky obranca Evertonu Nathan Patterson v\u010dera odohral 67 min\u00fat v priate\u013eskom z\u00e1pase proti v\u00fdberu Po\u013eska. Jeho okam\u017eit\u00e1 selekcia do z\u00e1kladnej zostavy senior mu\u017estva Steva Clarka je v silnom kontraste s jeho \u010derstv\u00fdm anga\u017em\u00e1nom na Merseyside, kam sa s\u0165ahoval v ned\u00e1vno skon\u010den\u00e9 janu\u00e1rov\u00e9 prestupov\u00e9 obdobie z Glasgowsk\u00fdch Rangers. Prestupov\u00e1 \u010diastka sa mala pohybova\u0165 okolo \u00a316 mili\u00f3nov.<\/p>\n<p>Od svojho pr\u00edchodu toti\u017e nast\u00fapil vo farb\u00e1ch EFC len jedin\u00fd raz. A\u00a0to v\u00a0poh\u00e1rovom z\u00e1pase proti piatoligov\u00e9mu s\u00faperovi na jeden pol\u010das. V\u00a0rem\u00edzovom dueli 1:1 sa Patterson prezentoval svetl\u00fdm v\u00fdkonom. Napriek tomu, \u017ee neodohral cel\u00fdch 90 min\u00fat, z\u00edskal ocenenie Hr\u00e1\u010da z\u00e1pasu. Pre zauj\u00edmavos\u0165, za prv\u00fdch 45 min\u00fat z\u00e1pasu za \u0160k\u00f3tsko si prip\u00edsal viac striel na br\u00e1nu (3) ako cel\u00fd t\u00edm Evertonu v nede\u013eu proti Crystal Palace (2).<\/p>\n<p><strong>Steve Clarke o\u00a0Pattersonovi:<\/strong><\/p>\n<p><em>\u201eLen mus\u00ed by\u0165 trpezliv\u00fd. Mal som kr\u00e1tky textov\u00fd rozhovor s Frankom o Nathanovi, ke\u010f prevzal vedenie v Evertone, a samozrejme som o \u0148om hovoril v dobrom. Ale Frank je v situ\u00e1cii, ke\u010f mus\u00ed z\u00edska\u0165 body ve\u013emi r\u00fdchlo, ke\u010f\u017ee s\u00fa v Evertone pod ve\u013ek\u00fdm tlakom. Tak\u017ee ch\u00e1pem situ\u00e1ciu. Pre Nathana to bolo \u0165a\u017ek\u00e9, hne\u010f ako Rafa Benitez pri\u0161iel o pr\u00e1cu, preto\u017ee pr\u00e1ve Rafa a vtedaj\u0161\u00ed \u0161portov\u00fd riadite\u013e ho podp\u00edsali.\u201c<\/em><\/p>\n","protected":false},"excerpt":{"rendered":"<p>20-ro\u010dn\u00fd prav\u00fd \u0161k\u00f3tsky obranca Evertonu Nathan Patterson v\u010dera odohral 67 min\u00fat v priate\u013eskom z\u00e1pase proti v\u00fdberu Po\u013eska. Jeho okam\u017eit\u00e1 selekcia&hellip;<\/p>\n","protected":false},"author":1,"featured_media":0,"comment_status":"open","ping_status":"closed","template":"","tags":[],"news-category":[18],"yoast_head":"<!-- This site is optimized with the Yoast SEO plugin v23.4 - https:\/\/yoast.com\/wordpress\/plugins\/seo\/ -->\n<title>Patterson v z\u00e1klade reprezent\u00e1cie - Official Czech &amp; Slovak Everton Supporters&#039; Club<\/title>\n<meta name=\"robots\" content=\"index, follow, max-snippet:-1, max-image-preview:large, max-video-preview:-1\" \/>\n<link rel=\"canonical\" href=\"https:\/\/evertonfc.cz\/index.php\/news\/patterson-v-zaklade-reprezentacie\/\" \/>\n<meta property=\"og:locale\" content=\"cs_CZ\" \/>\n<meta property=\"og:type\" content=\"article\" \/>\n<meta property=\"og:title\" content=\"Patterson v z\u00e1klade reprezent\u00e1cie - Official Czech &amp; Slovak Everton Supporters&#039; Club\" \/>\n<meta property=\"og:description\" content=\"20-ro\u010dn\u00fd prav\u00fd \u0161k\u00f3tsky obranca Evertonu Nathan Patterson v\u010dera odohral 67 min\u00fat v priate\u013eskom z\u00e1pase proti v\u00fdberu Po\u013eska. Jeho okam\u017eit\u00e1 selekcia&hellip;\" \/>\n<meta property=\"og:url\" content=\"https:\/\/evertonfc.cz\/index.php\/news\/patterson-v-zaklade-reprezentacie\/\" \/>\n<meta property=\"og:site_name\" content=\"Official Czech &amp; Slovak Everton Supporters&#039; Club\" \/>\n<meta property=\"article:publisher\" content=\"https:\/\/www.facebook.com\/everton.fans.cz.sk\" \/>\n<meta property=\"article:modified_time\" content=\"2022-03-25T16:02:03+00:00\" \/>\n<meta name=\"twitter:card\" content=\"summary_large_image\" \/>\n<meta name=\"twitter:label1\" content=\"Odhadovan\u00e1 doba \u010dten\u00ed\" \/>\n\t<meta name=\"twitter:data1\" content=\"1 minuta\" \/>\n<script type=\"application\/ld+json\" class=\"yoast-schema-graph\">{\"@context\":\"https:\/\/schema.org\",\"@graph\":[{\"@type\":\"WebPage\",\"@id\":\"https:\/\/evertonfc.cz\/index.php\/news\/patterson-v-zaklade-reprezentacie\/\",\"url\":\"https:\/\/evertonfc.cz\/index.php\/news\/patterson-v-zaklade-reprezentacie\/\",\"name\":\"Patterson v z\u00e1klade reprezent\u00e1cie - Official Czech &amp; Slovak Everton Supporters&#039; Club\",\"isPartOf\":{\"@id\":\"https:\/\/evertonfc.cz\/#website\"},\"datePublished\":\"2022-03-25T15:47:09+00:00\",\"dateModified\":\"2022-03-25T16:02:03+00:00\",\"breadcrumb\":{\"@id\":\"https:\/\/evertonfc.cz\/index.php\/news\/patterson-v-zaklade-reprezentacie\/#breadcrumb\"},\"inLanguage\":\"cs\",\"potentialAction\":[{\"@type\":\"ReadAction\",\"target\":[\"https:\/\/evertonfc.cz\/index.php\/news\/patterson-v-zaklade-reprezentacie\/\"]}]},{\"@type\":\"BreadcrumbList\",\"@id\":\"https:\/\/evertonfc.cz\/index.php\/news\/patterson-v-zaklade-reprezentacie\/#breadcrumb\",\"itemListElement\":[{\"@type\":\"ListItem\",\"position\":1,\"name\":\"Home\",\"item\":\"https:\/\/evertonfc.cz\/\"},{\"@type\":\"ListItem\",\"position\":2,\"name\":\"News\",\"item\":\"https:\/\/evertonfc.cz\/index.php\/news\/\"},{\"@type\":\"ListItem\",\"position\":3,\"name\":\"Patterson v z\u00e1klade reprezent\u00e1cie\"}]},{\"@type\":\"WebSite\",\"@id\":\"https:\/\/evertonfc.cz\/#website\",\"url\":\"https:\/\/evertonfc.cz\/\",\"name\":\"Official Czech &amp; Slovak Everton Supporters&#039; Club\",\"description\":\"\",\"publisher\":{\"@id\":\"https:\/\/evertonfc.cz\/#organization\"},\"potentialAction\":[{\"@type\":\"SearchAction\",\"target\":{\"@type\":\"EntryPoint\",\"urlTemplate\":\"https:\/\/evertonfc.cz\/?s={search_term_string}\"},\"query-input\":{\"@type\":\"PropertyValueSpecification\",\"valueRequired\":true,\"valueName\":\"search_term_string\"}}],\"inLanguage\":\"cs\"},{\"@type\":\"Organization\",\"@id\":\"https:\/\/evertonfc.cz\/#organization\",\"name\":\"Official Czech & Slovak Everton Supporters' Club\",\"url\":\"https:\/\/evertonfc.cz\/\",\"logo\":{\"@type\":\"ImageObject\",\"inLanguage\":\"cs\",\"@id\":\"https:\/\/evertonfc.cz\/#\/schema\/logo\/image\/\",\"url\":\"https:\/\/evertonfc.cz\/wp-content\/uploads\/2019\/05\/logo.png\",\"contentUrl\":\"https:\/\/evertonfc.cz\/wp-content\/uploads\/2019\/05\/logo.png\",\"width\":112,\"height\":112,\"caption\":\"Official Czech & Slovak Everton Supporters' Club\"},\"image\":{\"@id\":\"https:\/\/evertonfc.cz\/#\/schema\/logo\/image\/\"},\"sameAs\":[\"https:\/\/www.facebook.com\/everton.fans.cz.sk\"]}]}<\/script>\n<!-- \/ Yoast SEO plugin. -->","yoast_head_json":{"title":"Patterson v z\u00e1klade reprezent\u00e1cie - Official Czech &amp; Slovak Everton Supporters&#039; Club","robots":{"index":"index","follow":"follow","max-snippet":"max-snippet:-1","max-image-preview":"max-image-preview:large","max-video-preview":"max-video-preview:-1"},"canonical":"https:\/\/evertonfc.cz\/index.php\/news\/patterson-v-zaklade-reprezentacie\/","og_locale":"cs_CZ","og_type":"article","og_title":"Patterson v z\u00e1klade reprezent\u00e1cie - Official Czech &amp; Slovak Everton Supporters&#039; Club","og_description":"20-ro\u010dn\u00fd prav\u00fd \u0161k\u00f3tsky obranca Evertonu Nathan Patterson v\u010dera odohral 67 min\u00fat v priate\u013eskom z\u00e1pase proti v\u00fdberu Po\u013eska. Jeho okam\u017eit\u00e1 selekcia&hellip;","og_url":"https:\/\/evertonfc.cz\/index.php\/news\/patterson-v-zaklade-reprezentacie\/","og_site_name":"Official Czech &amp; Slovak Everton Supporters&#039; Club","article_publisher":"https:\/\/www.facebook.com\/everton.fans.cz.sk","article_modified_time":"2022-03-25T16:02:03+00:00","twitter_card":"summary_large_image","twitter_misc":{"Odhadovan\u00e1 doba \u010dten\u00ed":"1 minuta"},"schema":{"@context":"https:\/\/schema.org","@graph":[{"@type":"WebPage","@id":"https:\/\/evertonfc.cz\/index.php\/news\/patterson-v-zaklade-reprezentacie\/","url":"https:\/\/evertonfc.cz\/index.php\/news\/patterson-v-zaklade-reprezentacie\/","name":"Patterson v z\u00e1klade reprezent\u00e1cie - Official Czech &amp; Slovak Everton Supporters&#039; Club","isPartOf":{"@id":"https:\/\/evertonfc.cz\/#website"},"datePublished":"2022-03-25T15:47:09+00:00","dateModified":"2022-03-25T16:02:03+00:00","breadcrumb":{"@id":"https:\/\/evertonfc.cz\/index.php\/news\/patterson-v-zaklade-reprezentacie\/#breadcrumb"},"inLanguage":"cs","potentialAction":[{"@type":"ReadAction","target":["https:\/\/evertonfc.cz\/index.php\/news\/patterson-v-zaklade-reprezentacie\/"]}]},{"@type":"BreadcrumbList","@id":"https:\/\/evertonfc.cz\/index.php\/news\/patterson-v-zaklade-reprezentacie\/#breadcrumb","itemListElement":[{"@type":"ListItem","position":1,"name":"Home","item":"https:\/\/evertonfc.cz\/"},{"@type":"ListItem","position":2,"name":"News","item":"https:\/\/evertonfc.cz\/index.php\/news\/"},{"@type":"ListItem","position":3,"name":"Patterson v z\u00e1klade reprezent\u00e1cie"}]},{"@type":"WebSite","@id":"https:\/\/evertonfc.cz\/#website","url":"https:\/\/evertonfc.cz\/","name":"Official Czech &amp; Slovak Everton Supporters&#039; Club","description":"","publisher":{"@id":"https:\/\/evertonfc.cz\/#organization"},"potentialAction":[{"@type":"SearchAction","target":{"@type":"EntryPoint","urlTemplate":"https:\/\/evertonfc.cz\/?s={search_term_string}"},"query-input":{"@type":"PropertyValueSpecification","valueRequired":true,"valueName":"search_term_string"}}],"inLanguage":"cs"},{"@type":"Organization","@id":"https:\/\/evertonfc.cz\/#organization","name":"Official Czech & Slovak Everton Supporters' Club","url":"https:\/\/evertonfc.cz\/","logo":{"@type":"ImageObject","inLanguage":"cs","@id":"https:\/\/evertonfc.cz\/#\/schema\/logo\/image\/","url":"https:\/\/evertonfc.cz\/wp-content\/uploads\/2019\/05\/logo.png","contentUrl":"https:\/\/evertonfc.cz\/wp-content\/uploads\/2019\/05\/logo.png","width":112,"height":112,"caption":"Official Czech & Slovak Everton Supporters' Club"},"image":{"@id":"https:\/\/evertonfc.cz\/#\/schema\/logo\/image\/"},"sameAs":["https:\/\/www.facebook.com\/everton.fans.cz.sk"]}]}},"_links":{"self":[{"href":"https:\/\/evertonfc.cz\/index.php\/wp-json\/wp\/v2\/news\/18227"}],"collection":[{"href":"https:\/\/evertonfc.cz\/index.php\/wp-json\/wp\/v2\/news"}],"about":[{"href":"https:\/\/evertonfc.cz\/index.php\/wp-json\/wp\/v2\/types\/news"}],"author":[{"embeddable":true,"href":"https:\/\/evertonfc.cz\/index.php\/wp-json\/wp\/v2\/users\/1"}],"replies":[{"embeddable":true,"href":"https:\/\/evertonfc.cz\/index.php\/wp-json\/wp\/v2\/comments?post=18227"}],"version-history":[{"count":1,"href":"https:\/\/evertonfc.cz\/index.php\/wp-json\/wp\/v2\/news\/18227\/revisions"}],"predecessor-version":[{"id":18228,"href":"https:\/\/evertonfc.cz\/index.php\/wp-json\/wp\/v2\/news\/18227\/revisions\/18228"}],"wp:attachment":[{"href":"https:\/\/evertonfc.cz\/index.php\/wp-json\/wp\/v2\/media?parent=18227"}],"wp:term":[{"taxonomy":"post_tag","embeddable":true,"href":"https:\/\/evertonfc.cz\/index.php\/wp-json\/wp\/v2\/tags?post=18227"},{"taxonomy":"news-category","embeddable":true,"href":"https:\/\/evertonfc.cz\/index.php\/wp-json\/wp\/v2\/news-category?post=18227"}],"curies":[{"name":"wp","href":"https:\/\/api.w.org\/{rel}","templated":true}]}}