{"id":18247,"date":"2022-03-31T18:33:20","date_gmt":"2022-03-31T16:33:20","guid":{"rendered":"https:\/\/evertonfc.cz\/?post_type=news&#038;p=18247"},"modified":"2022-03-31T18:33:20","modified_gmt":"2022-03-31T16:33:20","slug":"buducu-sezonu-5-striedani","status":"publish","type":"news","link":"https:\/\/evertonfc.cz\/index.php\/news\/buducu-sezonu-5-striedani\/","title":{"rendered":"Bud\u00facu sez\u00f3nu 5 striedan\u00ed"},"content":{"rendered":"<p>Akcion\u00e1ri Premier League sa dnes stretli, prediskutovali a ods\u00fahlasili cel\u00fd rad z\u00e1le\u017eitost\u00ed, vr\u00e1tane zmeny pravidiel t\u00fdkaj\u00facich sa striedania hr\u00e1\u010dov od nasleduj\u00faceho ro\u010dn\u00edka. Od bud\u00facej sez\u00f3ny bud\u00fa ma\u0165 kluby povolen\u00e9 pou\u017ei\u0165 p\u00e4\u0165 striedan\u00ed. Tie sa bud\u00fa m\u00f4c\u0165 uskuto\u010dni\u0165 iba trikr\u00e1t po\u010das z\u00e1pasu, s \u010fal\u0161ou mo\u017enos\u0165ou cez pol\u010das.<\/p>\n<p>Kv\u00f4li tomuto pravidlu tie\u017e m\u00f4\u017ee by\u0165 na t\u00edmovej s\u00fapiske uveden\u00fdch celkovo a\u017e dev\u00e4\u0165 n\u00e1hradn\u00edkov. P\u00f4vodne bolo predstaven\u00fdch p\u00e4\u0165 striedan\u00ed v m\u00e1ji 2020 kv\u00f4li pand\u00e9mii koronav\u00edrusu, ale vedenie ligy sa pre sez\u00f3nu 2020\/21 a\u00a0tie\u017e pre prebiehaj\u00facu kampa\u0148 rozhodlo vr\u00e1ti\u0165 sp\u00e4\u0165 k syst\u00e9mu troch n\u00e1hradn\u00edkov. Predt\u00fdm t\u00edmy nieko\u013ekokr\u00e1t za posledn\u00e9 dva roky hlasovali proti zavedeniu piatich n\u00e1hradn\u00edkov.<\/p>\n<p>Bolo tie\u017e potvrden\u00e9, \u017ee prestupov\u00e9 okno v lete 2022 sa otvor\u00ed 10. j\u00fana. Zatvor\u00ed sa 1. septembra o 24:00 CET v s\u00falade s ostatn\u00fdmi eur\u00f3pskymi ligami. Okrem toho Premier League dnes aktualizovala svoje zost\u00e1vaj\u00face opatrenia t\u00fdkaj\u00face sa COVID-19. Od 4. apr\u00edla Premier League zru\u0161\u00ed testovanie hr\u00e1\u010dov a zamestnancov na COVID-19 dvakr\u00e1t t\u00fd\u017edenne a prejde len na symptomatick\u00e9 testovanie.<\/p>\n","protected":false},"excerpt":{"rendered":"<p>Akcion\u00e1ri Premier League sa dnes stretli, prediskutovali a ods\u00fahlasili cel\u00fd rad z\u00e1le\u017eitost\u00ed, vr\u00e1tane zmeny pravidiel t\u00fdkaj\u00facich sa striedania hr\u00e1\u010dov od&hellip;<\/p>\n","protected":false},"author":1,"featured_media":0,"comment_status":"open","ping_status":"closed","template":"","tags":[],"news-category":[18],"yoast_head":"<!-- This site is optimized with the Yoast SEO plugin v23.4 - https:\/\/yoast.com\/wordpress\/plugins\/seo\/ -->\n<title>Bud\u00facu sez\u00f3nu 5 striedan\u00ed - Official Czech &amp; Slovak Everton Supporters&#039; Club<\/title>\n<meta name=\"robots\" content=\"index, follow, max-snippet:-1, max-image-preview:large, max-video-preview:-1\" \/>\n<link rel=\"canonical\" href=\"https:\/\/evertonfc.cz\/index.php\/news\/buducu-sezonu-5-striedani\/\" \/>\n<meta property=\"og:locale\" content=\"cs_CZ\" \/>\n<meta property=\"og:type\" content=\"article\" \/>\n<meta property=\"og:title\" content=\"Bud\u00facu sez\u00f3nu 5 striedan\u00ed - Official Czech &amp; Slovak Everton Supporters&#039; Club\" \/>\n<meta property=\"og:description\" content=\"Akcion\u00e1ri Premier League sa dnes stretli, prediskutovali a ods\u00fahlasili cel\u00fd rad z\u00e1le\u017eitost\u00ed, vr\u00e1tane zmeny pravidiel t\u00fdkaj\u00facich sa striedania hr\u00e1\u010dov od&hellip;\" \/>\n<meta property=\"og:url\" content=\"https:\/\/evertonfc.cz\/index.php\/news\/buducu-sezonu-5-striedani\/\" \/>\n<meta property=\"og:site_name\" content=\"Official Czech &amp; Slovak Everton Supporters&#039; Club\" \/>\n<meta property=\"article:publisher\" content=\"https:\/\/www.facebook.com\/everton.fans.cz.sk\" \/>\n<meta name=\"twitter:card\" content=\"summary_large_image\" \/>\n<meta name=\"twitter:label1\" content=\"Odhadovan\u00e1 doba \u010dten\u00ed\" \/>\n\t<meta name=\"twitter:data1\" content=\"1 minuta\" \/>\n<script type=\"application\/ld+json\" class=\"yoast-schema-graph\">{\"@context\":\"https:\/\/schema.org\",\"@graph\":[{\"@type\":\"WebPage\",\"@id\":\"https:\/\/evertonfc.cz\/index.php\/news\/buducu-sezonu-5-striedani\/\",\"url\":\"https:\/\/evertonfc.cz\/index.php\/news\/buducu-sezonu-5-striedani\/\",\"name\":\"Bud\u00facu sez\u00f3nu 5 striedan\u00ed - Official Czech &amp; Slovak Everton Supporters&#039; Club\",\"isPartOf\":{\"@id\":\"https:\/\/evertonfc.cz\/#website\"},\"datePublished\":\"2022-03-31T16:33:20+00:00\",\"dateModified\":\"2022-03-31T16:33:20+00:00\",\"breadcrumb\":{\"@id\":\"https:\/\/evertonfc.cz\/index.php\/news\/buducu-sezonu-5-striedani\/#breadcrumb\"},\"inLanguage\":\"cs\",\"potentialAction\":[{\"@type\":\"ReadAction\",\"target\":[\"https:\/\/evertonfc.cz\/index.php\/news\/buducu-sezonu-5-striedani\/\"]}]},{\"@type\":\"BreadcrumbList\",\"@id\":\"https:\/\/evertonfc.cz\/index.php\/news\/buducu-sezonu-5-striedani\/#breadcrumb\",\"itemListElement\":[{\"@type\":\"ListItem\",\"position\":1,\"name\":\"Home\",\"item\":\"https:\/\/evertonfc.cz\/\"},{\"@type\":\"ListItem\",\"position\":2,\"name\":\"News\",\"item\":\"https:\/\/evertonfc.cz\/index.php\/news\/\"},{\"@type\":\"ListItem\",\"position\":3,\"name\":\"Bud\u00facu sez\u00f3nu 5 striedan\u00ed\"}]},{\"@type\":\"WebSite\",\"@id\":\"https:\/\/evertonfc.cz\/#website\",\"url\":\"https:\/\/evertonfc.cz\/\",\"name\":\"Official Czech &amp; Slovak Everton Supporters&#039; Club\",\"description\":\"\",\"publisher\":{\"@id\":\"https:\/\/evertonfc.cz\/#organization\"},\"potentialAction\":[{\"@type\":\"SearchAction\",\"target\":{\"@type\":\"EntryPoint\",\"urlTemplate\":\"https:\/\/evertonfc.cz\/?s={search_term_string}\"},\"query-input\":{\"@type\":\"PropertyValueSpecification\",\"valueRequired\":true,\"valueName\":\"search_term_string\"}}],\"inLanguage\":\"cs\"},{\"@type\":\"Organization\",\"@id\":\"https:\/\/evertonfc.cz\/#organization\",\"name\":\"Official Czech & Slovak Everton Supporters' Club\",\"url\":\"https:\/\/evertonfc.cz\/\",\"logo\":{\"@type\":\"ImageObject\",\"inLanguage\":\"cs\",\"@id\":\"https:\/\/evertonfc.cz\/#\/schema\/logo\/image\/\",\"url\":\"https:\/\/evertonfc.cz\/wp-content\/uploads\/2019\/05\/logo.png\",\"contentUrl\":\"https:\/\/evertonfc.cz\/wp-content\/uploads\/2019\/05\/logo.png\",\"width\":112,\"height\":112,\"caption\":\"Official Czech & Slovak Everton Supporters' Club\"},\"image\":{\"@id\":\"https:\/\/evertonfc.cz\/#\/schema\/logo\/image\/\"},\"sameAs\":[\"https:\/\/www.facebook.com\/everton.fans.cz.sk\"]}]}<\/script>\n<!-- \/ Yoast SEO plugin. -->","yoast_head_json":{"title":"Bud\u00facu sez\u00f3nu 5 striedan\u00ed - Official Czech &amp; Slovak Everton Supporters&#039; Club","robots":{"index":"index","follow":"follow","max-snippet":"max-snippet:-1","max-image-preview":"max-image-preview:large","max-video-preview":"max-video-preview:-1"},"canonical":"https:\/\/evertonfc.cz\/index.php\/news\/buducu-sezonu-5-striedani\/","og_locale":"cs_CZ","og_type":"article","og_title":"Bud\u00facu sez\u00f3nu 5 striedan\u00ed - Official Czech &amp; Slovak Everton Supporters&#039; Club","og_description":"Akcion\u00e1ri Premier League sa dnes stretli, prediskutovali a ods\u00fahlasili cel\u00fd rad z\u00e1le\u017eitost\u00ed, vr\u00e1tane zmeny pravidiel t\u00fdkaj\u00facich sa striedania hr\u00e1\u010dov od&hellip;","og_url":"https:\/\/evertonfc.cz\/index.php\/news\/buducu-sezonu-5-striedani\/","og_site_name":"Official Czech &amp; Slovak Everton Supporters&#039; Club","article_publisher":"https:\/\/www.facebook.com\/everton.fans.cz.sk","twitter_card":"summary_large_image","twitter_misc":{"Odhadovan\u00e1 doba \u010dten\u00ed":"1 minuta"},"schema":{"@context":"https:\/\/schema.org","@graph":[{"@type":"WebPage","@id":"https:\/\/evertonfc.cz\/index.php\/news\/buducu-sezonu-5-striedani\/","url":"https:\/\/evertonfc.cz\/index.php\/news\/buducu-sezonu-5-striedani\/","name":"Bud\u00facu sez\u00f3nu 5 striedan\u00ed - Official Czech &amp; Slovak Everton Supporters&#039; Club","isPartOf":{"@id":"https:\/\/evertonfc.cz\/#website"},"datePublished":"2022-03-31T16:33:20+00:00","dateModified":"2022-03-31T16:33:20+00:00","breadcrumb":{"@id":"https:\/\/evertonfc.cz\/index.php\/news\/buducu-sezonu-5-striedani\/#breadcrumb"},"inLanguage":"cs","potentialAction":[{"@type":"ReadAction","target":["https:\/\/evertonfc.cz\/index.php\/news\/buducu-sezonu-5-striedani\/"]}]},{"@type":"BreadcrumbList","@id":"https:\/\/evertonfc.cz\/index.php\/news\/buducu-sezonu-5-striedani\/#breadcrumb","itemListElement":[{"@type":"ListItem","position":1,"name":"Home","item":"https:\/\/evertonfc.cz\/"},{"@type":"ListItem","position":2,"name":"News","item":"https:\/\/evertonfc.cz\/index.php\/news\/"},{"@type":"ListItem","position":3,"name":"Bud\u00facu sez\u00f3nu 5 striedan\u00ed"}]},{"@type":"WebSite","@id":"https:\/\/evertonfc.cz\/#website","url":"https:\/\/evertonfc.cz\/","name":"Official Czech &amp; Slovak Everton Supporters&#039; Club","description":"","publisher":{"@id":"https:\/\/evertonfc.cz\/#organization"},"potentialAction":[{"@type":"SearchAction","target":{"@type":"EntryPoint","urlTemplate":"https:\/\/evertonfc.cz\/?s={search_term_string}"},"query-input":{"@type":"PropertyValueSpecification","valueRequired":true,"valueName":"search_term_string"}}],"inLanguage":"cs"},{"@type":"Organization","@id":"https:\/\/evertonfc.cz\/#organization","name":"Official Czech & Slovak Everton Supporters' Club","url":"https:\/\/evertonfc.cz\/","logo":{"@type":"ImageObject","inLanguage":"cs","@id":"https:\/\/evertonfc.cz\/#\/schema\/logo\/image\/","url":"https:\/\/evertonfc.cz\/wp-content\/uploads\/2019\/05\/logo.png","contentUrl":"https:\/\/evertonfc.cz\/wp-content\/uploads\/2019\/05\/logo.png","width":112,"height":112,"caption":"Official Czech & Slovak Everton Supporters' Club"},"image":{"@id":"https:\/\/evertonfc.cz\/#\/schema\/logo\/image\/"},"sameAs":["https:\/\/www.facebook.com\/everton.fans.cz.sk"]}]}},"_links":{"self":[{"href":"https:\/\/evertonfc.cz\/index.php\/wp-json\/wp\/v2\/news\/18247"}],"collection":[{"href":"https:\/\/evertonfc.cz\/index.php\/wp-json\/wp\/v2\/news"}],"about":[{"href":"https:\/\/evertonfc.cz\/index.php\/wp-json\/wp\/v2\/types\/news"}],"author":[{"embeddable":true,"href":"https:\/\/evertonfc.cz\/index.php\/wp-json\/wp\/v2\/users\/1"}],"replies":[{"embeddable":true,"href":"https:\/\/evertonfc.cz\/index.php\/wp-json\/wp\/v2\/comments?post=18247"}],"version-history":[{"count":0,"href":"https:\/\/evertonfc.cz\/index.php\/wp-json\/wp\/v2\/news\/18247\/revisions"}],"wp:attachment":[{"href":"https:\/\/evertonfc.cz\/index.php\/wp-json\/wp\/v2\/media?parent=18247"}],"wp:term":[{"taxonomy":"post_tag","embeddable":true,"href":"https:\/\/evertonfc.cz\/index.php\/wp-json\/wp\/v2\/tags?post=18247"},{"taxonomy":"news-category","embeddable":true,"href":"https:\/\/evertonfc.cz\/index.php\/wp-json\/wp\/v2\/news-category?post=18247"}],"curies":[{"name":"wp","href":"https:\/\/api.w.org\/{rel}","templated":true}]}}