{"id":18266,"date":"2022-04-01T18:40:48","date_gmt":"2022-04-01T16:40:48","guid":{"rendered":"https:\/\/evertonfc.cz\/?post_type=news&#038;p=18266"},"modified":"2022-04-01T18:40:48","modified_gmt":"2022-04-01T16:40:48","slug":"valerie-gauvin-odchazi","status":"publish","type":"news","link":"https:\/\/evertonfc.cz\/index.php\/news\/valerie-gauvin-odchazi\/","title":{"rendered":"Val\u00e9rie Gauvin odch\u00e1z\u00ed"},"content":{"rendered":"<p>Klub dnes zve\u0159ejnil zpr\u00e1vu, \u017ee Val\u00e9rie Gauvin opou\u0161t\u00ed \u0159ady evertonsk\u00e9 a podepsala jednoletou smlouvu se severoamerick\u00fdm North Caroline Courage.\u00a0 Gauvin, roda\u010dka z ostrovn\u00edho Reunionu,\u00a0 p\u0159i\u0161la do Klubu v l\u00e9t\u011b 2020 z Montpellier. Uvedla se velmi dob\u0159e, jej\u00ed s\u00edla a hlavi\u010dk\u00e1\u0159sk\u00e9 schopnosti j\u00ed na podzim 2020 zajistili m\u00edsto mezi nej\u00fasp\u011b\u0161n\u011bj\u0161\u00edmi st\u0159elkyn\u011bmi Evertonu. Bohu\u017eel, po necel\u00fdch t\u0159ech m\u011bs\u00edc\u00edch v prohran\u00e9m fin\u00e1le WFA Cup ve Wembley si v z\u00e1pase proti Citizens zranila stehno (a rovn\u011b\u017e sk\u00f3rovala). Po takto vynucen\u00e9 pauze\u00a0 se u\u017e nedok\u00e1zala vr\u00e1tit na svoj\u00ed d\u0159\u00edv\u011bj\u0161\u00ed \u00farove\u0148. Do z\u00e1pas\u016f nastupovala v\u011bt\u0161inou z lavi\u010dky a u\u017e nebyla postrachem soupe\u0159ov\u00fdch brank\u00e1\u0159ek. Celkov\u011b ve 26 z\u00e1pasech vst\u0159elila 5 branek. North Caroline Courage jsou zat\u00edm v \u010dele v\u00fdchodn\u00ed divize NWSL, nejvy\u0161\u0161\u00ed sout\u011b\u017ee ve Spojen\u00fdch st\u00e1tech. Pro Gauvin p\u0159edstavuj\u00ed velmi l\u00e1kavou mo\u017enost znovu o\u017eivit stagnuj\u00edc\u00ed kari\u00e9ru. <strong>Merci pour tout et bonne chance, Val\u00e9rie!<\/strong><\/p>\n","protected":false},"excerpt":{"rendered":"<p>Klub dnes zve\u0159ejnil zpr\u00e1vu, \u017ee Val\u00e9rie Gauvin opou\u0161t\u00ed \u0159ady evertonsk\u00e9 a podepsala jednoletou smlouvu se severoamerick\u00fdm North Caroline Courage.\u00a0 Gauvin,&hellip;<\/p>\n","protected":false},"author":26,"featured_media":0,"comment_status":"open","ping_status":"closed","template":"","tags":[],"news-category":[18],"yoast_head":"<!-- This site is optimized with the Yoast SEO plugin v23.4 - https:\/\/yoast.com\/wordpress\/plugins\/seo\/ -->\n<title>Val\u00e9rie Gauvin odch\u00e1z\u00ed - Official Czech &amp; Slovak Everton Supporters&#039; Club<\/title>\n<meta name=\"robots\" content=\"index, follow, max-snippet:-1, max-image-preview:large, max-video-preview:-1\" \/>\n<link rel=\"canonical\" href=\"https:\/\/evertonfc.cz\/index.php\/news\/valerie-gauvin-odchazi\/\" \/>\n<meta property=\"og:locale\" content=\"cs_CZ\" \/>\n<meta property=\"og:type\" content=\"article\" \/>\n<meta property=\"og:title\" content=\"Val\u00e9rie Gauvin odch\u00e1z\u00ed - Official Czech &amp; Slovak Everton Supporters&#039; Club\" \/>\n<meta property=\"og:description\" content=\"Klub dnes zve\u0159ejnil zpr\u00e1vu, \u017ee Val\u00e9rie Gauvin opou\u0161t\u00ed \u0159ady evertonsk\u00e9 a podepsala jednoletou smlouvu se severoamerick\u00fdm North Caroline Courage.\u00a0 Gauvin,&hellip;\" \/>\n<meta property=\"og:url\" content=\"https:\/\/evertonfc.cz\/index.php\/news\/valerie-gauvin-odchazi\/\" \/>\n<meta property=\"og:site_name\" content=\"Official Czech &amp; Slovak Everton Supporters&#039; Club\" \/>\n<meta property=\"article:publisher\" content=\"https:\/\/www.facebook.com\/everton.fans.cz.sk\" \/>\n<meta name=\"twitter:card\" content=\"summary_large_image\" \/>\n<meta name=\"twitter:label1\" content=\"Odhadovan\u00e1 doba \u010dten\u00ed\" \/>\n\t<meta name=\"twitter:data1\" content=\"1 minuta\" \/>\n<script type=\"application\/ld+json\" class=\"yoast-schema-graph\">{\"@context\":\"https:\/\/schema.org\",\"@graph\":[{\"@type\":\"WebPage\",\"@id\":\"https:\/\/evertonfc.cz\/index.php\/news\/valerie-gauvin-odchazi\/\",\"url\":\"https:\/\/evertonfc.cz\/index.php\/news\/valerie-gauvin-odchazi\/\",\"name\":\"Val\u00e9rie Gauvin odch\u00e1z\u00ed - Official Czech &amp; Slovak Everton Supporters&#039; Club\",\"isPartOf\":{\"@id\":\"https:\/\/evertonfc.cz\/#website\"},\"datePublished\":\"2022-04-01T16:40:48+00:00\",\"dateModified\":\"2022-04-01T16:40:48+00:00\",\"breadcrumb\":{\"@id\":\"https:\/\/evertonfc.cz\/index.php\/news\/valerie-gauvin-odchazi\/#breadcrumb\"},\"inLanguage\":\"cs\",\"potentialAction\":[{\"@type\":\"ReadAction\",\"target\":[\"https:\/\/evertonfc.cz\/index.php\/news\/valerie-gauvin-odchazi\/\"]}]},{\"@type\":\"BreadcrumbList\",\"@id\":\"https:\/\/evertonfc.cz\/index.php\/news\/valerie-gauvin-odchazi\/#breadcrumb\",\"itemListElement\":[{\"@type\":\"ListItem\",\"position\":1,\"name\":\"Home\",\"item\":\"https:\/\/evertonfc.cz\/\"},{\"@type\":\"ListItem\",\"position\":2,\"name\":\"News\",\"item\":\"https:\/\/evertonfc.cz\/index.php\/news\/\"},{\"@type\":\"ListItem\",\"position\":3,\"name\":\"Val\u00e9rie Gauvin odch\u00e1z\u00ed\"}]},{\"@type\":\"WebSite\",\"@id\":\"https:\/\/evertonfc.cz\/#website\",\"url\":\"https:\/\/evertonfc.cz\/\",\"name\":\"Official Czech &amp; Slovak Everton Supporters&#039; Club\",\"description\":\"\",\"publisher\":{\"@id\":\"https:\/\/evertonfc.cz\/#organization\"},\"potentialAction\":[{\"@type\":\"SearchAction\",\"target\":{\"@type\":\"EntryPoint\",\"urlTemplate\":\"https:\/\/evertonfc.cz\/?s={search_term_string}\"},\"query-input\":{\"@type\":\"PropertyValueSpecification\",\"valueRequired\":true,\"valueName\":\"search_term_string\"}}],\"inLanguage\":\"cs\"},{\"@type\":\"Organization\",\"@id\":\"https:\/\/evertonfc.cz\/#organization\",\"name\":\"Official Czech & Slovak Everton Supporters' Club\",\"url\":\"https:\/\/evertonfc.cz\/\",\"logo\":{\"@type\":\"ImageObject\",\"inLanguage\":\"cs\",\"@id\":\"https:\/\/evertonfc.cz\/#\/schema\/logo\/image\/\",\"url\":\"https:\/\/evertonfc.cz\/wp-content\/uploads\/2019\/05\/logo.png\",\"contentUrl\":\"https:\/\/evertonfc.cz\/wp-content\/uploads\/2019\/05\/logo.png\",\"width\":112,\"height\":112,\"caption\":\"Official Czech & Slovak Everton Supporters' Club\"},\"image\":{\"@id\":\"https:\/\/evertonfc.cz\/#\/schema\/logo\/image\/\"},\"sameAs\":[\"https:\/\/www.facebook.com\/everton.fans.cz.sk\"]}]}<\/script>\n<!-- \/ Yoast SEO plugin. -->","yoast_head_json":{"title":"Val\u00e9rie Gauvin odch\u00e1z\u00ed - Official Czech &amp; Slovak Everton Supporters&#039; Club","robots":{"index":"index","follow":"follow","max-snippet":"max-snippet:-1","max-image-preview":"max-image-preview:large","max-video-preview":"max-video-preview:-1"},"canonical":"https:\/\/evertonfc.cz\/index.php\/news\/valerie-gauvin-odchazi\/","og_locale":"cs_CZ","og_type":"article","og_title":"Val\u00e9rie Gauvin odch\u00e1z\u00ed - Official Czech &amp; Slovak Everton Supporters&#039; Club","og_description":"Klub dnes zve\u0159ejnil zpr\u00e1vu, \u017ee Val\u00e9rie Gauvin opou\u0161t\u00ed \u0159ady evertonsk\u00e9 a podepsala jednoletou smlouvu se severoamerick\u00fdm North Caroline Courage.\u00a0 Gauvin,&hellip;","og_url":"https:\/\/evertonfc.cz\/index.php\/news\/valerie-gauvin-odchazi\/","og_site_name":"Official Czech &amp; Slovak Everton Supporters&#039; Club","article_publisher":"https:\/\/www.facebook.com\/everton.fans.cz.sk","twitter_card":"summary_large_image","twitter_misc":{"Odhadovan\u00e1 doba \u010dten\u00ed":"1 minuta"},"schema":{"@context":"https:\/\/schema.org","@graph":[{"@type":"WebPage","@id":"https:\/\/evertonfc.cz\/index.php\/news\/valerie-gauvin-odchazi\/","url":"https:\/\/evertonfc.cz\/index.php\/news\/valerie-gauvin-odchazi\/","name":"Val\u00e9rie Gauvin odch\u00e1z\u00ed - Official Czech &amp; Slovak Everton Supporters&#039; Club","isPartOf":{"@id":"https:\/\/evertonfc.cz\/#website"},"datePublished":"2022-04-01T16:40:48+00:00","dateModified":"2022-04-01T16:40:48+00:00","breadcrumb":{"@id":"https:\/\/evertonfc.cz\/index.php\/news\/valerie-gauvin-odchazi\/#breadcrumb"},"inLanguage":"cs","potentialAction":[{"@type":"ReadAction","target":["https:\/\/evertonfc.cz\/index.php\/news\/valerie-gauvin-odchazi\/"]}]},{"@type":"BreadcrumbList","@id":"https:\/\/evertonfc.cz\/index.php\/news\/valerie-gauvin-odchazi\/#breadcrumb","itemListElement":[{"@type":"ListItem","position":1,"name":"Home","item":"https:\/\/evertonfc.cz\/"},{"@type":"ListItem","position":2,"name":"News","item":"https:\/\/evertonfc.cz\/index.php\/news\/"},{"@type":"ListItem","position":3,"name":"Val\u00e9rie Gauvin odch\u00e1z\u00ed"}]},{"@type":"WebSite","@id":"https:\/\/evertonfc.cz\/#website","url":"https:\/\/evertonfc.cz\/","name":"Official Czech &amp; Slovak Everton Supporters&#039; Club","description":"","publisher":{"@id":"https:\/\/evertonfc.cz\/#organization"},"potentialAction":[{"@type":"SearchAction","target":{"@type":"EntryPoint","urlTemplate":"https:\/\/evertonfc.cz\/?s={search_term_string}"},"query-input":{"@type":"PropertyValueSpecification","valueRequired":true,"valueName":"search_term_string"}}],"inLanguage":"cs"},{"@type":"Organization","@id":"https:\/\/evertonfc.cz\/#organization","name":"Official Czech & Slovak Everton Supporters' Club","url":"https:\/\/evertonfc.cz\/","logo":{"@type":"ImageObject","inLanguage":"cs","@id":"https:\/\/evertonfc.cz\/#\/schema\/logo\/image\/","url":"https:\/\/evertonfc.cz\/wp-content\/uploads\/2019\/05\/logo.png","contentUrl":"https:\/\/evertonfc.cz\/wp-content\/uploads\/2019\/05\/logo.png","width":112,"height":112,"caption":"Official Czech & Slovak Everton Supporters' Club"},"image":{"@id":"https:\/\/evertonfc.cz\/#\/schema\/logo\/image\/"},"sameAs":["https:\/\/www.facebook.com\/everton.fans.cz.sk"]}]}},"_links":{"self":[{"href":"https:\/\/evertonfc.cz\/index.php\/wp-json\/wp\/v2\/news\/18266"}],"collection":[{"href":"https:\/\/evertonfc.cz\/index.php\/wp-json\/wp\/v2\/news"}],"about":[{"href":"https:\/\/evertonfc.cz\/index.php\/wp-json\/wp\/v2\/types\/news"}],"author":[{"embeddable":true,"href":"https:\/\/evertonfc.cz\/index.php\/wp-json\/wp\/v2\/users\/26"}],"replies":[{"embeddable":true,"href":"https:\/\/evertonfc.cz\/index.php\/wp-json\/wp\/v2\/comments?post=18266"}],"version-history":[{"count":0,"href":"https:\/\/evertonfc.cz\/index.php\/wp-json\/wp\/v2\/news\/18266\/revisions"}],"wp:attachment":[{"href":"https:\/\/evertonfc.cz\/index.php\/wp-json\/wp\/v2\/media?parent=18266"}],"wp:term":[{"taxonomy":"post_tag","embeddable":true,"href":"https:\/\/evertonfc.cz\/index.php\/wp-json\/wp\/v2\/tags?post=18266"},{"taxonomy":"news-category","embeddable":true,"href":"https:\/\/evertonfc.cz\/index.php\/wp-json\/wp\/v2\/news-category?post=18266"}],"curies":[{"name":"wp","href":"https:\/\/api.w.org\/{rel}","templated":true}]}}