{"id":18344,"date":"2022-04-07T13:11:41","date_gmt":"2022-04-07T11:11:41","guid":{"rendered":"https:\/\/evertonfc.cz\/?post_type=news&#038;p=18344"},"modified":"2022-04-07T13:11:41","modified_gmt":"2022-04-07T11:11:41","slug":"charita-na-rukavoch-do-konca-sezony","status":"publish","type":"news","link":"https:\/\/evertonfc.cz\/index.php\/news\/charita-na-rukavoch-do-konca-sezony\/","title":{"rendered":"Charita na ruk\u00e1voch do konca sez\u00f3ny"},"content":{"rendered":"<p>Everton u\u017e dlhodobo od konca zmluvy so \u0161t\u00fadiom Rovio nevie n\u00e1js\u0165 nov\u00e9ho komer\u010dn\u00e9ho partnera pre sponzoring na ruk\u00e1voch svojich dresov. Preto tento t\u00fd\u017ede\u0148 prijal rozhodnutie, \u017ee do konca aktu\u00e1lnej sez\u00f3ny venuje tento priestor Mimoriadnemu v\u00fdboru pre katastrofy (DEC). Bude zobrazova\u0165 Ukrajinsk\u00fa humanit\u00e1rnu v\u00fdzvu. EFC a DEC spustili linku, ktor\u00e1 umo\u017e\u0148uje fan\u00fa\u0161ikom darova\u0165 \u00a310 zaslan\u00edm sms EVERTON na \u010d\u00edslo 70150.<\/p>\n<p>Darovanie n\u00e1\u0161ivky na charitat\u00edvnu kampa\u0148 so s\u00fahlasom Premier League je najnov\u0161ou iniciat\u00edvou klubu na podporu \u00fasilia o z\u00edskanie finan\u010dn\u00fdch prostriedkov pre \u013eud\u00ed postihnut\u00fdch prebiehaj\u00facou humanit\u00e1rnou kr\u00edzou na Ukrajine. T\u00e1to spr\u00e1va nasleduje po ned\u00e1vnom ozn\u00e1men\u00ed, \u017ee Everton podporil \u00fasilie o z\u00edskanie finan\u010dn\u00fdch prostriedkov pre DEC pr\u00edspevkom 500 000 libier, ktor\u00fd pozost\u00e1val z daru klubu vo v\u00fd\u0161ke 250 000 libier. N\u00e1sledne bol zdvojn\u00e1soben\u00fd predsedom Kenwrightom a v\u00e4\u010d\u0161inov\u00fdm akcion\u00e1rom Moshirim.<\/p>\n","protected":false},"excerpt":{"rendered":"<p>Everton u\u017e dlhodobo od konca zmluvy so \u0161t\u00fadiom Rovio nevie n\u00e1js\u0165 nov\u00e9ho komer\u010dn\u00e9ho partnera pre sponzoring na ruk\u00e1voch svojich dresov.&hellip;<\/p>\n","protected":false},"author":1,"featured_media":0,"comment_status":"open","ping_status":"closed","template":"","tags":[],"news-category":[18],"yoast_head":"<!-- This site is optimized with the Yoast SEO plugin v23.4 - https:\/\/yoast.com\/wordpress\/plugins\/seo\/ -->\n<title>Charita na ruk\u00e1voch do konca sez\u00f3ny - Official Czech &amp; Slovak Everton Supporters&#039; Club<\/title>\n<meta name=\"robots\" content=\"index, follow, max-snippet:-1, max-image-preview:large, max-video-preview:-1\" \/>\n<link rel=\"canonical\" href=\"https:\/\/evertonfc.cz\/index.php\/news\/charita-na-rukavoch-do-konca-sezony\/\" \/>\n<meta property=\"og:locale\" content=\"cs_CZ\" \/>\n<meta property=\"og:type\" content=\"article\" \/>\n<meta property=\"og:title\" content=\"Charita na ruk\u00e1voch do konca sez\u00f3ny - Official Czech &amp; Slovak Everton Supporters&#039; Club\" \/>\n<meta property=\"og:description\" content=\"Everton u\u017e dlhodobo od konca zmluvy so \u0161t\u00fadiom Rovio nevie n\u00e1js\u0165 nov\u00e9ho komer\u010dn\u00e9ho partnera pre sponzoring na ruk\u00e1voch svojich dresov.&hellip;\" \/>\n<meta property=\"og:url\" content=\"https:\/\/evertonfc.cz\/index.php\/news\/charita-na-rukavoch-do-konca-sezony\/\" \/>\n<meta property=\"og:site_name\" content=\"Official Czech &amp; Slovak Everton Supporters&#039; Club\" \/>\n<meta property=\"article:publisher\" content=\"https:\/\/www.facebook.com\/everton.fans.cz.sk\" \/>\n<meta name=\"twitter:card\" content=\"summary_large_image\" \/>\n<meta name=\"twitter:label1\" content=\"Odhadovan\u00e1 doba \u010dten\u00ed\" \/>\n\t<meta name=\"twitter:data1\" content=\"1 minuta\" \/>\n<script type=\"application\/ld+json\" class=\"yoast-schema-graph\">{\"@context\":\"https:\/\/schema.org\",\"@graph\":[{\"@type\":\"WebPage\",\"@id\":\"https:\/\/evertonfc.cz\/index.php\/news\/charita-na-rukavoch-do-konca-sezony\/\",\"url\":\"https:\/\/evertonfc.cz\/index.php\/news\/charita-na-rukavoch-do-konca-sezony\/\",\"name\":\"Charita na ruk\u00e1voch do konca sez\u00f3ny - Official Czech &amp; Slovak Everton Supporters&#039; Club\",\"isPartOf\":{\"@id\":\"https:\/\/evertonfc.cz\/#website\"},\"datePublished\":\"2022-04-07T11:11:41+00:00\",\"dateModified\":\"2022-04-07T11:11:41+00:00\",\"breadcrumb\":{\"@id\":\"https:\/\/evertonfc.cz\/index.php\/news\/charita-na-rukavoch-do-konca-sezony\/#breadcrumb\"},\"inLanguage\":\"cs\",\"potentialAction\":[{\"@type\":\"ReadAction\",\"target\":[\"https:\/\/evertonfc.cz\/index.php\/news\/charita-na-rukavoch-do-konca-sezony\/\"]}]},{\"@type\":\"BreadcrumbList\",\"@id\":\"https:\/\/evertonfc.cz\/index.php\/news\/charita-na-rukavoch-do-konca-sezony\/#breadcrumb\",\"itemListElement\":[{\"@type\":\"ListItem\",\"position\":1,\"name\":\"Home\",\"item\":\"https:\/\/evertonfc.cz\/\"},{\"@type\":\"ListItem\",\"position\":2,\"name\":\"News\",\"item\":\"https:\/\/evertonfc.cz\/index.php\/news\/\"},{\"@type\":\"ListItem\",\"position\":3,\"name\":\"Charita na ruk\u00e1voch do konca sez\u00f3ny\"}]},{\"@type\":\"WebSite\",\"@id\":\"https:\/\/evertonfc.cz\/#website\",\"url\":\"https:\/\/evertonfc.cz\/\",\"name\":\"Official Czech &amp; Slovak Everton Supporters&#039; Club\",\"description\":\"\",\"publisher\":{\"@id\":\"https:\/\/evertonfc.cz\/#organization\"},\"potentialAction\":[{\"@type\":\"SearchAction\",\"target\":{\"@type\":\"EntryPoint\",\"urlTemplate\":\"https:\/\/evertonfc.cz\/?s={search_term_string}\"},\"query-input\":{\"@type\":\"PropertyValueSpecification\",\"valueRequired\":true,\"valueName\":\"search_term_string\"}}],\"inLanguage\":\"cs\"},{\"@type\":\"Organization\",\"@id\":\"https:\/\/evertonfc.cz\/#organization\",\"name\":\"Official Czech & Slovak Everton Supporters' Club\",\"url\":\"https:\/\/evertonfc.cz\/\",\"logo\":{\"@type\":\"ImageObject\",\"inLanguage\":\"cs\",\"@id\":\"https:\/\/evertonfc.cz\/#\/schema\/logo\/image\/\",\"url\":\"https:\/\/evertonfc.cz\/wp-content\/uploads\/2019\/05\/logo.png\",\"contentUrl\":\"https:\/\/evertonfc.cz\/wp-content\/uploads\/2019\/05\/logo.png\",\"width\":112,\"height\":112,\"caption\":\"Official Czech & Slovak Everton Supporters' Club\"},\"image\":{\"@id\":\"https:\/\/evertonfc.cz\/#\/schema\/logo\/image\/\"},\"sameAs\":[\"https:\/\/www.facebook.com\/everton.fans.cz.sk\"]}]}<\/script>\n<!-- \/ Yoast SEO plugin. -->","yoast_head_json":{"title":"Charita na ruk\u00e1voch do konca sez\u00f3ny - Official Czech &amp; Slovak Everton Supporters&#039; Club","robots":{"index":"index","follow":"follow","max-snippet":"max-snippet:-1","max-image-preview":"max-image-preview:large","max-video-preview":"max-video-preview:-1"},"canonical":"https:\/\/evertonfc.cz\/index.php\/news\/charita-na-rukavoch-do-konca-sezony\/","og_locale":"cs_CZ","og_type":"article","og_title":"Charita na ruk\u00e1voch do konca sez\u00f3ny - Official Czech &amp; Slovak Everton Supporters&#039; Club","og_description":"Everton u\u017e dlhodobo od konca zmluvy so \u0161t\u00fadiom Rovio nevie n\u00e1js\u0165 nov\u00e9ho komer\u010dn\u00e9ho partnera pre sponzoring na ruk\u00e1voch svojich dresov.&hellip;","og_url":"https:\/\/evertonfc.cz\/index.php\/news\/charita-na-rukavoch-do-konca-sezony\/","og_site_name":"Official Czech &amp; Slovak Everton Supporters&#039; Club","article_publisher":"https:\/\/www.facebook.com\/everton.fans.cz.sk","twitter_card":"summary_large_image","twitter_misc":{"Odhadovan\u00e1 doba \u010dten\u00ed":"1 minuta"},"schema":{"@context":"https:\/\/schema.org","@graph":[{"@type":"WebPage","@id":"https:\/\/evertonfc.cz\/index.php\/news\/charita-na-rukavoch-do-konca-sezony\/","url":"https:\/\/evertonfc.cz\/index.php\/news\/charita-na-rukavoch-do-konca-sezony\/","name":"Charita na ruk\u00e1voch do konca sez\u00f3ny - Official Czech &amp; Slovak Everton Supporters&#039; Club","isPartOf":{"@id":"https:\/\/evertonfc.cz\/#website"},"datePublished":"2022-04-07T11:11:41+00:00","dateModified":"2022-04-07T11:11:41+00:00","breadcrumb":{"@id":"https:\/\/evertonfc.cz\/index.php\/news\/charita-na-rukavoch-do-konca-sezony\/#breadcrumb"},"inLanguage":"cs","potentialAction":[{"@type":"ReadAction","target":["https:\/\/evertonfc.cz\/index.php\/news\/charita-na-rukavoch-do-konca-sezony\/"]}]},{"@type":"BreadcrumbList","@id":"https:\/\/evertonfc.cz\/index.php\/news\/charita-na-rukavoch-do-konca-sezony\/#breadcrumb","itemListElement":[{"@type":"ListItem","position":1,"name":"Home","item":"https:\/\/evertonfc.cz\/"},{"@type":"ListItem","position":2,"name":"News","item":"https:\/\/evertonfc.cz\/index.php\/news\/"},{"@type":"ListItem","position":3,"name":"Charita na ruk\u00e1voch do konca sez\u00f3ny"}]},{"@type":"WebSite","@id":"https:\/\/evertonfc.cz\/#website","url":"https:\/\/evertonfc.cz\/","name":"Official Czech &amp; Slovak Everton Supporters&#039; Club","description":"","publisher":{"@id":"https:\/\/evertonfc.cz\/#organization"},"potentialAction":[{"@type":"SearchAction","target":{"@type":"EntryPoint","urlTemplate":"https:\/\/evertonfc.cz\/?s={search_term_string}"},"query-input":{"@type":"PropertyValueSpecification","valueRequired":true,"valueName":"search_term_string"}}],"inLanguage":"cs"},{"@type":"Organization","@id":"https:\/\/evertonfc.cz\/#organization","name":"Official Czech & Slovak Everton Supporters' Club","url":"https:\/\/evertonfc.cz\/","logo":{"@type":"ImageObject","inLanguage":"cs","@id":"https:\/\/evertonfc.cz\/#\/schema\/logo\/image\/","url":"https:\/\/evertonfc.cz\/wp-content\/uploads\/2019\/05\/logo.png","contentUrl":"https:\/\/evertonfc.cz\/wp-content\/uploads\/2019\/05\/logo.png","width":112,"height":112,"caption":"Official Czech & Slovak Everton Supporters' Club"},"image":{"@id":"https:\/\/evertonfc.cz\/#\/schema\/logo\/image\/"},"sameAs":["https:\/\/www.facebook.com\/everton.fans.cz.sk"]}]}},"_links":{"self":[{"href":"https:\/\/evertonfc.cz\/index.php\/wp-json\/wp\/v2\/news\/18344"}],"collection":[{"href":"https:\/\/evertonfc.cz\/index.php\/wp-json\/wp\/v2\/news"}],"about":[{"href":"https:\/\/evertonfc.cz\/index.php\/wp-json\/wp\/v2\/types\/news"}],"author":[{"embeddable":true,"href":"https:\/\/evertonfc.cz\/index.php\/wp-json\/wp\/v2\/users\/1"}],"replies":[{"embeddable":true,"href":"https:\/\/evertonfc.cz\/index.php\/wp-json\/wp\/v2\/comments?post=18344"}],"version-history":[{"count":0,"href":"https:\/\/evertonfc.cz\/index.php\/wp-json\/wp\/v2\/news\/18344\/revisions"}],"wp:attachment":[{"href":"https:\/\/evertonfc.cz\/index.php\/wp-json\/wp\/v2\/media?parent=18344"}],"wp:term":[{"taxonomy":"post_tag","embeddable":true,"href":"https:\/\/evertonfc.cz\/index.php\/wp-json\/wp\/v2\/tags?post=18344"},{"taxonomy":"news-category","embeddable":true,"href":"https:\/\/evertonfc.cz\/index.php\/wp-json\/wp\/v2\/news-category?post=18344"}],"curies":[{"name":"wp","href":"https:\/\/api.w.org\/{rel}","templated":true}]}}