{"id":19039,"date":"2022-07-10T17:58:41","date_gmt":"2022-07-10T15:58:41","guid":{"rendered":"https:\/\/evertonfc.cz\/?post_type=news&#038;p=19039"},"modified":"2022-07-10T18:01:01","modified_gmt":"2022-07-10T16:01:01","slug":"tyrer-hostuje-v-siestej-lige","status":"publish","type":"news","link":"https:\/\/evertonfc.cz\/index.php\/news\/tyrer-hostuje-v-siestej-lige\/","title":{"rendered":"Tyrer hos\u0165uje v \u0161iestej lige"},"content":{"rendered":"<p>Brank\u00e1r Evertonu Harry Tyrer odi\u0161iel na hos\u0165ovanie do Chesteru FC a sez\u00f3nu 2022\/23 tak str\u00e1vi v National League North (6. liga).<\/p>\n<p>Tyrer pri\u0161iel do akad\u00e9mie Evertonu vo veku siedmich rokov a v janu\u00e1ri podp\u00edsal nov\u00fa zmluvu na tri a pol roka, do konca j\u00fana 2025. Tento 20-ro\u010dn\u00fd hr\u00e1\u010d odohral v minulej sez\u00f3ne 18 z\u00e1pasov Premier League 2 za U23 a 3x bol nominovan\u00fd na lavi\u010dku A-t\u00edmu.<\/p>\n<p>Fan\u00fa\u0161ik EFC naroden\u00fd v Crosby debutoval za A-\u010dko v predsez\u00f3nnej pr\u00edprave v roku 2020, ke\u010f zaznamenal \u010dist\u00e9 konto pri v\u00ed\u0165azstve v Goodison Parku nad Prestonom North End.<\/p>\n","protected":false},"excerpt":{"rendered":"<p>Brank\u00e1r Evertonu Harry Tyrer odi\u0161iel na hos\u0165ovanie do Chesteru FC a sez\u00f3nu 2022\/23 tak str\u00e1vi v National League North (6.&hellip;<\/p>\n","protected":false},"author":1,"featured_media":0,"comment_status":"open","ping_status":"closed","template":"","tags":[],"news-category":[18],"yoast_head":"<!-- This site is optimized with the Yoast SEO plugin v23.4 - https:\/\/yoast.com\/wordpress\/plugins\/seo\/ -->\n<title>Tyrer hos\u0165uje v \u0161iestej lige - Official Czech &amp; Slovak Everton Supporters&#039; Club<\/title>\n<meta name=\"robots\" content=\"index, follow, max-snippet:-1, max-image-preview:large, max-video-preview:-1\" \/>\n<link rel=\"canonical\" href=\"https:\/\/evertonfc.cz\/index.php\/news\/tyrer-hostuje-v-siestej-lige\/\" \/>\n<meta property=\"og:locale\" content=\"cs_CZ\" \/>\n<meta property=\"og:type\" content=\"article\" \/>\n<meta property=\"og:title\" content=\"Tyrer hos\u0165uje v \u0161iestej lige - Official Czech &amp; Slovak Everton Supporters&#039; Club\" \/>\n<meta property=\"og:description\" content=\"Brank\u00e1r Evertonu Harry Tyrer odi\u0161iel na hos\u0165ovanie do Chesteru FC a sez\u00f3nu 2022\/23 tak str\u00e1vi v National League North (6.&hellip;\" \/>\n<meta property=\"og:url\" content=\"https:\/\/evertonfc.cz\/index.php\/news\/tyrer-hostuje-v-siestej-lige\/\" \/>\n<meta property=\"og:site_name\" content=\"Official Czech &amp; Slovak Everton Supporters&#039; Club\" \/>\n<meta property=\"article:publisher\" content=\"https:\/\/www.facebook.com\/everton.fans.cz.sk\" \/>\n<meta property=\"article:modified_time\" content=\"2022-07-10T16:01:01+00:00\" \/>\n<meta name=\"twitter:card\" content=\"summary_large_image\" \/>\n<meta name=\"twitter:label1\" content=\"Odhadovan\u00e1 doba \u010dten\u00ed\" \/>\n\t<meta name=\"twitter:data1\" content=\"1 minuta\" \/>\n<script type=\"application\/ld+json\" class=\"yoast-schema-graph\">{\"@context\":\"https:\/\/schema.org\",\"@graph\":[{\"@type\":\"WebPage\",\"@id\":\"https:\/\/evertonfc.cz\/index.php\/news\/tyrer-hostuje-v-siestej-lige\/\",\"url\":\"https:\/\/evertonfc.cz\/index.php\/news\/tyrer-hostuje-v-siestej-lige\/\",\"name\":\"Tyrer hos\u0165uje v \u0161iestej lige - Official Czech &amp; Slovak Everton Supporters&#039; Club\",\"isPartOf\":{\"@id\":\"https:\/\/evertonfc.cz\/#website\"},\"datePublished\":\"2022-07-10T15:58:41+00:00\",\"dateModified\":\"2022-07-10T16:01:01+00:00\",\"breadcrumb\":{\"@id\":\"https:\/\/evertonfc.cz\/index.php\/news\/tyrer-hostuje-v-siestej-lige\/#breadcrumb\"},\"inLanguage\":\"cs\",\"potentialAction\":[{\"@type\":\"ReadAction\",\"target\":[\"https:\/\/evertonfc.cz\/index.php\/news\/tyrer-hostuje-v-siestej-lige\/\"]}]},{\"@type\":\"BreadcrumbList\",\"@id\":\"https:\/\/evertonfc.cz\/index.php\/news\/tyrer-hostuje-v-siestej-lige\/#breadcrumb\",\"itemListElement\":[{\"@type\":\"ListItem\",\"position\":1,\"name\":\"Home\",\"item\":\"https:\/\/evertonfc.cz\/\"},{\"@type\":\"ListItem\",\"position\":2,\"name\":\"News\",\"item\":\"https:\/\/evertonfc.cz\/index.php\/news\/\"},{\"@type\":\"ListItem\",\"position\":3,\"name\":\"Tyrer hos\u0165uje v \u0161iestej lige\"}]},{\"@type\":\"WebSite\",\"@id\":\"https:\/\/evertonfc.cz\/#website\",\"url\":\"https:\/\/evertonfc.cz\/\",\"name\":\"Official Czech &amp; Slovak Everton Supporters&#039; Club\",\"description\":\"\",\"publisher\":{\"@id\":\"https:\/\/evertonfc.cz\/#organization\"},\"potentialAction\":[{\"@type\":\"SearchAction\",\"target\":{\"@type\":\"EntryPoint\",\"urlTemplate\":\"https:\/\/evertonfc.cz\/?s={search_term_string}\"},\"query-input\":{\"@type\":\"PropertyValueSpecification\",\"valueRequired\":true,\"valueName\":\"search_term_string\"}}],\"inLanguage\":\"cs\"},{\"@type\":\"Organization\",\"@id\":\"https:\/\/evertonfc.cz\/#organization\",\"name\":\"Official Czech & Slovak Everton Supporters' Club\",\"url\":\"https:\/\/evertonfc.cz\/\",\"logo\":{\"@type\":\"ImageObject\",\"inLanguage\":\"cs\",\"@id\":\"https:\/\/evertonfc.cz\/#\/schema\/logo\/image\/\",\"url\":\"https:\/\/evertonfc.cz\/wp-content\/uploads\/2019\/05\/logo.png\",\"contentUrl\":\"https:\/\/evertonfc.cz\/wp-content\/uploads\/2019\/05\/logo.png\",\"width\":112,\"height\":112,\"caption\":\"Official Czech & Slovak Everton Supporters' Club\"},\"image\":{\"@id\":\"https:\/\/evertonfc.cz\/#\/schema\/logo\/image\/\"},\"sameAs\":[\"https:\/\/www.facebook.com\/everton.fans.cz.sk\"]}]}<\/script>\n<!-- \/ Yoast SEO plugin. -->","yoast_head_json":{"title":"Tyrer hos\u0165uje v \u0161iestej lige - Official Czech &amp; Slovak Everton Supporters&#039; Club","robots":{"index":"index","follow":"follow","max-snippet":"max-snippet:-1","max-image-preview":"max-image-preview:large","max-video-preview":"max-video-preview:-1"},"canonical":"https:\/\/evertonfc.cz\/index.php\/news\/tyrer-hostuje-v-siestej-lige\/","og_locale":"cs_CZ","og_type":"article","og_title":"Tyrer hos\u0165uje v \u0161iestej lige - Official Czech &amp; Slovak Everton Supporters&#039; Club","og_description":"Brank\u00e1r Evertonu Harry Tyrer odi\u0161iel na hos\u0165ovanie do Chesteru FC a sez\u00f3nu 2022\/23 tak str\u00e1vi v National League North (6.&hellip;","og_url":"https:\/\/evertonfc.cz\/index.php\/news\/tyrer-hostuje-v-siestej-lige\/","og_site_name":"Official Czech &amp; Slovak Everton Supporters&#039; Club","article_publisher":"https:\/\/www.facebook.com\/everton.fans.cz.sk","article_modified_time":"2022-07-10T16:01:01+00:00","twitter_card":"summary_large_image","twitter_misc":{"Odhadovan\u00e1 doba \u010dten\u00ed":"1 minuta"},"schema":{"@context":"https:\/\/schema.org","@graph":[{"@type":"WebPage","@id":"https:\/\/evertonfc.cz\/index.php\/news\/tyrer-hostuje-v-siestej-lige\/","url":"https:\/\/evertonfc.cz\/index.php\/news\/tyrer-hostuje-v-siestej-lige\/","name":"Tyrer hos\u0165uje v \u0161iestej lige - Official Czech &amp; Slovak Everton Supporters&#039; Club","isPartOf":{"@id":"https:\/\/evertonfc.cz\/#website"},"datePublished":"2022-07-10T15:58:41+00:00","dateModified":"2022-07-10T16:01:01+00:00","breadcrumb":{"@id":"https:\/\/evertonfc.cz\/index.php\/news\/tyrer-hostuje-v-siestej-lige\/#breadcrumb"},"inLanguage":"cs","potentialAction":[{"@type":"ReadAction","target":["https:\/\/evertonfc.cz\/index.php\/news\/tyrer-hostuje-v-siestej-lige\/"]}]},{"@type":"BreadcrumbList","@id":"https:\/\/evertonfc.cz\/index.php\/news\/tyrer-hostuje-v-siestej-lige\/#breadcrumb","itemListElement":[{"@type":"ListItem","position":1,"name":"Home","item":"https:\/\/evertonfc.cz\/"},{"@type":"ListItem","position":2,"name":"News","item":"https:\/\/evertonfc.cz\/index.php\/news\/"},{"@type":"ListItem","position":3,"name":"Tyrer hos\u0165uje v \u0161iestej lige"}]},{"@type":"WebSite","@id":"https:\/\/evertonfc.cz\/#website","url":"https:\/\/evertonfc.cz\/","name":"Official Czech &amp; Slovak Everton Supporters&#039; Club","description":"","publisher":{"@id":"https:\/\/evertonfc.cz\/#organization"},"potentialAction":[{"@type":"SearchAction","target":{"@type":"EntryPoint","urlTemplate":"https:\/\/evertonfc.cz\/?s={search_term_string}"},"query-input":{"@type":"PropertyValueSpecification","valueRequired":true,"valueName":"search_term_string"}}],"inLanguage":"cs"},{"@type":"Organization","@id":"https:\/\/evertonfc.cz\/#organization","name":"Official Czech & Slovak Everton Supporters' Club","url":"https:\/\/evertonfc.cz\/","logo":{"@type":"ImageObject","inLanguage":"cs","@id":"https:\/\/evertonfc.cz\/#\/schema\/logo\/image\/","url":"https:\/\/evertonfc.cz\/wp-content\/uploads\/2019\/05\/logo.png","contentUrl":"https:\/\/evertonfc.cz\/wp-content\/uploads\/2019\/05\/logo.png","width":112,"height":112,"caption":"Official Czech & Slovak Everton Supporters' Club"},"image":{"@id":"https:\/\/evertonfc.cz\/#\/schema\/logo\/image\/"},"sameAs":["https:\/\/www.facebook.com\/everton.fans.cz.sk"]}]}},"_links":{"self":[{"href":"https:\/\/evertonfc.cz\/index.php\/wp-json\/wp\/v2\/news\/19039"}],"collection":[{"href":"https:\/\/evertonfc.cz\/index.php\/wp-json\/wp\/v2\/news"}],"about":[{"href":"https:\/\/evertonfc.cz\/index.php\/wp-json\/wp\/v2\/types\/news"}],"author":[{"embeddable":true,"href":"https:\/\/evertonfc.cz\/index.php\/wp-json\/wp\/v2\/users\/1"}],"replies":[{"embeddable":true,"href":"https:\/\/evertonfc.cz\/index.php\/wp-json\/wp\/v2\/comments?post=19039"}],"version-history":[{"count":0,"href":"https:\/\/evertonfc.cz\/index.php\/wp-json\/wp\/v2\/news\/19039\/revisions"}],"wp:attachment":[{"href":"https:\/\/evertonfc.cz\/index.php\/wp-json\/wp\/v2\/media?parent=19039"}],"wp:term":[{"taxonomy":"post_tag","embeddable":true,"href":"https:\/\/evertonfc.cz\/index.php\/wp-json\/wp\/v2\/tags?post=19039"},{"taxonomy":"news-category","embeddable":true,"href":"https:\/\/evertonfc.cz\/index.php\/wp-json\/wp\/v2\/news-category?post=19039"}],"curies":[{"name":"wp","href":"https:\/\/api.w.org\/{rel}","templated":true}]}}