{"id":19421,"date":"2022-08-10T10:37:22","date_gmt":"2022-08-10T08:37:22","guid":{"rendered":"https:\/\/evertonfc.cz\/?post_type=news&#038;p=19421"},"modified":"2022-08-25T13:27:09","modified_gmt":"2022-08-25T11:27:09","slug":"broadhead-opet-na-hostovani","status":"publish","type":"news","link":"https:\/\/evertonfc.cz\/index.php\/news\/broadhead-opet-na-hostovani\/","title":{"rendered":"Broadhead op\u011bt na hostov\u00e1n\u00ed"},"content":{"rendered":"<p>24let\u00fd \u00fato\u010dn\u00edk Nathan Broadhead si vyzkou\u0161\u00ed dal\u0161\u00ed hostov\u00e1n\u00ed, n\u00e1sleduj\u00edc\u00ed rok bude p\u016fsobit v druholigov\u00e9m Wiganu Athletic. Je\u0161t\u011b p\u0159ed odchodem ale s Everton prodlou\u017eil smlouvou, kter\u00e1 mu p\u016fvodn\u011b m\u011bla vypr\u0161et p\u0159\u00ed\u0161t\u00ed rok. D\u00e9lka nov\u00e9ho kontraktu nebyla ozn\u00e1mena, Toffees si ale pravd\u011bpodobn\u011b zav\u00e1zali sv\u00e9ho odchovance do roku 2024.<\/p>\n<p>Broadheadovi se v lo\u0148sk\u00e9 sez\u00f3n\u011b da\u0159ilo v t\u0159etiligov\u00e9m Sunderlandu, v jeho\u017e dresu odehr\u00e1l 20 ligov\u00fdch z\u00e1pas\u016f, zaznamenal 10 branek a sv\u00fdmi v\u00fdkony p\u0159isp\u011bl mu\u017estvu k postupu o patro v\u00fd\u0161e do Championshipu. S Black Cats se v\u0161ak nakonec nedohodl na pokra\u010dov\u00e1n\u00ed spolupr\u00e1ce.<\/p>\n<p>Pokud Broadhead ve Wiganu nav\u00e1\u017ee na sv\u00e9 v\u00fdkony z lo\u0148sk\u00e9 sez\u00f3ny, m\u016f\u017ee se do\u010dkat pozv\u00e1nky do reprezentace Walesu na leto\u0161n\u00ed mistrovstv\u00ed sv\u011bta v Kataru. Za Everton doposud odehr\u00e1l pouh\u00e9 dva z\u00e1pasy s minim\u00e1ln\u00ed minut\u00e1\u017e\u00ed, v minulosti ho zejm\u00e9na sr\u00e1\u017eely opakovan\u00e9 zdravotn\u00ed probl\u00e9my.<\/p>\n","protected":false},"excerpt":{"rendered":"<p>24let\u00fd \u00fato\u010dn\u00edk Nathan Broadhead si vyzkou\u0161\u00ed dal\u0161\u00ed hostov\u00e1n\u00ed, n\u00e1sleduj\u00edc\u00ed rok bude p\u016fsobit v druholigov\u00e9m Wiganu Athletic. Je\u0161t\u011b p\u0159ed odchodem ale&hellip;<\/p>\n","protected":false},"author":6,"featured_media":0,"comment_status":"open","ping_status":"closed","template":"","tags":[],"news-category":[18],"yoast_head":"<!-- This site is optimized with the Yoast SEO plugin v23.4 - https:\/\/yoast.com\/wordpress\/plugins\/seo\/ -->\n<title>Broadhead op\u011bt na hostov\u00e1n\u00ed - Official Czech &amp; Slovak Everton Supporters&#039; Club<\/title>\n<meta name=\"robots\" content=\"index, follow, max-snippet:-1, max-image-preview:large, max-video-preview:-1\" \/>\n<link rel=\"canonical\" href=\"https:\/\/evertonfc.cz\/index.php\/news\/broadhead-opet-na-hostovani\/\" \/>\n<meta property=\"og:locale\" content=\"cs_CZ\" \/>\n<meta property=\"og:type\" content=\"article\" \/>\n<meta property=\"og:title\" content=\"Broadhead op\u011bt na hostov\u00e1n\u00ed - Official Czech &amp; Slovak Everton Supporters&#039; Club\" \/>\n<meta property=\"og:description\" content=\"24let\u00fd \u00fato\u010dn\u00edk Nathan Broadhead si vyzkou\u0161\u00ed dal\u0161\u00ed hostov\u00e1n\u00ed, n\u00e1sleduj\u00edc\u00ed rok bude p\u016fsobit v druholigov\u00e9m Wiganu Athletic. Je\u0161t\u011b p\u0159ed odchodem ale&hellip;\" \/>\n<meta property=\"og:url\" content=\"https:\/\/evertonfc.cz\/index.php\/news\/broadhead-opet-na-hostovani\/\" \/>\n<meta property=\"og:site_name\" content=\"Official Czech &amp; Slovak Everton Supporters&#039; Club\" \/>\n<meta property=\"article:publisher\" content=\"https:\/\/www.facebook.com\/everton.fans.cz.sk\" \/>\n<meta property=\"article:modified_time\" content=\"2022-08-25T11:27:09+00:00\" \/>\n<meta name=\"twitter:card\" content=\"summary_large_image\" \/>\n<meta name=\"twitter:label1\" content=\"Odhadovan\u00e1 doba \u010dten\u00ed\" \/>\n\t<meta name=\"twitter:data1\" content=\"1 minuta\" \/>\n<script type=\"application\/ld+json\" class=\"yoast-schema-graph\">{\"@context\":\"https:\/\/schema.org\",\"@graph\":[{\"@type\":\"WebPage\",\"@id\":\"https:\/\/evertonfc.cz\/index.php\/news\/broadhead-opet-na-hostovani\/\",\"url\":\"https:\/\/evertonfc.cz\/index.php\/news\/broadhead-opet-na-hostovani\/\",\"name\":\"Broadhead op\u011bt na hostov\u00e1n\u00ed - Official Czech &amp; Slovak Everton Supporters&#039; Club\",\"isPartOf\":{\"@id\":\"https:\/\/evertonfc.cz\/#website\"},\"datePublished\":\"2022-08-10T08:37:22+00:00\",\"dateModified\":\"2022-08-25T11:27:09+00:00\",\"breadcrumb\":{\"@id\":\"https:\/\/evertonfc.cz\/index.php\/news\/broadhead-opet-na-hostovani\/#breadcrumb\"},\"inLanguage\":\"cs\",\"potentialAction\":[{\"@type\":\"ReadAction\",\"target\":[\"https:\/\/evertonfc.cz\/index.php\/news\/broadhead-opet-na-hostovani\/\"]}]},{\"@type\":\"BreadcrumbList\",\"@id\":\"https:\/\/evertonfc.cz\/index.php\/news\/broadhead-opet-na-hostovani\/#breadcrumb\",\"itemListElement\":[{\"@type\":\"ListItem\",\"position\":1,\"name\":\"Home\",\"item\":\"https:\/\/evertonfc.cz\/\"},{\"@type\":\"ListItem\",\"position\":2,\"name\":\"News\",\"item\":\"https:\/\/evertonfc.cz\/index.php\/news\/\"},{\"@type\":\"ListItem\",\"position\":3,\"name\":\"Broadhead op\u011bt na hostov\u00e1n\u00ed\"}]},{\"@type\":\"WebSite\",\"@id\":\"https:\/\/evertonfc.cz\/#website\",\"url\":\"https:\/\/evertonfc.cz\/\",\"name\":\"Official Czech &amp; Slovak Everton Supporters&#039; Club\",\"description\":\"\",\"publisher\":{\"@id\":\"https:\/\/evertonfc.cz\/#organization\"},\"potentialAction\":[{\"@type\":\"SearchAction\",\"target\":{\"@type\":\"EntryPoint\",\"urlTemplate\":\"https:\/\/evertonfc.cz\/?s={search_term_string}\"},\"query-input\":{\"@type\":\"PropertyValueSpecification\",\"valueRequired\":true,\"valueName\":\"search_term_string\"}}],\"inLanguage\":\"cs\"},{\"@type\":\"Organization\",\"@id\":\"https:\/\/evertonfc.cz\/#organization\",\"name\":\"Official Czech & Slovak Everton Supporters' Club\",\"url\":\"https:\/\/evertonfc.cz\/\",\"logo\":{\"@type\":\"ImageObject\",\"inLanguage\":\"cs\",\"@id\":\"https:\/\/evertonfc.cz\/#\/schema\/logo\/image\/\",\"url\":\"https:\/\/evertonfc.cz\/wp-content\/uploads\/2019\/05\/logo.png\",\"contentUrl\":\"https:\/\/evertonfc.cz\/wp-content\/uploads\/2019\/05\/logo.png\",\"width\":112,\"height\":112,\"caption\":\"Official Czech & Slovak Everton Supporters' Club\"},\"image\":{\"@id\":\"https:\/\/evertonfc.cz\/#\/schema\/logo\/image\/\"},\"sameAs\":[\"https:\/\/www.facebook.com\/everton.fans.cz.sk\"]}]}<\/script>\n<!-- \/ Yoast SEO plugin. -->","yoast_head_json":{"title":"Broadhead op\u011bt na hostov\u00e1n\u00ed - Official Czech &amp; Slovak Everton Supporters&#039; Club","robots":{"index":"index","follow":"follow","max-snippet":"max-snippet:-1","max-image-preview":"max-image-preview:large","max-video-preview":"max-video-preview:-1"},"canonical":"https:\/\/evertonfc.cz\/index.php\/news\/broadhead-opet-na-hostovani\/","og_locale":"cs_CZ","og_type":"article","og_title":"Broadhead op\u011bt na hostov\u00e1n\u00ed - Official Czech &amp; Slovak Everton Supporters&#039; Club","og_description":"24let\u00fd \u00fato\u010dn\u00edk Nathan Broadhead si vyzkou\u0161\u00ed dal\u0161\u00ed hostov\u00e1n\u00ed, n\u00e1sleduj\u00edc\u00ed rok bude p\u016fsobit v druholigov\u00e9m Wiganu Athletic. Je\u0161t\u011b p\u0159ed odchodem ale&hellip;","og_url":"https:\/\/evertonfc.cz\/index.php\/news\/broadhead-opet-na-hostovani\/","og_site_name":"Official Czech &amp; Slovak Everton Supporters&#039; Club","article_publisher":"https:\/\/www.facebook.com\/everton.fans.cz.sk","article_modified_time":"2022-08-25T11:27:09+00:00","twitter_card":"summary_large_image","twitter_misc":{"Odhadovan\u00e1 doba \u010dten\u00ed":"1 minuta"},"schema":{"@context":"https:\/\/schema.org","@graph":[{"@type":"WebPage","@id":"https:\/\/evertonfc.cz\/index.php\/news\/broadhead-opet-na-hostovani\/","url":"https:\/\/evertonfc.cz\/index.php\/news\/broadhead-opet-na-hostovani\/","name":"Broadhead op\u011bt na hostov\u00e1n\u00ed - Official Czech &amp; Slovak Everton Supporters&#039; Club","isPartOf":{"@id":"https:\/\/evertonfc.cz\/#website"},"datePublished":"2022-08-10T08:37:22+00:00","dateModified":"2022-08-25T11:27:09+00:00","breadcrumb":{"@id":"https:\/\/evertonfc.cz\/index.php\/news\/broadhead-opet-na-hostovani\/#breadcrumb"},"inLanguage":"cs","potentialAction":[{"@type":"ReadAction","target":["https:\/\/evertonfc.cz\/index.php\/news\/broadhead-opet-na-hostovani\/"]}]},{"@type":"BreadcrumbList","@id":"https:\/\/evertonfc.cz\/index.php\/news\/broadhead-opet-na-hostovani\/#breadcrumb","itemListElement":[{"@type":"ListItem","position":1,"name":"Home","item":"https:\/\/evertonfc.cz\/"},{"@type":"ListItem","position":2,"name":"News","item":"https:\/\/evertonfc.cz\/index.php\/news\/"},{"@type":"ListItem","position":3,"name":"Broadhead op\u011bt na hostov\u00e1n\u00ed"}]},{"@type":"WebSite","@id":"https:\/\/evertonfc.cz\/#website","url":"https:\/\/evertonfc.cz\/","name":"Official Czech &amp; Slovak Everton Supporters&#039; Club","description":"","publisher":{"@id":"https:\/\/evertonfc.cz\/#organization"},"potentialAction":[{"@type":"SearchAction","target":{"@type":"EntryPoint","urlTemplate":"https:\/\/evertonfc.cz\/?s={search_term_string}"},"query-input":{"@type":"PropertyValueSpecification","valueRequired":true,"valueName":"search_term_string"}}],"inLanguage":"cs"},{"@type":"Organization","@id":"https:\/\/evertonfc.cz\/#organization","name":"Official Czech & Slovak Everton Supporters' Club","url":"https:\/\/evertonfc.cz\/","logo":{"@type":"ImageObject","inLanguage":"cs","@id":"https:\/\/evertonfc.cz\/#\/schema\/logo\/image\/","url":"https:\/\/evertonfc.cz\/wp-content\/uploads\/2019\/05\/logo.png","contentUrl":"https:\/\/evertonfc.cz\/wp-content\/uploads\/2019\/05\/logo.png","width":112,"height":112,"caption":"Official Czech & Slovak Everton Supporters' Club"},"image":{"@id":"https:\/\/evertonfc.cz\/#\/schema\/logo\/image\/"},"sameAs":["https:\/\/www.facebook.com\/everton.fans.cz.sk"]}]}},"_links":{"self":[{"href":"https:\/\/evertonfc.cz\/index.php\/wp-json\/wp\/v2\/news\/19421"}],"collection":[{"href":"https:\/\/evertonfc.cz\/index.php\/wp-json\/wp\/v2\/news"}],"about":[{"href":"https:\/\/evertonfc.cz\/index.php\/wp-json\/wp\/v2\/types\/news"}],"author":[{"embeddable":true,"href":"https:\/\/evertonfc.cz\/index.php\/wp-json\/wp\/v2\/users\/6"}],"replies":[{"embeddable":true,"href":"https:\/\/evertonfc.cz\/index.php\/wp-json\/wp\/v2\/comments?post=19421"}],"version-history":[{"count":0,"href":"https:\/\/evertonfc.cz\/index.php\/wp-json\/wp\/v2\/news\/19421\/revisions"}],"wp:attachment":[{"href":"https:\/\/evertonfc.cz\/index.php\/wp-json\/wp\/v2\/media?parent=19421"}],"wp:term":[{"taxonomy":"post_tag","embeddable":true,"href":"https:\/\/evertonfc.cz\/index.php\/wp-json\/wp\/v2\/tags?post=19421"},{"taxonomy":"news-category","embeddable":true,"href":"https:\/\/evertonfc.cz\/index.php\/wp-json\/wp\/v2\/news-category?post=19421"}],"curies":[{"name":"wp","href":"https:\/\/api.w.org\/{rel}","templated":true}]}}