{"id":19442,"date":"2022-08-10T07:23:44","date_gmt":"2022-08-10T05:23:44","guid":{"rendered":"https:\/\/evertonfc.cz\/?post_type=news&#038;p=19442"},"modified":"2022-08-25T13:26:50","modified_gmt":"2022-08-25T11:26:50","slug":"v-ligovem-poharu-s-fleetwoodem","status":"publish","type":"news","link":"https:\/\/evertonfc.cz\/index.php\/news\/v-ligovem-poharu-s-fleetwoodem\/","title":{"rendered":"V Ligov\u00e9m poh\u00e1ru s Fleetwoodem"},"content":{"rendered":"<p>Dne\u0161n\u00ed los Ligov\u00e9ho poh\u00e1ru, kter\u00fd u\u017e p\u00e1r let nese jm\u00e9no Carabao Cup, ur\u010dil, \u017ee se Everton ve druh\u00e9m kole sout\u011b\u017ee p\u0159edstav\u00ed na p\u016fd\u011b podpr\u016fm\u011brn\u00e9ho t\u0159etiligov\u00e9ho Fleetwoodu Town. Utk\u00e1n\u00ed se odehraje 23., nebo 24. srpna, p\u0159esn\u00fd term\u00edn v\u00fdkopu bude je\u0161t\u011b up\u0159esn\u011bn.<\/p>\n<p>Ve Fleetwoodu hr\u00e1li Toffees pom\u011brn\u011b ned\u00e1vno, v roce 2020 si v r\u00e1mci t\u0159et\u00edho kola Ligov\u00e9ho poh\u00e1ru p\u0159ipsali <a href=\"https:\/\/evertonfc.cz\/index.php\/2020\/09\/24\/fleetwood-town-everton-25\/\">v\u00edt\u011bzstv\u00ed 5:2<\/a>.<\/p>\n","protected":false},"excerpt":{"rendered":"<p>Dne\u0161n\u00ed los Ligov\u00e9ho poh\u00e1ru, kter\u00fd u\u017e p\u00e1r let nese jm\u00e9no Carabao Cup, ur\u010dil, \u017ee se Everton ve druh\u00e9m kole sout\u011b\u017ee&hellip;<\/p>\n","protected":false},"author":6,"featured_media":0,"comment_status":"open","ping_status":"closed","template":"","tags":[],"news-category":[18],"yoast_head":"<!-- This site is optimized with the Yoast SEO plugin v23.4 - https:\/\/yoast.com\/wordpress\/plugins\/seo\/ -->\n<title>V Ligov\u00e9m poh\u00e1ru s Fleetwoodem - Official Czech &amp; Slovak Everton Supporters&#039; Club<\/title>\n<meta name=\"robots\" content=\"index, follow, max-snippet:-1, max-image-preview:large, max-video-preview:-1\" \/>\n<link rel=\"canonical\" href=\"https:\/\/evertonfc.cz\/index.php\/news\/v-ligovem-poharu-s-fleetwoodem\/\" \/>\n<meta property=\"og:locale\" content=\"cs_CZ\" \/>\n<meta property=\"og:type\" content=\"article\" \/>\n<meta property=\"og:title\" content=\"V Ligov\u00e9m poh\u00e1ru s Fleetwoodem - Official Czech &amp; Slovak Everton Supporters&#039; Club\" \/>\n<meta property=\"og:description\" content=\"Dne\u0161n\u00ed los Ligov\u00e9ho poh\u00e1ru, kter\u00fd u\u017e p\u00e1r let nese jm\u00e9no Carabao Cup, ur\u010dil, \u017ee se Everton ve druh\u00e9m kole sout\u011b\u017ee&hellip;\" \/>\n<meta property=\"og:url\" content=\"https:\/\/evertonfc.cz\/index.php\/news\/v-ligovem-poharu-s-fleetwoodem\/\" \/>\n<meta property=\"og:site_name\" content=\"Official Czech &amp; Slovak Everton Supporters&#039; Club\" \/>\n<meta property=\"article:publisher\" content=\"https:\/\/www.facebook.com\/everton.fans.cz.sk\" \/>\n<meta property=\"article:modified_time\" content=\"2022-08-25T11:26:50+00:00\" \/>\n<meta name=\"twitter:card\" content=\"summary_large_image\" \/>\n<meta name=\"twitter:label1\" content=\"Odhadovan\u00e1 doba \u010dten\u00ed\" \/>\n\t<meta name=\"twitter:data1\" content=\"1 minuta\" \/>\n<script type=\"application\/ld+json\" class=\"yoast-schema-graph\">{\"@context\":\"https:\/\/schema.org\",\"@graph\":[{\"@type\":\"WebPage\",\"@id\":\"https:\/\/evertonfc.cz\/index.php\/news\/v-ligovem-poharu-s-fleetwoodem\/\",\"url\":\"https:\/\/evertonfc.cz\/index.php\/news\/v-ligovem-poharu-s-fleetwoodem\/\",\"name\":\"V Ligov\u00e9m poh\u00e1ru s Fleetwoodem - Official Czech &amp; Slovak Everton Supporters&#039; Club\",\"isPartOf\":{\"@id\":\"https:\/\/evertonfc.cz\/#website\"},\"datePublished\":\"2022-08-10T05:23:44+00:00\",\"dateModified\":\"2022-08-25T11:26:50+00:00\",\"breadcrumb\":{\"@id\":\"https:\/\/evertonfc.cz\/index.php\/news\/v-ligovem-poharu-s-fleetwoodem\/#breadcrumb\"},\"inLanguage\":\"cs\",\"potentialAction\":[{\"@type\":\"ReadAction\",\"target\":[\"https:\/\/evertonfc.cz\/index.php\/news\/v-ligovem-poharu-s-fleetwoodem\/\"]}]},{\"@type\":\"BreadcrumbList\",\"@id\":\"https:\/\/evertonfc.cz\/index.php\/news\/v-ligovem-poharu-s-fleetwoodem\/#breadcrumb\",\"itemListElement\":[{\"@type\":\"ListItem\",\"position\":1,\"name\":\"Home\",\"item\":\"https:\/\/evertonfc.cz\/\"},{\"@type\":\"ListItem\",\"position\":2,\"name\":\"News\",\"item\":\"https:\/\/evertonfc.cz\/index.php\/news\/\"},{\"@type\":\"ListItem\",\"position\":3,\"name\":\"V Ligov\u00e9m poh\u00e1ru s Fleetwoodem\"}]},{\"@type\":\"WebSite\",\"@id\":\"https:\/\/evertonfc.cz\/#website\",\"url\":\"https:\/\/evertonfc.cz\/\",\"name\":\"Official Czech &amp; Slovak Everton Supporters&#039; Club\",\"description\":\"\",\"publisher\":{\"@id\":\"https:\/\/evertonfc.cz\/#organization\"},\"potentialAction\":[{\"@type\":\"SearchAction\",\"target\":{\"@type\":\"EntryPoint\",\"urlTemplate\":\"https:\/\/evertonfc.cz\/?s={search_term_string}\"},\"query-input\":{\"@type\":\"PropertyValueSpecification\",\"valueRequired\":true,\"valueName\":\"search_term_string\"}}],\"inLanguage\":\"cs\"},{\"@type\":\"Organization\",\"@id\":\"https:\/\/evertonfc.cz\/#organization\",\"name\":\"Official Czech & Slovak Everton Supporters' Club\",\"url\":\"https:\/\/evertonfc.cz\/\",\"logo\":{\"@type\":\"ImageObject\",\"inLanguage\":\"cs\",\"@id\":\"https:\/\/evertonfc.cz\/#\/schema\/logo\/image\/\",\"url\":\"https:\/\/evertonfc.cz\/wp-content\/uploads\/2019\/05\/logo.png\",\"contentUrl\":\"https:\/\/evertonfc.cz\/wp-content\/uploads\/2019\/05\/logo.png\",\"width\":112,\"height\":112,\"caption\":\"Official Czech & Slovak Everton Supporters' Club\"},\"image\":{\"@id\":\"https:\/\/evertonfc.cz\/#\/schema\/logo\/image\/\"},\"sameAs\":[\"https:\/\/www.facebook.com\/everton.fans.cz.sk\"]}]}<\/script>\n<!-- \/ Yoast SEO plugin. -->","yoast_head_json":{"title":"V Ligov\u00e9m poh\u00e1ru s Fleetwoodem - Official Czech &amp; Slovak Everton Supporters&#039; Club","robots":{"index":"index","follow":"follow","max-snippet":"max-snippet:-1","max-image-preview":"max-image-preview:large","max-video-preview":"max-video-preview:-1"},"canonical":"https:\/\/evertonfc.cz\/index.php\/news\/v-ligovem-poharu-s-fleetwoodem\/","og_locale":"cs_CZ","og_type":"article","og_title":"V Ligov\u00e9m poh\u00e1ru s Fleetwoodem - Official Czech &amp; Slovak Everton Supporters&#039; Club","og_description":"Dne\u0161n\u00ed los Ligov\u00e9ho poh\u00e1ru, kter\u00fd u\u017e p\u00e1r let nese jm\u00e9no Carabao Cup, ur\u010dil, \u017ee se Everton ve druh\u00e9m kole sout\u011b\u017ee&hellip;","og_url":"https:\/\/evertonfc.cz\/index.php\/news\/v-ligovem-poharu-s-fleetwoodem\/","og_site_name":"Official Czech &amp; Slovak Everton Supporters&#039; Club","article_publisher":"https:\/\/www.facebook.com\/everton.fans.cz.sk","article_modified_time":"2022-08-25T11:26:50+00:00","twitter_card":"summary_large_image","twitter_misc":{"Odhadovan\u00e1 doba \u010dten\u00ed":"1 minuta"},"schema":{"@context":"https:\/\/schema.org","@graph":[{"@type":"WebPage","@id":"https:\/\/evertonfc.cz\/index.php\/news\/v-ligovem-poharu-s-fleetwoodem\/","url":"https:\/\/evertonfc.cz\/index.php\/news\/v-ligovem-poharu-s-fleetwoodem\/","name":"V Ligov\u00e9m poh\u00e1ru s Fleetwoodem - Official Czech &amp; Slovak Everton Supporters&#039; Club","isPartOf":{"@id":"https:\/\/evertonfc.cz\/#website"},"datePublished":"2022-08-10T05:23:44+00:00","dateModified":"2022-08-25T11:26:50+00:00","breadcrumb":{"@id":"https:\/\/evertonfc.cz\/index.php\/news\/v-ligovem-poharu-s-fleetwoodem\/#breadcrumb"},"inLanguage":"cs","potentialAction":[{"@type":"ReadAction","target":["https:\/\/evertonfc.cz\/index.php\/news\/v-ligovem-poharu-s-fleetwoodem\/"]}]},{"@type":"BreadcrumbList","@id":"https:\/\/evertonfc.cz\/index.php\/news\/v-ligovem-poharu-s-fleetwoodem\/#breadcrumb","itemListElement":[{"@type":"ListItem","position":1,"name":"Home","item":"https:\/\/evertonfc.cz\/"},{"@type":"ListItem","position":2,"name":"News","item":"https:\/\/evertonfc.cz\/index.php\/news\/"},{"@type":"ListItem","position":3,"name":"V Ligov\u00e9m poh\u00e1ru s Fleetwoodem"}]},{"@type":"WebSite","@id":"https:\/\/evertonfc.cz\/#website","url":"https:\/\/evertonfc.cz\/","name":"Official Czech &amp; Slovak Everton Supporters&#039; Club","description":"","publisher":{"@id":"https:\/\/evertonfc.cz\/#organization"},"potentialAction":[{"@type":"SearchAction","target":{"@type":"EntryPoint","urlTemplate":"https:\/\/evertonfc.cz\/?s={search_term_string}"},"query-input":{"@type":"PropertyValueSpecification","valueRequired":true,"valueName":"search_term_string"}}],"inLanguage":"cs"},{"@type":"Organization","@id":"https:\/\/evertonfc.cz\/#organization","name":"Official Czech & Slovak Everton Supporters' Club","url":"https:\/\/evertonfc.cz\/","logo":{"@type":"ImageObject","inLanguage":"cs","@id":"https:\/\/evertonfc.cz\/#\/schema\/logo\/image\/","url":"https:\/\/evertonfc.cz\/wp-content\/uploads\/2019\/05\/logo.png","contentUrl":"https:\/\/evertonfc.cz\/wp-content\/uploads\/2019\/05\/logo.png","width":112,"height":112,"caption":"Official Czech & Slovak Everton Supporters' Club"},"image":{"@id":"https:\/\/evertonfc.cz\/#\/schema\/logo\/image\/"},"sameAs":["https:\/\/www.facebook.com\/everton.fans.cz.sk"]}]}},"_links":{"self":[{"href":"https:\/\/evertonfc.cz\/index.php\/wp-json\/wp\/v2\/news\/19442"}],"collection":[{"href":"https:\/\/evertonfc.cz\/index.php\/wp-json\/wp\/v2\/news"}],"about":[{"href":"https:\/\/evertonfc.cz\/index.php\/wp-json\/wp\/v2\/types\/news"}],"author":[{"embeddable":true,"href":"https:\/\/evertonfc.cz\/index.php\/wp-json\/wp\/v2\/users\/6"}],"replies":[{"embeddable":true,"href":"https:\/\/evertonfc.cz\/index.php\/wp-json\/wp\/v2\/comments?post=19442"}],"version-history":[{"count":0,"href":"https:\/\/evertonfc.cz\/index.php\/wp-json\/wp\/v2\/news\/19442\/revisions"}],"wp:attachment":[{"href":"https:\/\/evertonfc.cz\/index.php\/wp-json\/wp\/v2\/media?parent=19442"}],"wp:term":[{"taxonomy":"post_tag","embeddable":true,"href":"https:\/\/evertonfc.cz\/index.php\/wp-json\/wp\/v2\/tags?post=19442"},{"taxonomy":"news-category","embeddable":true,"href":"https:\/\/evertonfc.cz\/index.php\/wp-json\/wp\/v2\/news-category?post=19442"}],"curies":[{"name":"wp","href":"https:\/\/api.w.org\/{rel}","templated":true}]}}