{"id":19450,"date":"2022-08-12T11:50:47","date_gmt":"2022-08-12T09:50:47","guid":{"rendered":"https:\/\/evertonfc.cz\/?post_type=news&#038;p=19450"},"modified":"2022-08-12T11:51:59","modified_gmt":"2022-08-12T09:51:59","slug":"gibson-miri-na-dalsi-hostovani","status":"publish","type":"news","link":"https:\/\/evertonfc.cz\/index.php\/news\/gibson-miri-na-dalsi-hostovani\/","title":{"rendered":"Gibson m\u00ed\u0159\u00ed na dal\u0161\u00ed hostov\u00e1n\u00ed"},"content":{"rendered":"<p>Stoper Lewis Gibson p\u0159estoupil do Evertonu v roce 2017 coby obrovsk\u00fd talent. Za tehdy 17let\u00e9ho mlad\u00edka Toffees zaplatili Newcastlu United milion liber, po spln\u011bn\u00ed v\u00fdkonnostn\u00edch bonus\u016f se \u010d\u00e1stka dokonce mohla vy\u0161plhat a\u017e na p\u011bt milion\u016f liber.<\/p>\n<p>Nyn\u00ed u\u017e 22let\u00fd Gibson v\u0161ak doposud zaost\u00e1v\u00e1 za o\u010dek\u00e1v\u00e1n\u00edmi, a to hlavn\u011b kv\u016fli opakovan\u00fdm zdravotn\u00edm probl\u00e9m\u016fm. Na svou po\u0159\u00e1dnou \u0161anci v\u00a0A-t\u00fdmu Evertonu zat\u00edm st\u00e1le \u010dek\u00e1, a kdo v\u00ed, zda ji v\u016fbec n\u011bkdy dostane.<\/p>\n<p>V posledn\u00edch t\u00fddnech nav\u00edc hrozilo, \u017ee Gibson opust\u00ed klub jako voln\u00fd hr\u00e1\u010d, jeho kontrakt toti\u017e vypr\u0161el v \u010dervnu. S Evertonem se v\u0161ak nakonec dohodl na ro\u010dn\u00edm prodlou\u017een\u00ed smlouvy a obratem zam\u00ed\u0159il na sez\u00f3nn\u00ed hostov\u00e1n\u00ed do t\u0159etiligov\u00e9ho Bristolu Rovers, kde bude cht\u00edt, nebo sp\u00ed\u0161e mus\u00ed, p\u0159esv\u011bd\u010dit o sv\u00fdch kvalit\u00e1ch.<\/p>\n","protected":false},"excerpt":{"rendered":"<p>Stoper Lewis Gibson p\u0159estoupil do Evertonu v roce 2017 coby obrovsk\u00fd talent. Za tehdy 17let\u00e9ho mlad\u00edka Toffees zaplatili Newcastlu United&hellip;<\/p>\n","protected":false},"author":6,"featured_media":0,"comment_status":"open","ping_status":"closed","template":"","tags":[],"news-category":[18],"yoast_head":"<!-- This site is optimized with the Yoast SEO plugin v23.4 - https:\/\/yoast.com\/wordpress\/plugins\/seo\/ -->\n<title>Gibson m\u00ed\u0159\u00ed na dal\u0161\u00ed hostov\u00e1n\u00ed - Official Czech &amp; Slovak Everton Supporters&#039; Club<\/title>\n<meta name=\"robots\" content=\"index, follow, max-snippet:-1, max-image-preview:large, max-video-preview:-1\" \/>\n<link rel=\"canonical\" href=\"https:\/\/evertonfc.cz\/index.php\/news\/gibson-miri-na-dalsi-hostovani\/\" \/>\n<meta property=\"og:locale\" content=\"cs_CZ\" \/>\n<meta property=\"og:type\" content=\"article\" \/>\n<meta property=\"og:title\" content=\"Gibson m\u00ed\u0159\u00ed na dal\u0161\u00ed hostov\u00e1n\u00ed - Official Czech &amp; Slovak Everton Supporters&#039; Club\" \/>\n<meta property=\"og:description\" content=\"Stoper Lewis Gibson p\u0159estoupil do Evertonu v roce 2017 coby obrovsk\u00fd talent. Za tehdy 17let\u00e9ho mlad\u00edka Toffees zaplatili Newcastlu United&hellip;\" \/>\n<meta property=\"og:url\" content=\"https:\/\/evertonfc.cz\/index.php\/news\/gibson-miri-na-dalsi-hostovani\/\" \/>\n<meta property=\"og:site_name\" content=\"Official Czech &amp; Slovak Everton Supporters&#039; Club\" \/>\n<meta property=\"article:publisher\" content=\"https:\/\/www.facebook.com\/everton.fans.cz.sk\" \/>\n<meta property=\"article:modified_time\" content=\"2022-08-12T09:51:59+00:00\" \/>\n<meta name=\"twitter:card\" content=\"summary_large_image\" \/>\n<meta name=\"twitter:label1\" content=\"Odhadovan\u00e1 doba \u010dten\u00ed\" \/>\n\t<meta name=\"twitter:data1\" content=\"1 minuta\" \/>\n<script type=\"application\/ld+json\" class=\"yoast-schema-graph\">{\"@context\":\"https:\/\/schema.org\",\"@graph\":[{\"@type\":\"WebPage\",\"@id\":\"https:\/\/evertonfc.cz\/index.php\/news\/gibson-miri-na-dalsi-hostovani\/\",\"url\":\"https:\/\/evertonfc.cz\/index.php\/news\/gibson-miri-na-dalsi-hostovani\/\",\"name\":\"Gibson m\u00ed\u0159\u00ed na dal\u0161\u00ed hostov\u00e1n\u00ed - Official Czech &amp; Slovak Everton Supporters&#039; Club\",\"isPartOf\":{\"@id\":\"https:\/\/evertonfc.cz\/#website\"},\"datePublished\":\"2022-08-12T09:50:47+00:00\",\"dateModified\":\"2022-08-12T09:51:59+00:00\",\"breadcrumb\":{\"@id\":\"https:\/\/evertonfc.cz\/index.php\/news\/gibson-miri-na-dalsi-hostovani\/#breadcrumb\"},\"inLanguage\":\"cs\",\"potentialAction\":[{\"@type\":\"ReadAction\",\"target\":[\"https:\/\/evertonfc.cz\/index.php\/news\/gibson-miri-na-dalsi-hostovani\/\"]}]},{\"@type\":\"BreadcrumbList\",\"@id\":\"https:\/\/evertonfc.cz\/index.php\/news\/gibson-miri-na-dalsi-hostovani\/#breadcrumb\",\"itemListElement\":[{\"@type\":\"ListItem\",\"position\":1,\"name\":\"Home\",\"item\":\"https:\/\/evertonfc.cz\/\"},{\"@type\":\"ListItem\",\"position\":2,\"name\":\"News\",\"item\":\"https:\/\/evertonfc.cz\/index.php\/news\/\"},{\"@type\":\"ListItem\",\"position\":3,\"name\":\"Gibson m\u00ed\u0159\u00ed na dal\u0161\u00ed hostov\u00e1n\u00ed\"}]},{\"@type\":\"WebSite\",\"@id\":\"https:\/\/evertonfc.cz\/#website\",\"url\":\"https:\/\/evertonfc.cz\/\",\"name\":\"Official Czech &amp; Slovak Everton Supporters&#039; Club\",\"description\":\"\",\"publisher\":{\"@id\":\"https:\/\/evertonfc.cz\/#organization\"},\"potentialAction\":[{\"@type\":\"SearchAction\",\"target\":{\"@type\":\"EntryPoint\",\"urlTemplate\":\"https:\/\/evertonfc.cz\/?s={search_term_string}\"},\"query-input\":{\"@type\":\"PropertyValueSpecification\",\"valueRequired\":true,\"valueName\":\"search_term_string\"}}],\"inLanguage\":\"cs\"},{\"@type\":\"Organization\",\"@id\":\"https:\/\/evertonfc.cz\/#organization\",\"name\":\"Official Czech & Slovak Everton Supporters' Club\",\"url\":\"https:\/\/evertonfc.cz\/\",\"logo\":{\"@type\":\"ImageObject\",\"inLanguage\":\"cs\",\"@id\":\"https:\/\/evertonfc.cz\/#\/schema\/logo\/image\/\",\"url\":\"https:\/\/evertonfc.cz\/wp-content\/uploads\/2019\/05\/logo.png\",\"contentUrl\":\"https:\/\/evertonfc.cz\/wp-content\/uploads\/2019\/05\/logo.png\",\"width\":112,\"height\":112,\"caption\":\"Official Czech & Slovak Everton Supporters' Club\"},\"image\":{\"@id\":\"https:\/\/evertonfc.cz\/#\/schema\/logo\/image\/\"},\"sameAs\":[\"https:\/\/www.facebook.com\/everton.fans.cz.sk\"]}]}<\/script>\n<!-- \/ Yoast SEO plugin. -->","yoast_head_json":{"title":"Gibson m\u00ed\u0159\u00ed na dal\u0161\u00ed hostov\u00e1n\u00ed - Official Czech &amp; Slovak Everton Supporters&#039; Club","robots":{"index":"index","follow":"follow","max-snippet":"max-snippet:-1","max-image-preview":"max-image-preview:large","max-video-preview":"max-video-preview:-1"},"canonical":"https:\/\/evertonfc.cz\/index.php\/news\/gibson-miri-na-dalsi-hostovani\/","og_locale":"cs_CZ","og_type":"article","og_title":"Gibson m\u00ed\u0159\u00ed na dal\u0161\u00ed hostov\u00e1n\u00ed - Official Czech &amp; Slovak Everton Supporters&#039; Club","og_description":"Stoper Lewis Gibson p\u0159estoupil do Evertonu v roce 2017 coby obrovsk\u00fd talent. Za tehdy 17let\u00e9ho mlad\u00edka Toffees zaplatili Newcastlu United&hellip;","og_url":"https:\/\/evertonfc.cz\/index.php\/news\/gibson-miri-na-dalsi-hostovani\/","og_site_name":"Official Czech &amp; Slovak Everton Supporters&#039; Club","article_publisher":"https:\/\/www.facebook.com\/everton.fans.cz.sk","article_modified_time":"2022-08-12T09:51:59+00:00","twitter_card":"summary_large_image","twitter_misc":{"Odhadovan\u00e1 doba \u010dten\u00ed":"1 minuta"},"schema":{"@context":"https:\/\/schema.org","@graph":[{"@type":"WebPage","@id":"https:\/\/evertonfc.cz\/index.php\/news\/gibson-miri-na-dalsi-hostovani\/","url":"https:\/\/evertonfc.cz\/index.php\/news\/gibson-miri-na-dalsi-hostovani\/","name":"Gibson m\u00ed\u0159\u00ed na dal\u0161\u00ed hostov\u00e1n\u00ed - Official Czech &amp; Slovak Everton Supporters&#039; Club","isPartOf":{"@id":"https:\/\/evertonfc.cz\/#website"},"datePublished":"2022-08-12T09:50:47+00:00","dateModified":"2022-08-12T09:51:59+00:00","breadcrumb":{"@id":"https:\/\/evertonfc.cz\/index.php\/news\/gibson-miri-na-dalsi-hostovani\/#breadcrumb"},"inLanguage":"cs","potentialAction":[{"@type":"ReadAction","target":["https:\/\/evertonfc.cz\/index.php\/news\/gibson-miri-na-dalsi-hostovani\/"]}]},{"@type":"BreadcrumbList","@id":"https:\/\/evertonfc.cz\/index.php\/news\/gibson-miri-na-dalsi-hostovani\/#breadcrumb","itemListElement":[{"@type":"ListItem","position":1,"name":"Home","item":"https:\/\/evertonfc.cz\/"},{"@type":"ListItem","position":2,"name":"News","item":"https:\/\/evertonfc.cz\/index.php\/news\/"},{"@type":"ListItem","position":3,"name":"Gibson m\u00ed\u0159\u00ed na dal\u0161\u00ed hostov\u00e1n\u00ed"}]},{"@type":"WebSite","@id":"https:\/\/evertonfc.cz\/#website","url":"https:\/\/evertonfc.cz\/","name":"Official Czech &amp; Slovak Everton Supporters&#039; Club","description":"","publisher":{"@id":"https:\/\/evertonfc.cz\/#organization"},"potentialAction":[{"@type":"SearchAction","target":{"@type":"EntryPoint","urlTemplate":"https:\/\/evertonfc.cz\/?s={search_term_string}"},"query-input":{"@type":"PropertyValueSpecification","valueRequired":true,"valueName":"search_term_string"}}],"inLanguage":"cs"},{"@type":"Organization","@id":"https:\/\/evertonfc.cz\/#organization","name":"Official Czech & Slovak Everton Supporters' Club","url":"https:\/\/evertonfc.cz\/","logo":{"@type":"ImageObject","inLanguage":"cs","@id":"https:\/\/evertonfc.cz\/#\/schema\/logo\/image\/","url":"https:\/\/evertonfc.cz\/wp-content\/uploads\/2019\/05\/logo.png","contentUrl":"https:\/\/evertonfc.cz\/wp-content\/uploads\/2019\/05\/logo.png","width":112,"height":112,"caption":"Official Czech & Slovak Everton Supporters' Club"},"image":{"@id":"https:\/\/evertonfc.cz\/#\/schema\/logo\/image\/"},"sameAs":["https:\/\/www.facebook.com\/everton.fans.cz.sk"]}]}},"_links":{"self":[{"href":"https:\/\/evertonfc.cz\/index.php\/wp-json\/wp\/v2\/news\/19450"}],"collection":[{"href":"https:\/\/evertonfc.cz\/index.php\/wp-json\/wp\/v2\/news"}],"about":[{"href":"https:\/\/evertonfc.cz\/index.php\/wp-json\/wp\/v2\/types\/news"}],"author":[{"embeddable":true,"href":"https:\/\/evertonfc.cz\/index.php\/wp-json\/wp\/v2\/users\/6"}],"replies":[{"embeddable":true,"href":"https:\/\/evertonfc.cz\/index.php\/wp-json\/wp\/v2\/comments?post=19450"}],"version-history":[{"count":0,"href":"https:\/\/evertonfc.cz\/index.php\/wp-json\/wp\/v2\/news\/19450\/revisions"}],"wp:attachment":[{"href":"https:\/\/evertonfc.cz\/index.php\/wp-json\/wp\/v2\/media?parent=19450"}],"wp:term":[{"taxonomy":"post_tag","embeddable":true,"href":"https:\/\/evertonfc.cz\/index.php\/wp-json\/wp\/v2\/tags?post=19450"},{"taxonomy":"news-category","embeddable":true,"href":"https:\/\/evertonfc.cz\/index.php\/wp-json\/wp\/v2\/news-category?post=19450"}],"curies":[{"name":"wp","href":"https:\/\/api.w.org\/{rel}","templated":true}]}}