{"id":19553,"date":"2022-08-25T13:25:56","date_gmt":"2022-08-25T11:25:56","guid":{"rendered":"https:\/\/evertonfc.cz\/?post_type=news&#038;p=19553"},"modified":"2022-08-25T13:25:56","modified_gmt":"2022-08-25T11:25:56","slug":"v-ligovem-poharu-proti-bournemouthu","status":"publish","type":"news","link":"https:\/\/evertonfc.cz\/index.php\/news\/v-ligovem-poharu-proti-bournemouthu\/","title":{"rendered":"V Ligov\u00e9m poh\u00e1ru proti Bournemouthu"},"content":{"rendered":"<p>Los t\u0159et\u00edho kola Ligov\u00e9ho poh\u00e1ru p\u0159isoudil Toffees venkovn\u00ed duel na p\u016fd\u011b Bournemouthu, kter\u00fd se odehraje uprost\u0159ed t\u00fddne 8., nebo 9. listopadu. Poh\u00e1rov\u00fd z\u00e1pas bude p\u0159edehrou ligov\u00e9ho, na Vitality Stadium se toti\u017e oba t\u00fdmy st\u0159etnou u\u017e 12. listopadu v r\u00e1mci 16. kola Premier League. Everton se tak \u010dek\u00e1 t\u00fdden na jihoanglick\u00e9m pob\u0159e\u017e\u00ed.<\/p>\n","protected":false},"excerpt":{"rendered":"<p>Los t\u0159et\u00edho kola Ligov\u00e9ho poh\u00e1ru p\u0159isoudil Toffees venkovn\u00ed duel na p\u016fd\u011b Bournemouthu, kter\u00fd se odehraje uprost\u0159ed t\u00fddne 8., nebo 9.&hellip;<\/p>\n","protected":false},"author":6,"featured_media":0,"comment_status":"open","ping_status":"closed","template":"","tags":[],"news-category":[18],"yoast_head":"<!-- This site is optimized with the Yoast SEO plugin v23.4 - https:\/\/yoast.com\/wordpress\/plugins\/seo\/ -->\n<title>V Ligov\u00e9m poh\u00e1ru proti Bournemouthu - Official Czech &amp; Slovak Everton Supporters&#039; Club<\/title>\n<meta name=\"robots\" content=\"index, follow, max-snippet:-1, max-image-preview:large, max-video-preview:-1\" \/>\n<link rel=\"canonical\" href=\"https:\/\/evertonfc.cz\/index.php\/news\/v-ligovem-poharu-proti-bournemouthu\/\" \/>\n<meta property=\"og:locale\" content=\"cs_CZ\" \/>\n<meta property=\"og:type\" content=\"article\" \/>\n<meta property=\"og:title\" content=\"V Ligov\u00e9m poh\u00e1ru proti Bournemouthu - Official Czech &amp; Slovak Everton Supporters&#039; Club\" \/>\n<meta property=\"og:description\" content=\"Los t\u0159et\u00edho kola Ligov\u00e9ho poh\u00e1ru p\u0159isoudil Toffees venkovn\u00ed duel na p\u016fd\u011b Bournemouthu, kter\u00fd se odehraje uprost\u0159ed t\u00fddne 8., nebo 9.&hellip;\" \/>\n<meta property=\"og:url\" content=\"https:\/\/evertonfc.cz\/index.php\/news\/v-ligovem-poharu-proti-bournemouthu\/\" \/>\n<meta property=\"og:site_name\" content=\"Official Czech &amp; Slovak Everton Supporters&#039; Club\" \/>\n<meta property=\"article:publisher\" content=\"https:\/\/www.facebook.com\/everton.fans.cz.sk\" \/>\n<meta name=\"twitter:card\" content=\"summary_large_image\" \/>\n<meta name=\"twitter:label1\" content=\"Odhadovan\u00e1 doba \u010dten\u00ed\" \/>\n\t<meta name=\"twitter:data1\" content=\"1 minuta\" \/>\n<script type=\"application\/ld+json\" class=\"yoast-schema-graph\">{\"@context\":\"https:\/\/schema.org\",\"@graph\":[{\"@type\":\"WebPage\",\"@id\":\"https:\/\/evertonfc.cz\/index.php\/news\/v-ligovem-poharu-proti-bournemouthu\/\",\"url\":\"https:\/\/evertonfc.cz\/index.php\/news\/v-ligovem-poharu-proti-bournemouthu\/\",\"name\":\"V Ligov\u00e9m poh\u00e1ru proti Bournemouthu - Official Czech &amp; Slovak Everton Supporters&#039; Club\",\"isPartOf\":{\"@id\":\"https:\/\/evertonfc.cz\/#website\"},\"datePublished\":\"2022-08-25T11:25:56+00:00\",\"dateModified\":\"2022-08-25T11:25:56+00:00\",\"breadcrumb\":{\"@id\":\"https:\/\/evertonfc.cz\/index.php\/news\/v-ligovem-poharu-proti-bournemouthu\/#breadcrumb\"},\"inLanguage\":\"cs\",\"potentialAction\":[{\"@type\":\"ReadAction\",\"target\":[\"https:\/\/evertonfc.cz\/index.php\/news\/v-ligovem-poharu-proti-bournemouthu\/\"]}]},{\"@type\":\"BreadcrumbList\",\"@id\":\"https:\/\/evertonfc.cz\/index.php\/news\/v-ligovem-poharu-proti-bournemouthu\/#breadcrumb\",\"itemListElement\":[{\"@type\":\"ListItem\",\"position\":1,\"name\":\"Home\",\"item\":\"https:\/\/evertonfc.cz\/\"},{\"@type\":\"ListItem\",\"position\":2,\"name\":\"News\",\"item\":\"https:\/\/evertonfc.cz\/index.php\/news\/\"},{\"@type\":\"ListItem\",\"position\":3,\"name\":\"V Ligov\u00e9m poh\u00e1ru proti Bournemouthu\"}]},{\"@type\":\"WebSite\",\"@id\":\"https:\/\/evertonfc.cz\/#website\",\"url\":\"https:\/\/evertonfc.cz\/\",\"name\":\"Official Czech &amp; Slovak Everton Supporters&#039; Club\",\"description\":\"\",\"publisher\":{\"@id\":\"https:\/\/evertonfc.cz\/#organization\"},\"potentialAction\":[{\"@type\":\"SearchAction\",\"target\":{\"@type\":\"EntryPoint\",\"urlTemplate\":\"https:\/\/evertonfc.cz\/?s={search_term_string}\"},\"query-input\":{\"@type\":\"PropertyValueSpecification\",\"valueRequired\":true,\"valueName\":\"search_term_string\"}}],\"inLanguage\":\"cs\"},{\"@type\":\"Organization\",\"@id\":\"https:\/\/evertonfc.cz\/#organization\",\"name\":\"Official Czech & Slovak Everton Supporters' Club\",\"url\":\"https:\/\/evertonfc.cz\/\",\"logo\":{\"@type\":\"ImageObject\",\"inLanguage\":\"cs\",\"@id\":\"https:\/\/evertonfc.cz\/#\/schema\/logo\/image\/\",\"url\":\"https:\/\/evertonfc.cz\/wp-content\/uploads\/2019\/05\/logo.png\",\"contentUrl\":\"https:\/\/evertonfc.cz\/wp-content\/uploads\/2019\/05\/logo.png\",\"width\":112,\"height\":112,\"caption\":\"Official Czech & Slovak Everton Supporters' Club\"},\"image\":{\"@id\":\"https:\/\/evertonfc.cz\/#\/schema\/logo\/image\/\"},\"sameAs\":[\"https:\/\/www.facebook.com\/everton.fans.cz.sk\"]}]}<\/script>\n<!-- \/ Yoast SEO plugin. -->","yoast_head_json":{"title":"V Ligov\u00e9m poh\u00e1ru proti Bournemouthu - Official Czech &amp; Slovak Everton Supporters&#039; Club","robots":{"index":"index","follow":"follow","max-snippet":"max-snippet:-1","max-image-preview":"max-image-preview:large","max-video-preview":"max-video-preview:-1"},"canonical":"https:\/\/evertonfc.cz\/index.php\/news\/v-ligovem-poharu-proti-bournemouthu\/","og_locale":"cs_CZ","og_type":"article","og_title":"V Ligov\u00e9m poh\u00e1ru proti Bournemouthu - Official Czech &amp; Slovak Everton Supporters&#039; Club","og_description":"Los t\u0159et\u00edho kola Ligov\u00e9ho poh\u00e1ru p\u0159isoudil Toffees venkovn\u00ed duel na p\u016fd\u011b Bournemouthu, kter\u00fd se odehraje uprost\u0159ed t\u00fddne 8., nebo 9.&hellip;","og_url":"https:\/\/evertonfc.cz\/index.php\/news\/v-ligovem-poharu-proti-bournemouthu\/","og_site_name":"Official Czech &amp; Slovak Everton Supporters&#039; Club","article_publisher":"https:\/\/www.facebook.com\/everton.fans.cz.sk","twitter_card":"summary_large_image","twitter_misc":{"Odhadovan\u00e1 doba \u010dten\u00ed":"1 minuta"},"schema":{"@context":"https:\/\/schema.org","@graph":[{"@type":"WebPage","@id":"https:\/\/evertonfc.cz\/index.php\/news\/v-ligovem-poharu-proti-bournemouthu\/","url":"https:\/\/evertonfc.cz\/index.php\/news\/v-ligovem-poharu-proti-bournemouthu\/","name":"V Ligov\u00e9m poh\u00e1ru proti Bournemouthu - Official Czech &amp; Slovak Everton Supporters&#039; Club","isPartOf":{"@id":"https:\/\/evertonfc.cz\/#website"},"datePublished":"2022-08-25T11:25:56+00:00","dateModified":"2022-08-25T11:25:56+00:00","breadcrumb":{"@id":"https:\/\/evertonfc.cz\/index.php\/news\/v-ligovem-poharu-proti-bournemouthu\/#breadcrumb"},"inLanguage":"cs","potentialAction":[{"@type":"ReadAction","target":["https:\/\/evertonfc.cz\/index.php\/news\/v-ligovem-poharu-proti-bournemouthu\/"]}]},{"@type":"BreadcrumbList","@id":"https:\/\/evertonfc.cz\/index.php\/news\/v-ligovem-poharu-proti-bournemouthu\/#breadcrumb","itemListElement":[{"@type":"ListItem","position":1,"name":"Home","item":"https:\/\/evertonfc.cz\/"},{"@type":"ListItem","position":2,"name":"News","item":"https:\/\/evertonfc.cz\/index.php\/news\/"},{"@type":"ListItem","position":3,"name":"V Ligov\u00e9m poh\u00e1ru proti Bournemouthu"}]},{"@type":"WebSite","@id":"https:\/\/evertonfc.cz\/#website","url":"https:\/\/evertonfc.cz\/","name":"Official Czech &amp; Slovak Everton Supporters&#039; Club","description":"","publisher":{"@id":"https:\/\/evertonfc.cz\/#organization"},"potentialAction":[{"@type":"SearchAction","target":{"@type":"EntryPoint","urlTemplate":"https:\/\/evertonfc.cz\/?s={search_term_string}"},"query-input":{"@type":"PropertyValueSpecification","valueRequired":true,"valueName":"search_term_string"}}],"inLanguage":"cs"},{"@type":"Organization","@id":"https:\/\/evertonfc.cz\/#organization","name":"Official Czech & Slovak Everton Supporters' Club","url":"https:\/\/evertonfc.cz\/","logo":{"@type":"ImageObject","inLanguage":"cs","@id":"https:\/\/evertonfc.cz\/#\/schema\/logo\/image\/","url":"https:\/\/evertonfc.cz\/wp-content\/uploads\/2019\/05\/logo.png","contentUrl":"https:\/\/evertonfc.cz\/wp-content\/uploads\/2019\/05\/logo.png","width":112,"height":112,"caption":"Official Czech & Slovak Everton Supporters' Club"},"image":{"@id":"https:\/\/evertonfc.cz\/#\/schema\/logo\/image\/"},"sameAs":["https:\/\/www.facebook.com\/everton.fans.cz.sk"]}]}},"_links":{"self":[{"href":"https:\/\/evertonfc.cz\/index.php\/wp-json\/wp\/v2\/news\/19553"}],"collection":[{"href":"https:\/\/evertonfc.cz\/index.php\/wp-json\/wp\/v2\/news"}],"about":[{"href":"https:\/\/evertonfc.cz\/index.php\/wp-json\/wp\/v2\/types\/news"}],"author":[{"embeddable":true,"href":"https:\/\/evertonfc.cz\/index.php\/wp-json\/wp\/v2\/users\/6"}],"replies":[{"embeddable":true,"href":"https:\/\/evertonfc.cz\/index.php\/wp-json\/wp\/v2\/comments?post=19553"}],"version-history":[{"count":0,"href":"https:\/\/evertonfc.cz\/index.php\/wp-json\/wp\/v2\/news\/19553\/revisions"}],"wp:attachment":[{"href":"https:\/\/evertonfc.cz\/index.php\/wp-json\/wp\/v2\/media?parent=19553"}],"wp:term":[{"taxonomy":"post_tag","embeddable":true,"href":"https:\/\/evertonfc.cz\/index.php\/wp-json\/wp\/v2\/tags?post=19553"},{"taxonomy":"news-category","embeddable":true,"href":"https:\/\/evertonfc.cz\/index.php\/wp-json\/wp\/v2\/news-category?post=19553"}],"curies":[{"name":"wp","href":"https:\/\/api.w.org\/{rel}","templated":true}]}}