{"id":19592,"date":"2022-08-26T23:19:53","date_gmt":"2022-08-26T21:19:53","guid":{"rendered":"https:\/\/evertonfc.cz\/?post_type=news&#038;p=19592"},"modified":"2022-08-26T23:22:03","modified_gmt":"2022-08-26T21:22:03","slug":"gbamin-k-tureckemu-mistrovi","status":"publish","type":"news","link":"https:\/\/evertonfc.cz\/index.php\/news\/gbamin-k-tureckemu-mistrovi\/","title":{"rendered":"Gbamin  k tureck\u00e9mu mistrovi"},"content":{"rendered":"<p>Jean-Philippe Gbamin si po jarn\u00ed epizod\u011b v moskevsk\u00e9m CSKA st\u0159ihne dal\u0161\u00ed hostov\u00e1n\u00ed. Na celou sez\u00f3nu si ho vyp\u016fj\u010dil \u00fa\u0159aduj\u00edc\u00ed tureck\u00fd mistr z Trabzonsporu.<\/p>\n<p>26let\u00e9mu st\u0159edopola\u0159i b\u011b\u017e\u00ed s Evertonem smlouva do roku 2024, budoucnost v klubu ale nem\u00e1, a to hlavn\u011b kv\u016fli velmi ne\u0161\u0165astn\u00e9 s\u00e9rii v\u00e1\u017en\u00fdch zran\u011bn\u00ed. Od sv\u00e9ho p\u0159estupu z Mainzu za 25 milion\u016f liber v l\u00e9t\u011b 2019 nastoupil za Toffees pouze k osmi z\u00e1pas\u016fm, z toho je\u0161t\u011b jen t\u0159ikr\u00e1t za\u010dal utk\u00e1n\u00ed v z\u00e1kladn\u00ed sestav\u011b.<\/p>\n<p>V posledn\u00edch m\u011bs\u00edc\u00edch sice u\u017e dok\u00e1zal z\u016fstat zdrav\u00fd, podle o\u010dek\u00e1v\u00e1n\u00ed se ale nedo\u010dkal d\u016fv\u011bry mana\u017eera Lamparda.<\/p>\n","protected":false},"excerpt":{"rendered":"<p>Jean-Philippe Gbamin si po jarn\u00ed epizod\u011b v moskevsk\u00e9m CSKA st\u0159ihne dal\u0161\u00ed hostov\u00e1n\u00ed. Na celou sez\u00f3nu si ho vyp\u016fj\u010dil \u00fa\u0159aduj\u00edc\u00ed tureck\u00fd&hellip;<\/p>\n","protected":false},"author":6,"featured_media":0,"comment_status":"open","ping_status":"closed","template":"","tags":[],"news-category":[18],"yoast_head":"<!-- This site is optimized with the Yoast SEO plugin v23.4 - https:\/\/yoast.com\/wordpress\/plugins\/seo\/ -->\n<title>Gbamin k tureck\u00e9mu mistrovi - Official Czech &amp; Slovak Everton Supporters&#039; Club<\/title>\n<meta name=\"robots\" content=\"index, follow, max-snippet:-1, max-image-preview:large, max-video-preview:-1\" \/>\n<link rel=\"canonical\" href=\"https:\/\/evertonfc.cz\/index.php\/news\/gbamin-k-tureckemu-mistrovi\/\" \/>\n<meta property=\"og:locale\" content=\"cs_CZ\" \/>\n<meta property=\"og:type\" content=\"article\" \/>\n<meta property=\"og:title\" content=\"Gbamin k tureck\u00e9mu mistrovi - Official Czech &amp; Slovak Everton Supporters&#039; Club\" \/>\n<meta property=\"og:description\" content=\"Jean-Philippe Gbamin si po jarn\u00ed epizod\u011b v moskevsk\u00e9m CSKA st\u0159ihne dal\u0161\u00ed hostov\u00e1n\u00ed. Na celou sez\u00f3nu si ho vyp\u016fj\u010dil \u00fa\u0159aduj\u00edc\u00ed tureck\u00fd&hellip;\" \/>\n<meta property=\"og:url\" content=\"https:\/\/evertonfc.cz\/index.php\/news\/gbamin-k-tureckemu-mistrovi\/\" \/>\n<meta property=\"og:site_name\" content=\"Official Czech &amp; Slovak Everton Supporters&#039; Club\" \/>\n<meta property=\"article:publisher\" content=\"https:\/\/www.facebook.com\/everton.fans.cz.sk\" \/>\n<meta property=\"article:modified_time\" content=\"2022-08-26T21:22:03+00:00\" \/>\n<meta name=\"twitter:card\" content=\"summary_large_image\" \/>\n<meta name=\"twitter:label1\" content=\"Odhadovan\u00e1 doba \u010dten\u00ed\" \/>\n\t<meta name=\"twitter:data1\" content=\"1 minuta\" \/>\n<script type=\"application\/ld+json\" class=\"yoast-schema-graph\">{\"@context\":\"https:\/\/schema.org\",\"@graph\":[{\"@type\":\"WebPage\",\"@id\":\"https:\/\/evertonfc.cz\/index.php\/news\/gbamin-k-tureckemu-mistrovi\/\",\"url\":\"https:\/\/evertonfc.cz\/index.php\/news\/gbamin-k-tureckemu-mistrovi\/\",\"name\":\"Gbamin k tureck\u00e9mu mistrovi - Official Czech &amp; Slovak Everton Supporters&#039; Club\",\"isPartOf\":{\"@id\":\"https:\/\/evertonfc.cz\/#website\"},\"datePublished\":\"2022-08-26T21:19:53+00:00\",\"dateModified\":\"2022-08-26T21:22:03+00:00\",\"breadcrumb\":{\"@id\":\"https:\/\/evertonfc.cz\/index.php\/news\/gbamin-k-tureckemu-mistrovi\/#breadcrumb\"},\"inLanguage\":\"cs\",\"potentialAction\":[{\"@type\":\"ReadAction\",\"target\":[\"https:\/\/evertonfc.cz\/index.php\/news\/gbamin-k-tureckemu-mistrovi\/\"]}]},{\"@type\":\"BreadcrumbList\",\"@id\":\"https:\/\/evertonfc.cz\/index.php\/news\/gbamin-k-tureckemu-mistrovi\/#breadcrumb\",\"itemListElement\":[{\"@type\":\"ListItem\",\"position\":1,\"name\":\"Home\",\"item\":\"https:\/\/evertonfc.cz\/\"},{\"@type\":\"ListItem\",\"position\":2,\"name\":\"News\",\"item\":\"https:\/\/evertonfc.cz\/index.php\/news\/\"},{\"@type\":\"ListItem\",\"position\":3,\"name\":\"Gbamin k tureck\u00e9mu mistrovi\"}]},{\"@type\":\"WebSite\",\"@id\":\"https:\/\/evertonfc.cz\/#website\",\"url\":\"https:\/\/evertonfc.cz\/\",\"name\":\"Official Czech &amp; Slovak Everton Supporters&#039; Club\",\"description\":\"\",\"publisher\":{\"@id\":\"https:\/\/evertonfc.cz\/#organization\"},\"potentialAction\":[{\"@type\":\"SearchAction\",\"target\":{\"@type\":\"EntryPoint\",\"urlTemplate\":\"https:\/\/evertonfc.cz\/?s={search_term_string}\"},\"query-input\":{\"@type\":\"PropertyValueSpecification\",\"valueRequired\":true,\"valueName\":\"search_term_string\"}}],\"inLanguage\":\"cs\"},{\"@type\":\"Organization\",\"@id\":\"https:\/\/evertonfc.cz\/#organization\",\"name\":\"Official Czech & Slovak Everton Supporters' Club\",\"url\":\"https:\/\/evertonfc.cz\/\",\"logo\":{\"@type\":\"ImageObject\",\"inLanguage\":\"cs\",\"@id\":\"https:\/\/evertonfc.cz\/#\/schema\/logo\/image\/\",\"url\":\"https:\/\/evertonfc.cz\/wp-content\/uploads\/2019\/05\/logo.png\",\"contentUrl\":\"https:\/\/evertonfc.cz\/wp-content\/uploads\/2019\/05\/logo.png\",\"width\":112,\"height\":112,\"caption\":\"Official Czech & Slovak Everton Supporters' Club\"},\"image\":{\"@id\":\"https:\/\/evertonfc.cz\/#\/schema\/logo\/image\/\"},\"sameAs\":[\"https:\/\/www.facebook.com\/everton.fans.cz.sk\"]}]}<\/script>\n<!-- \/ Yoast SEO plugin. -->","yoast_head_json":{"title":"Gbamin k tureck\u00e9mu mistrovi - Official Czech &amp; Slovak Everton Supporters&#039; Club","robots":{"index":"index","follow":"follow","max-snippet":"max-snippet:-1","max-image-preview":"max-image-preview:large","max-video-preview":"max-video-preview:-1"},"canonical":"https:\/\/evertonfc.cz\/index.php\/news\/gbamin-k-tureckemu-mistrovi\/","og_locale":"cs_CZ","og_type":"article","og_title":"Gbamin k tureck\u00e9mu mistrovi - Official Czech &amp; Slovak Everton Supporters&#039; Club","og_description":"Jean-Philippe Gbamin si po jarn\u00ed epizod\u011b v moskevsk\u00e9m CSKA st\u0159ihne dal\u0161\u00ed hostov\u00e1n\u00ed. Na celou sez\u00f3nu si ho vyp\u016fj\u010dil \u00fa\u0159aduj\u00edc\u00ed tureck\u00fd&hellip;","og_url":"https:\/\/evertonfc.cz\/index.php\/news\/gbamin-k-tureckemu-mistrovi\/","og_site_name":"Official Czech &amp; Slovak Everton Supporters&#039; Club","article_publisher":"https:\/\/www.facebook.com\/everton.fans.cz.sk","article_modified_time":"2022-08-26T21:22:03+00:00","twitter_card":"summary_large_image","twitter_misc":{"Odhadovan\u00e1 doba \u010dten\u00ed":"1 minuta"},"schema":{"@context":"https:\/\/schema.org","@graph":[{"@type":"WebPage","@id":"https:\/\/evertonfc.cz\/index.php\/news\/gbamin-k-tureckemu-mistrovi\/","url":"https:\/\/evertonfc.cz\/index.php\/news\/gbamin-k-tureckemu-mistrovi\/","name":"Gbamin k tureck\u00e9mu mistrovi - Official Czech &amp; Slovak Everton Supporters&#039; Club","isPartOf":{"@id":"https:\/\/evertonfc.cz\/#website"},"datePublished":"2022-08-26T21:19:53+00:00","dateModified":"2022-08-26T21:22:03+00:00","breadcrumb":{"@id":"https:\/\/evertonfc.cz\/index.php\/news\/gbamin-k-tureckemu-mistrovi\/#breadcrumb"},"inLanguage":"cs","potentialAction":[{"@type":"ReadAction","target":["https:\/\/evertonfc.cz\/index.php\/news\/gbamin-k-tureckemu-mistrovi\/"]}]},{"@type":"BreadcrumbList","@id":"https:\/\/evertonfc.cz\/index.php\/news\/gbamin-k-tureckemu-mistrovi\/#breadcrumb","itemListElement":[{"@type":"ListItem","position":1,"name":"Home","item":"https:\/\/evertonfc.cz\/"},{"@type":"ListItem","position":2,"name":"News","item":"https:\/\/evertonfc.cz\/index.php\/news\/"},{"@type":"ListItem","position":3,"name":"Gbamin k tureck\u00e9mu mistrovi"}]},{"@type":"WebSite","@id":"https:\/\/evertonfc.cz\/#website","url":"https:\/\/evertonfc.cz\/","name":"Official Czech &amp; Slovak Everton Supporters&#039; Club","description":"","publisher":{"@id":"https:\/\/evertonfc.cz\/#organization"},"potentialAction":[{"@type":"SearchAction","target":{"@type":"EntryPoint","urlTemplate":"https:\/\/evertonfc.cz\/?s={search_term_string}"},"query-input":{"@type":"PropertyValueSpecification","valueRequired":true,"valueName":"search_term_string"}}],"inLanguage":"cs"},{"@type":"Organization","@id":"https:\/\/evertonfc.cz\/#organization","name":"Official Czech & Slovak Everton Supporters' Club","url":"https:\/\/evertonfc.cz\/","logo":{"@type":"ImageObject","inLanguage":"cs","@id":"https:\/\/evertonfc.cz\/#\/schema\/logo\/image\/","url":"https:\/\/evertonfc.cz\/wp-content\/uploads\/2019\/05\/logo.png","contentUrl":"https:\/\/evertonfc.cz\/wp-content\/uploads\/2019\/05\/logo.png","width":112,"height":112,"caption":"Official Czech & Slovak Everton Supporters' Club"},"image":{"@id":"https:\/\/evertonfc.cz\/#\/schema\/logo\/image\/"},"sameAs":["https:\/\/www.facebook.com\/everton.fans.cz.sk"]}]}},"_links":{"self":[{"href":"https:\/\/evertonfc.cz\/index.php\/wp-json\/wp\/v2\/news\/19592"}],"collection":[{"href":"https:\/\/evertonfc.cz\/index.php\/wp-json\/wp\/v2\/news"}],"about":[{"href":"https:\/\/evertonfc.cz\/index.php\/wp-json\/wp\/v2\/types\/news"}],"author":[{"embeddable":true,"href":"https:\/\/evertonfc.cz\/index.php\/wp-json\/wp\/v2\/users\/6"}],"replies":[{"embeddable":true,"href":"https:\/\/evertonfc.cz\/index.php\/wp-json\/wp\/v2\/comments?post=19592"}],"version-history":[{"count":1,"href":"https:\/\/evertonfc.cz\/index.php\/wp-json\/wp\/v2\/news\/19592\/revisions"}],"predecessor-version":[{"id":19593,"href":"https:\/\/evertonfc.cz\/index.php\/wp-json\/wp\/v2\/news\/19592\/revisions\/19593"}],"wp:attachment":[{"href":"https:\/\/evertonfc.cz\/index.php\/wp-json\/wp\/v2\/media?parent=19592"}],"wp:term":[{"taxonomy":"post_tag","embeddable":true,"href":"https:\/\/evertonfc.cz\/index.php\/wp-json\/wp\/v2\/tags?post=19592"},{"taxonomy":"news-category","embeddable":true,"href":"https:\/\/evertonfc.cz\/index.php\/wp-json\/wp\/v2\/news-category?post=19592"}],"curies":[{"name":"wp","href":"https:\/\/api.w.org\/{rel}","templated":true}]}}