{"id":19703,"date":"2022-09-02T00:27:41","date_gmt":"2022-09-01T22:27:41","guid":{"rendered":"https:\/\/evertonfc.cz\/?post_type=news&#038;p=19703"},"modified":"2022-09-02T12:53:51","modified_gmt":"2022-09-02T10:53:51","slug":"gomes-hostuje-v-lille","status":"publish","type":"news","link":"https:\/\/evertonfc.cz\/index.php\/news\/gomes-hostuje-v-lille\/","title":{"rendered":"Gomes hostuje v Lille"},"content":{"rendered":"<p>Andr\u00e9 Gomes se bude pokou\u0161et restartovat svou kari\u00e9ru na hostov\u00e1n\u00ed ve francouzsk\u00e9m Lille, kam zam\u00ed\u0159il dva roky p\u0159ed koncem smlouvy v Evertonu.<\/p>\n<p>Portugalsk\u00e9ho st\u0159edopola\u0159e z\u00edskali Toffees z Barcelony p\u016fvodn\u011b na hostov\u00e1n\u00ed v roce 2018, po \u00fasp\u011b\u0161n\u00e9 sez\u00f3n\u011b ov\u0161em nev\u00e1hali zaplatit jeho p\u0159estup a\u017e 22 mili\u00f3n\u016f liber. Bohu\u017eel Gomes si v listopadu 2019 ne\u0161\u0165astn\u011b zlomil kotn\u00edk po z\u00e1kroku Son Heung-mina z Tottenhamu, a t\u0159eba\u017ee se do z\u00e1pasov\u00e9ho koloto\u010de vr\u00e1til ji\u017e po 112 dnech, na sv\u00e9 v\u00fdkony p\u0159ed v\u00e1\u017en\u00fdm zran\u011bn\u00edm u\u017e nikdy nedok\u00e1zal nav\u00e1zat.<\/p>\n<p>V n\u00e1sleduj\u00edc\u00edch sez\u00f3n\u00e1ch p\u0159edv\u00e1d\u011bl pouze letm\u00e9 z\u00e1blesky geniality, na h\u0159i\u0161ti se \u010dasto tr\u00e1pil a marn\u011b se pokou\u0161el z\u00edskat zp\u011bt sv\u00e9 sebev\u011bdom\u00ed, kter\u00e9 je nezbytn\u00e9 pro jeho hru. P\u0159ek\u00e1\u017ekou se tak\u00e9 uk\u00e1zaly opakovan\u00e9 zdravotn\u00ed probl\u00e9my.<\/p>\n<p>U\u017e 29let\u00fd Gomes za \u010dty\u0159i roky v Evertonu nasko\u010dil do 100 z\u00e1pas\u016f s bilanc\u00ed dvou vst\u0159elen\u00fdch branek a sedmi asistenc\u00ed. Je velmi pravd\u011bpodobn\u00e9, \u017ee Toffees se s Lille pod\u011bl\u00ed o jeho t\u00fddenn\u00ed plat ve v\u00fd\u0161i 100 tis\u00edc liber.<\/p>\n<p>M\u016f\u017eeme jen doufat, \u017ee portugalsk\u00fd sympa\u0165\u00e1k nalezne ve Francii pot\u0159ebnou pohodu a fotbalem bude op\u011bt bavit sebe i sv\u00e9 okol\u00ed.<\/p>\n","protected":false},"excerpt":{"rendered":"<p>Andr\u00e9 Gomes se bude pokou\u0161et restartovat svou kari\u00e9ru na hostov\u00e1n\u00ed ve francouzsk\u00e9m Lille, kam zam\u00ed\u0159il dva roky p\u0159ed koncem smlouvy&hellip;<\/p>\n","protected":false},"author":6,"featured_media":0,"comment_status":"open","ping_status":"closed","template":"","tags":[],"news-category":[18],"yoast_head":"<!-- This site is optimized with the Yoast SEO plugin v23.4 - https:\/\/yoast.com\/wordpress\/plugins\/seo\/ -->\n<title>Gomes hostuje v Lille - Official Czech &amp; Slovak Everton Supporters&#039; Club<\/title>\n<meta name=\"robots\" content=\"index, follow, max-snippet:-1, max-image-preview:large, max-video-preview:-1\" \/>\n<link rel=\"canonical\" href=\"https:\/\/evertonfc.cz\/index.php\/news\/gomes-hostuje-v-lille\/\" \/>\n<meta property=\"og:locale\" content=\"cs_CZ\" \/>\n<meta property=\"og:type\" content=\"article\" \/>\n<meta property=\"og:title\" content=\"Gomes hostuje v Lille - Official Czech &amp; Slovak Everton Supporters&#039; Club\" \/>\n<meta property=\"og:description\" content=\"Andr\u00e9 Gomes se bude pokou\u0161et restartovat svou kari\u00e9ru na hostov\u00e1n\u00ed ve francouzsk\u00e9m Lille, kam zam\u00ed\u0159il dva roky p\u0159ed koncem smlouvy&hellip;\" \/>\n<meta property=\"og:url\" content=\"https:\/\/evertonfc.cz\/index.php\/news\/gomes-hostuje-v-lille\/\" \/>\n<meta property=\"og:site_name\" content=\"Official Czech &amp; Slovak Everton Supporters&#039; Club\" \/>\n<meta property=\"article:publisher\" content=\"https:\/\/www.facebook.com\/everton.fans.cz.sk\" \/>\n<meta property=\"article:modified_time\" content=\"2022-09-02T10:53:51+00:00\" \/>\n<meta name=\"twitter:card\" content=\"summary_large_image\" \/>\n<meta name=\"twitter:label1\" content=\"Odhadovan\u00e1 doba \u010dten\u00ed\" \/>\n\t<meta name=\"twitter:data1\" content=\"1 minuta\" \/>\n<script type=\"application\/ld+json\" class=\"yoast-schema-graph\">{\"@context\":\"https:\/\/schema.org\",\"@graph\":[{\"@type\":\"WebPage\",\"@id\":\"https:\/\/evertonfc.cz\/index.php\/news\/gomes-hostuje-v-lille\/\",\"url\":\"https:\/\/evertonfc.cz\/index.php\/news\/gomes-hostuje-v-lille\/\",\"name\":\"Gomes hostuje v Lille - Official Czech &amp; Slovak Everton Supporters&#039; Club\",\"isPartOf\":{\"@id\":\"https:\/\/evertonfc.cz\/#website\"},\"datePublished\":\"2022-09-01T22:27:41+00:00\",\"dateModified\":\"2022-09-02T10:53:51+00:00\",\"breadcrumb\":{\"@id\":\"https:\/\/evertonfc.cz\/index.php\/news\/gomes-hostuje-v-lille\/#breadcrumb\"},\"inLanguage\":\"cs\",\"potentialAction\":[{\"@type\":\"ReadAction\",\"target\":[\"https:\/\/evertonfc.cz\/index.php\/news\/gomes-hostuje-v-lille\/\"]}]},{\"@type\":\"BreadcrumbList\",\"@id\":\"https:\/\/evertonfc.cz\/index.php\/news\/gomes-hostuje-v-lille\/#breadcrumb\",\"itemListElement\":[{\"@type\":\"ListItem\",\"position\":1,\"name\":\"Home\",\"item\":\"https:\/\/evertonfc.cz\/\"},{\"@type\":\"ListItem\",\"position\":2,\"name\":\"News\",\"item\":\"https:\/\/evertonfc.cz\/index.php\/news\/\"},{\"@type\":\"ListItem\",\"position\":3,\"name\":\"Gomes hostuje v Lille\"}]},{\"@type\":\"WebSite\",\"@id\":\"https:\/\/evertonfc.cz\/#website\",\"url\":\"https:\/\/evertonfc.cz\/\",\"name\":\"Official Czech &amp; Slovak Everton Supporters&#039; Club\",\"description\":\"\",\"publisher\":{\"@id\":\"https:\/\/evertonfc.cz\/#organization\"},\"potentialAction\":[{\"@type\":\"SearchAction\",\"target\":{\"@type\":\"EntryPoint\",\"urlTemplate\":\"https:\/\/evertonfc.cz\/?s={search_term_string}\"},\"query-input\":{\"@type\":\"PropertyValueSpecification\",\"valueRequired\":true,\"valueName\":\"search_term_string\"}}],\"inLanguage\":\"cs\"},{\"@type\":\"Organization\",\"@id\":\"https:\/\/evertonfc.cz\/#organization\",\"name\":\"Official Czech & Slovak Everton Supporters' Club\",\"url\":\"https:\/\/evertonfc.cz\/\",\"logo\":{\"@type\":\"ImageObject\",\"inLanguage\":\"cs\",\"@id\":\"https:\/\/evertonfc.cz\/#\/schema\/logo\/image\/\",\"url\":\"https:\/\/evertonfc.cz\/wp-content\/uploads\/2019\/05\/logo.png\",\"contentUrl\":\"https:\/\/evertonfc.cz\/wp-content\/uploads\/2019\/05\/logo.png\",\"width\":112,\"height\":112,\"caption\":\"Official Czech & Slovak Everton Supporters' Club\"},\"image\":{\"@id\":\"https:\/\/evertonfc.cz\/#\/schema\/logo\/image\/\"},\"sameAs\":[\"https:\/\/www.facebook.com\/everton.fans.cz.sk\"]}]}<\/script>\n<!-- \/ Yoast SEO plugin. -->","yoast_head_json":{"title":"Gomes hostuje v Lille - Official Czech &amp; Slovak Everton Supporters&#039; Club","robots":{"index":"index","follow":"follow","max-snippet":"max-snippet:-1","max-image-preview":"max-image-preview:large","max-video-preview":"max-video-preview:-1"},"canonical":"https:\/\/evertonfc.cz\/index.php\/news\/gomes-hostuje-v-lille\/","og_locale":"cs_CZ","og_type":"article","og_title":"Gomes hostuje v Lille - Official Czech &amp; Slovak Everton Supporters&#039; Club","og_description":"Andr\u00e9 Gomes se bude pokou\u0161et restartovat svou kari\u00e9ru na hostov\u00e1n\u00ed ve francouzsk\u00e9m Lille, kam zam\u00ed\u0159il dva roky p\u0159ed koncem smlouvy&hellip;","og_url":"https:\/\/evertonfc.cz\/index.php\/news\/gomes-hostuje-v-lille\/","og_site_name":"Official Czech &amp; Slovak Everton Supporters&#039; Club","article_publisher":"https:\/\/www.facebook.com\/everton.fans.cz.sk","article_modified_time":"2022-09-02T10:53:51+00:00","twitter_card":"summary_large_image","twitter_misc":{"Odhadovan\u00e1 doba \u010dten\u00ed":"1 minuta"},"schema":{"@context":"https:\/\/schema.org","@graph":[{"@type":"WebPage","@id":"https:\/\/evertonfc.cz\/index.php\/news\/gomes-hostuje-v-lille\/","url":"https:\/\/evertonfc.cz\/index.php\/news\/gomes-hostuje-v-lille\/","name":"Gomes hostuje v Lille - Official Czech &amp; Slovak Everton Supporters&#039; Club","isPartOf":{"@id":"https:\/\/evertonfc.cz\/#website"},"datePublished":"2022-09-01T22:27:41+00:00","dateModified":"2022-09-02T10:53:51+00:00","breadcrumb":{"@id":"https:\/\/evertonfc.cz\/index.php\/news\/gomes-hostuje-v-lille\/#breadcrumb"},"inLanguage":"cs","potentialAction":[{"@type":"ReadAction","target":["https:\/\/evertonfc.cz\/index.php\/news\/gomes-hostuje-v-lille\/"]}]},{"@type":"BreadcrumbList","@id":"https:\/\/evertonfc.cz\/index.php\/news\/gomes-hostuje-v-lille\/#breadcrumb","itemListElement":[{"@type":"ListItem","position":1,"name":"Home","item":"https:\/\/evertonfc.cz\/"},{"@type":"ListItem","position":2,"name":"News","item":"https:\/\/evertonfc.cz\/index.php\/news\/"},{"@type":"ListItem","position":3,"name":"Gomes hostuje v Lille"}]},{"@type":"WebSite","@id":"https:\/\/evertonfc.cz\/#website","url":"https:\/\/evertonfc.cz\/","name":"Official Czech &amp; Slovak Everton Supporters&#039; Club","description":"","publisher":{"@id":"https:\/\/evertonfc.cz\/#organization"},"potentialAction":[{"@type":"SearchAction","target":{"@type":"EntryPoint","urlTemplate":"https:\/\/evertonfc.cz\/?s={search_term_string}"},"query-input":{"@type":"PropertyValueSpecification","valueRequired":true,"valueName":"search_term_string"}}],"inLanguage":"cs"},{"@type":"Organization","@id":"https:\/\/evertonfc.cz\/#organization","name":"Official Czech & Slovak Everton Supporters' Club","url":"https:\/\/evertonfc.cz\/","logo":{"@type":"ImageObject","inLanguage":"cs","@id":"https:\/\/evertonfc.cz\/#\/schema\/logo\/image\/","url":"https:\/\/evertonfc.cz\/wp-content\/uploads\/2019\/05\/logo.png","contentUrl":"https:\/\/evertonfc.cz\/wp-content\/uploads\/2019\/05\/logo.png","width":112,"height":112,"caption":"Official Czech & Slovak Everton Supporters' Club"},"image":{"@id":"https:\/\/evertonfc.cz\/#\/schema\/logo\/image\/"},"sameAs":["https:\/\/www.facebook.com\/everton.fans.cz.sk"]}]}},"_links":{"self":[{"href":"https:\/\/evertonfc.cz\/index.php\/wp-json\/wp\/v2\/news\/19703"}],"collection":[{"href":"https:\/\/evertonfc.cz\/index.php\/wp-json\/wp\/v2\/news"}],"about":[{"href":"https:\/\/evertonfc.cz\/index.php\/wp-json\/wp\/v2\/types\/news"}],"author":[{"embeddable":true,"href":"https:\/\/evertonfc.cz\/index.php\/wp-json\/wp\/v2\/users\/6"}],"replies":[{"embeddable":true,"href":"https:\/\/evertonfc.cz\/index.php\/wp-json\/wp\/v2\/comments?post=19703"}],"version-history":[{"count":1,"href":"https:\/\/evertonfc.cz\/index.php\/wp-json\/wp\/v2\/news\/19703\/revisions"}],"predecessor-version":[{"id":19704,"href":"https:\/\/evertonfc.cz\/index.php\/wp-json\/wp\/v2\/news\/19703\/revisions\/19704"}],"wp:attachment":[{"href":"https:\/\/evertonfc.cz\/index.php\/wp-json\/wp\/v2\/media?parent=19703"}],"wp:term":[{"taxonomy":"post_tag","embeddable":true,"href":"https:\/\/evertonfc.cz\/index.php\/wp-json\/wp\/v2\/tags?post=19703"},{"taxonomy":"news-category","embeddable":true,"href":"https:\/\/evertonfc.cz\/index.php\/wp-json\/wp\/v2\/news-category?post=19703"}],"curies":[{"name":"wp","href":"https:\/\/api.w.org\/{rel}","templated":true}]}}