{"id":19709,"date":"2022-09-02T01:01:23","date_gmt":"2022-09-01T23:01:23","guid":{"rendered":"https:\/\/evertonfc.cz\/?post_type=news&#038;p=19709"},"modified":"2022-09-02T01:01:23","modified_gmt":"2022-09-01T23:01:23","slug":"warrington-na-zkusenou-do-fleetwoodu","status":"publish","type":"news","link":"https:\/\/evertonfc.cz\/index.php\/news\/warrington-na-zkusenou-do-fleetwoodu\/","title":{"rendered":"Warrington na zku\u0161enou do Fleetwoodu"},"content":{"rendered":"<p>19let\u00fd st\u0159edopola\u0159 Lewis Warrington bude do konce aktu\u00e1ln\u00ed sez\u00f3ny hostovat v t\u0159etiligov\u00e9m Fleetwoodu Town. Odchovanec Evertonu na ja\u0159e zaujal p\u0159i v\u00fdp\u016fj\u010dce v Tranmere Rovers (\u010dtvrt\u00e1 liga) a sv\u016fj talent potvrdil b\u011bhem letn\u00ed p\u0159\u00edpravy, kdy si vyslou\u017eil nejednu pochvalu od mana\u017eera Lamparda a tak\u00e9 debutoval v A-t\u00fdmu Toffees v Ligov\u00e9m poh\u00e1ru pr\u00e1v\u011b na p\u016fd\u011b Fleetwoodu.<\/p>\n<p>Energick\u00fd z\u00e1lo\u017en\u00edk m\u00e1 na Goodison Parku smlouvu do l\u00e9ta 2024.<\/p>\n","protected":false},"excerpt":{"rendered":"<p>19let\u00fd st\u0159edopola\u0159 Lewis Warrington bude do konce aktu\u00e1ln\u00ed sez\u00f3ny hostovat v t\u0159etiligov\u00e9m Fleetwoodu Town. Odchovanec Evertonu na ja\u0159e zaujal p\u0159i&hellip;<\/p>\n","protected":false},"author":6,"featured_media":0,"comment_status":"open","ping_status":"closed","template":"","tags":[],"news-category":[18],"yoast_head":"<!-- This site is optimized with the Yoast SEO plugin v23.4 - https:\/\/yoast.com\/wordpress\/plugins\/seo\/ -->\n<title>Warrington na zku\u0161enou do Fleetwoodu - Official Czech &amp; Slovak Everton Supporters&#039; Club<\/title>\n<meta name=\"robots\" content=\"index, follow, max-snippet:-1, max-image-preview:large, max-video-preview:-1\" \/>\n<link rel=\"canonical\" href=\"https:\/\/evertonfc.cz\/index.php\/news\/warrington-na-zkusenou-do-fleetwoodu\/\" \/>\n<meta property=\"og:locale\" content=\"cs_CZ\" \/>\n<meta property=\"og:type\" content=\"article\" \/>\n<meta property=\"og:title\" content=\"Warrington na zku\u0161enou do Fleetwoodu - Official Czech &amp; Slovak Everton Supporters&#039; Club\" \/>\n<meta property=\"og:description\" content=\"19let\u00fd st\u0159edopola\u0159 Lewis Warrington bude do konce aktu\u00e1ln\u00ed sez\u00f3ny hostovat v t\u0159etiligov\u00e9m Fleetwoodu Town. Odchovanec Evertonu na ja\u0159e zaujal p\u0159i&hellip;\" \/>\n<meta property=\"og:url\" content=\"https:\/\/evertonfc.cz\/index.php\/news\/warrington-na-zkusenou-do-fleetwoodu\/\" \/>\n<meta property=\"og:site_name\" content=\"Official Czech &amp; Slovak Everton Supporters&#039; Club\" \/>\n<meta property=\"article:publisher\" content=\"https:\/\/www.facebook.com\/everton.fans.cz.sk\" \/>\n<meta name=\"twitter:card\" content=\"summary_large_image\" \/>\n<meta name=\"twitter:label1\" content=\"Odhadovan\u00e1 doba \u010dten\u00ed\" \/>\n\t<meta name=\"twitter:data1\" content=\"1 minuta\" \/>\n<script type=\"application\/ld+json\" class=\"yoast-schema-graph\">{\"@context\":\"https:\/\/schema.org\",\"@graph\":[{\"@type\":\"WebPage\",\"@id\":\"https:\/\/evertonfc.cz\/index.php\/news\/warrington-na-zkusenou-do-fleetwoodu\/\",\"url\":\"https:\/\/evertonfc.cz\/index.php\/news\/warrington-na-zkusenou-do-fleetwoodu\/\",\"name\":\"Warrington na zku\u0161enou do Fleetwoodu - Official Czech &amp; Slovak Everton Supporters&#039; Club\",\"isPartOf\":{\"@id\":\"https:\/\/evertonfc.cz\/#website\"},\"datePublished\":\"2022-09-01T23:01:23+00:00\",\"dateModified\":\"2022-09-01T23:01:23+00:00\",\"breadcrumb\":{\"@id\":\"https:\/\/evertonfc.cz\/index.php\/news\/warrington-na-zkusenou-do-fleetwoodu\/#breadcrumb\"},\"inLanguage\":\"cs\",\"potentialAction\":[{\"@type\":\"ReadAction\",\"target\":[\"https:\/\/evertonfc.cz\/index.php\/news\/warrington-na-zkusenou-do-fleetwoodu\/\"]}]},{\"@type\":\"BreadcrumbList\",\"@id\":\"https:\/\/evertonfc.cz\/index.php\/news\/warrington-na-zkusenou-do-fleetwoodu\/#breadcrumb\",\"itemListElement\":[{\"@type\":\"ListItem\",\"position\":1,\"name\":\"Home\",\"item\":\"https:\/\/evertonfc.cz\/\"},{\"@type\":\"ListItem\",\"position\":2,\"name\":\"News\",\"item\":\"https:\/\/evertonfc.cz\/index.php\/news\/\"},{\"@type\":\"ListItem\",\"position\":3,\"name\":\"Warrington na zku\u0161enou do Fleetwoodu\"}]},{\"@type\":\"WebSite\",\"@id\":\"https:\/\/evertonfc.cz\/#website\",\"url\":\"https:\/\/evertonfc.cz\/\",\"name\":\"Official Czech &amp; Slovak Everton Supporters&#039; Club\",\"description\":\"\",\"publisher\":{\"@id\":\"https:\/\/evertonfc.cz\/#organization\"},\"potentialAction\":[{\"@type\":\"SearchAction\",\"target\":{\"@type\":\"EntryPoint\",\"urlTemplate\":\"https:\/\/evertonfc.cz\/?s={search_term_string}\"},\"query-input\":{\"@type\":\"PropertyValueSpecification\",\"valueRequired\":true,\"valueName\":\"search_term_string\"}}],\"inLanguage\":\"cs\"},{\"@type\":\"Organization\",\"@id\":\"https:\/\/evertonfc.cz\/#organization\",\"name\":\"Official Czech & Slovak Everton Supporters' Club\",\"url\":\"https:\/\/evertonfc.cz\/\",\"logo\":{\"@type\":\"ImageObject\",\"inLanguage\":\"cs\",\"@id\":\"https:\/\/evertonfc.cz\/#\/schema\/logo\/image\/\",\"url\":\"https:\/\/evertonfc.cz\/wp-content\/uploads\/2019\/05\/logo.png\",\"contentUrl\":\"https:\/\/evertonfc.cz\/wp-content\/uploads\/2019\/05\/logo.png\",\"width\":112,\"height\":112,\"caption\":\"Official Czech & Slovak Everton Supporters' Club\"},\"image\":{\"@id\":\"https:\/\/evertonfc.cz\/#\/schema\/logo\/image\/\"},\"sameAs\":[\"https:\/\/www.facebook.com\/everton.fans.cz.sk\"]}]}<\/script>\n<!-- \/ Yoast SEO plugin. -->","yoast_head_json":{"title":"Warrington na zku\u0161enou do Fleetwoodu - Official Czech &amp; Slovak Everton Supporters&#039; Club","robots":{"index":"index","follow":"follow","max-snippet":"max-snippet:-1","max-image-preview":"max-image-preview:large","max-video-preview":"max-video-preview:-1"},"canonical":"https:\/\/evertonfc.cz\/index.php\/news\/warrington-na-zkusenou-do-fleetwoodu\/","og_locale":"cs_CZ","og_type":"article","og_title":"Warrington na zku\u0161enou do Fleetwoodu - Official Czech &amp; Slovak Everton Supporters&#039; Club","og_description":"19let\u00fd st\u0159edopola\u0159 Lewis Warrington bude do konce aktu\u00e1ln\u00ed sez\u00f3ny hostovat v t\u0159etiligov\u00e9m Fleetwoodu Town. Odchovanec Evertonu na ja\u0159e zaujal p\u0159i&hellip;","og_url":"https:\/\/evertonfc.cz\/index.php\/news\/warrington-na-zkusenou-do-fleetwoodu\/","og_site_name":"Official Czech &amp; Slovak Everton Supporters&#039; Club","article_publisher":"https:\/\/www.facebook.com\/everton.fans.cz.sk","twitter_card":"summary_large_image","twitter_misc":{"Odhadovan\u00e1 doba \u010dten\u00ed":"1 minuta"},"schema":{"@context":"https:\/\/schema.org","@graph":[{"@type":"WebPage","@id":"https:\/\/evertonfc.cz\/index.php\/news\/warrington-na-zkusenou-do-fleetwoodu\/","url":"https:\/\/evertonfc.cz\/index.php\/news\/warrington-na-zkusenou-do-fleetwoodu\/","name":"Warrington na zku\u0161enou do Fleetwoodu - Official Czech &amp; Slovak Everton Supporters&#039; Club","isPartOf":{"@id":"https:\/\/evertonfc.cz\/#website"},"datePublished":"2022-09-01T23:01:23+00:00","dateModified":"2022-09-01T23:01:23+00:00","breadcrumb":{"@id":"https:\/\/evertonfc.cz\/index.php\/news\/warrington-na-zkusenou-do-fleetwoodu\/#breadcrumb"},"inLanguage":"cs","potentialAction":[{"@type":"ReadAction","target":["https:\/\/evertonfc.cz\/index.php\/news\/warrington-na-zkusenou-do-fleetwoodu\/"]}]},{"@type":"BreadcrumbList","@id":"https:\/\/evertonfc.cz\/index.php\/news\/warrington-na-zkusenou-do-fleetwoodu\/#breadcrumb","itemListElement":[{"@type":"ListItem","position":1,"name":"Home","item":"https:\/\/evertonfc.cz\/"},{"@type":"ListItem","position":2,"name":"News","item":"https:\/\/evertonfc.cz\/index.php\/news\/"},{"@type":"ListItem","position":3,"name":"Warrington na zku\u0161enou do Fleetwoodu"}]},{"@type":"WebSite","@id":"https:\/\/evertonfc.cz\/#website","url":"https:\/\/evertonfc.cz\/","name":"Official Czech &amp; Slovak Everton Supporters&#039; Club","description":"","publisher":{"@id":"https:\/\/evertonfc.cz\/#organization"},"potentialAction":[{"@type":"SearchAction","target":{"@type":"EntryPoint","urlTemplate":"https:\/\/evertonfc.cz\/?s={search_term_string}"},"query-input":{"@type":"PropertyValueSpecification","valueRequired":true,"valueName":"search_term_string"}}],"inLanguage":"cs"},{"@type":"Organization","@id":"https:\/\/evertonfc.cz\/#organization","name":"Official Czech & Slovak Everton Supporters' Club","url":"https:\/\/evertonfc.cz\/","logo":{"@type":"ImageObject","inLanguage":"cs","@id":"https:\/\/evertonfc.cz\/#\/schema\/logo\/image\/","url":"https:\/\/evertonfc.cz\/wp-content\/uploads\/2019\/05\/logo.png","contentUrl":"https:\/\/evertonfc.cz\/wp-content\/uploads\/2019\/05\/logo.png","width":112,"height":112,"caption":"Official Czech & Slovak Everton Supporters' Club"},"image":{"@id":"https:\/\/evertonfc.cz\/#\/schema\/logo\/image\/"},"sameAs":["https:\/\/www.facebook.com\/everton.fans.cz.sk"]}]}},"_links":{"self":[{"href":"https:\/\/evertonfc.cz\/index.php\/wp-json\/wp\/v2\/news\/19709"}],"collection":[{"href":"https:\/\/evertonfc.cz\/index.php\/wp-json\/wp\/v2\/news"}],"about":[{"href":"https:\/\/evertonfc.cz\/index.php\/wp-json\/wp\/v2\/types\/news"}],"author":[{"embeddable":true,"href":"https:\/\/evertonfc.cz\/index.php\/wp-json\/wp\/v2\/users\/6"}],"replies":[{"embeddable":true,"href":"https:\/\/evertonfc.cz\/index.php\/wp-json\/wp\/v2\/comments?post=19709"}],"version-history":[{"count":0,"href":"https:\/\/evertonfc.cz\/index.php\/wp-json\/wp\/v2\/news\/19709\/revisions"}],"wp:attachment":[{"href":"https:\/\/evertonfc.cz\/index.php\/wp-json\/wp\/v2\/media?parent=19709"}],"wp:term":[{"taxonomy":"post_tag","embeddable":true,"href":"https:\/\/evertonfc.cz\/index.php\/wp-json\/wp\/v2\/tags?post=19709"},{"taxonomy":"news-category","embeddable":true,"href":"https:\/\/evertonfc.cz\/index.php\/wp-json\/wp\/v2\/news-category?post=19709"}],"curies":[{"name":"wp","href":"https:\/\/api.w.org\/{rel}","templated":true}]}}