{"id":20205,"date":"2022-10-27T18:29:18","date_gmt":"2022-10-27T16:29:18","guid":{"rendered":"https:\/\/evertonfc.cz\/?post_type=news&#038;p=20205"},"modified":"2022-10-27T21:55:01","modified_gmt":"2022-10-27T19:55:01","slug":"sayperiod","status":"publish","type":"news","link":"https:\/\/evertonfc.cz\/index.php\/news\/sayperiod\/","title":{"rendered":"#SayPeriod"},"content":{"rendered":"<p>\u017deny Manchester City odehr\u00e1ly ve st\u0159edu poh\u00e1rov\u00e9 utk\u00e1n\u00ed v dom\u00e1c\u00edch dresech sest\u00e1vaj\u00edc\u00edch z tradi\u010dn\u00edho nebesky modr\u00e9ho trika a nov\u011b bord\u00f3 tren\u00fdrek nam\u00edsto dosavadn\u00edch b\u00edl\u00fdch. Od nov\u00e9 sez\u00f3ny p\u016fjde o \u017eenskou variantu dom\u00e1c\u00edho dresu MCWFC. T\u00edmto se p\u0159ipojuj\u00ed k t\u00fdm\u016fm Brighton and Hove Albion, Stoke nebo skotskou ligu hraj\u00edc\u00edho Livingstone, kter\u00e9 tak\u00e9 po dohod\u011b s v\u00fdrobci sv\u00fdch dres\u016f nahradily b\u00edl\u00e9 \u0161ortky variantou jin\u00e9 barvy. D\u016fvod je jednoduch\u00fd: \u0159ad\u011b \u017een v\u010detn\u011b fotbalistek je nep\u0159\u00edjemn\u00e9 obl\u00e9kat si b\u00edl\u00e9 kalhoty v dob\u011b menstruace. Kluby takto vyjad\u0159uj\u00ed\u00a0 respekt k\u00a0 pot\u0159eb\u00e1m hr\u00e1\u010dek a z\u00e1rove\u0148 se p\u0159ipojuj\u00ed ke kampani zasazuj\u00edc\u00ed se o detabuizaci menstruace nejen mezi profesion\u00e1ln\u00edmi sportovkyn\u011bmi. Everton zat\u00edm \u017e\u00e1dn\u00e9 prohl\u00e1\u0161en\u00ed v tomto sm\u011bru neu\u010dinil, nicm\u00e9n\u011b v leto\u0161n\u00ed sez\u00f3n\u011b pou\u017e\u00edvaj\u00ed na\u0161e d\u00e1my dom\u00e1c\u00ed dres zat\u00edm v\u00fdhradn\u011b ve variant\u011b modr\u00e9 triko a modr\u00e9 kra\u0165asy.<\/p>\n","protected":false},"excerpt":{"rendered":"<p>\u017deny Manchester City odehr\u00e1ly ve st\u0159edu poh\u00e1rov\u00e9 utk\u00e1n\u00ed v dom\u00e1c\u00edch dresech sest\u00e1vaj\u00edc\u00edch z tradi\u010dn\u00edho nebesky modr\u00e9ho trika a nov\u011b bord\u00f3&hellip;<\/p>\n","protected":false},"author":26,"featured_media":0,"comment_status":"open","ping_status":"closed","template":"","tags":[],"news-category":[18],"yoast_head":"<!-- This site is optimized with the Yoast SEO plugin v23.4 - https:\/\/yoast.com\/wordpress\/plugins\/seo\/ -->\n<title>#SayPeriod - Official Czech &amp; Slovak Everton Supporters&#039; Club<\/title>\n<meta name=\"robots\" content=\"index, follow, max-snippet:-1, max-image-preview:large, max-video-preview:-1\" \/>\n<link rel=\"canonical\" href=\"https:\/\/evertonfc.cz\/index.php\/news\/sayperiod\/\" \/>\n<meta property=\"og:locale\" content=\"cs_CZ\" \/>\n<meta property=\"og:type\" content=\"article\" \/>\n<meta property=\"og:title\" content=\"#SayPeriod - Official Czech &amp; Slovak Everton Supporters&#039; Club\" \/>\n<meta property=\"og:description\" content=\"\u017deny Manchester City odehr\u00e1ly ve st\u0159edu poh\u00e1rov\u00e9 utk\u00e1n\u00ed v dom\u00e1c\u00edch dresech sest\u00e1vaj\u00edc\u00edch z tradi\u010dn\u00edho nebesky modr\u00e9ho trika a nov\u011b bord\u00f3&hellip;\" \/>\n<meta property=\"og:url\" content=\"https:\/\/evertonfc.cz\/index.php\/news\/sayperiod\/\" \/>\n<meta property=\"og:site_name\" content=\"Official Czech &amp; Slovak Everton Supporters&#039; Club\" \/>\n<meta property=\"article:publisher\" content=\"https:\/\/www.facebook.com\/everton.fans.cz.sk\" \/>\n<meta property=\"article:modified_time\" content=\"2022-10-27T19:55:01+00:00\" \/>\n<meta name=\"twitter:card\" content=\"summary_large_image\" \/>\n<meta name=\"twitter:label1\" content=\"Odhadovan\u00e1 doba \u010dten\u00ed\" \/>\n\t<meta name=\"twitter:data1\" content=\"1 minuta\" \/>\n<script type=\"application\/ld+json\" class=\"yoast-schema-graph\">{\"@context\":\"https:\/\/schema.org\",\"@graph\":[{\"@type\":\"WebPage\",\"@id\":\"https:\/\/evertonfc.cz\/index.php\/news\/sayperiod\/\",\"url\":\"https:\/\/evertonfc.cz\/index.php\/news\/sayperiod\/\",\"name\":\"#SayPeriod - Official Czech &amp; Slovak Everton Supporters&#039; Club\",\"isPartOf\":{\"@id\":\"https:\/\/evertonfc.cz\/#website\"},\"datePublished\":\"2022-10-27T16:29:18+00:00\",\"dateModified\":\"2022-10-27T19:55:01+00:00\",\"breadcrumb\":{\"@id\":\"https:\/\/evertonfc.cz\/index.php\/news\/sayperiod\/#breadcrumb\"},\"inLanguage\":\"cs\",\"potentialAction\":[{\"@type\":\"ReadAction\",\"target\":[\"https:\/\/evertonfc.cz\/index.php\/news\/sayperiod\/\"]}]},{\"@type\":\"BreadcrumbList\",\"@id\":\"https:\/\/evertonfc.cz\/index.php\/news\/sayperiod\/#breadcrumb\",\"itemListElement\":[{\"@type\":\"ListItem\",\"position\":1,\"name\":\"Home\",\"item\":\"https:\/\/evertonfc.cz\/\"},{\"@type\":\"ListItem\",\"position\":2,\"name\":\"News\",\"item\":\"https:\/\/evertonfc.cz\/index.php\/news\/\"},{\"@type\":\"ListItem\",\"position\":3,\"name\":\"#SayPeriod\"}]},{\"@type\":\"WebSite\",\"@id\":\"https:\/\/evertonfc.cz\/#website\",\"url\":\"https:\/\/evertonfc.cz\/\",\"name\":\"Official Czech &amp; Slovak Everton Supporters&#039; Club\",\"description\":\"\",\"publisher\":{\"@id\":\"https:\/\/evertonfc.cz\/#organization\"},\"potentialAction\":[{\"@type\":\"SearchAction\",\"target\":{\"@type\":\"EntryPoint\",\"urlTemplate\":\"https:\/\/evertonfc.cz\/?s={search_term_string}\"},\"query-input\":{\"@type\":\"PropertyValueSpecification\",\"valueRequired\":true,\"valueName\":\"search_term_string\"}}],\"inLanguage\":\"cs\"},{\"@type\":\"Organization\",\"@id\":\"https:\/\/evertonfc.cz\/#organization\",\"name\":\"Official Czech & Slovak Everton Supporters' Club\",\"url\":\"https:\/\/evertonfc.cz\/\",\"logo\":{\"@type\":\"ImageObject\",\"inLanguage\":\"cs\",\"@id\":\"https:\/\/evertonfc.cz\/#\/schema\/logo\/image\/\",\"url\":\"https:\/\/evertonfc.cz\/wp-content\/uploads\/2019\/05\/logo.png\",\"contentUrl\":\"https:\/\/evertonfc.cz\/wp-content\/uploads\/2019\/05\/logo.png\",\"width\":112,\"height\":112,\"caption\":\"Official Czech & Slovak Everton Supporters' Club\"},\"image\":{\"@id\":\"https:\/\/evertonfc.cz\/#\/schema\/logo\/image\/\"},\"sameAs\":[\"https:\/\/www.facebook.com\/everton.fans.cz.sk\"]}]}<\/script>\n<!-- \/ Yoast SEO plugin. -->","yoast_head_json":{"title":"#SayPeriod - Official Czech &amp; Slovak Everton Supporters&#039; Club","robots":{"index":"index","follow":"follow","max-snippet":"max-snippet:-1","max-image-preview":"max-image-preview:large","max-video-preview":"max-video-preview:-1"},"canonical":"https:\/\/evertonfc.cz\/index.php\/news\/sayperiod\/","og_locale":"cs_CZ","og_type":"article","og_title":"#SayPeriod - Official Czech &amp; Slovak Everton Supporters&#039; Club","og_description":"\u017deny Manchester City odehr\u00e1ly ve st\u0159edu poh\u00e1rov\u00e9 utk\u00e1n\u00ed v dom\u00e1c\u00edch dresech sest\u00e1vaj\u00edc\u00edch z tradi\u010dn\u00edho nebesky modr\u00e9ho trika a nov\u011b bord\u00f3&hellip;","og_url":"https:\/\/evertonfc.cz\/index.php\/news\/sayperiod\/","og_site_name":"Official Czech &amp; Slovak Everton Supporters&#039; Club","article_publisher":"https:\/\/www.facebook.com\/everton.fans.cz.sk","article_modified_time":"2022-10-27T19:55:01+00:00","twitter_card":"summary_large_image","twitter_misc":{"Odhadovan\u00e1 doba \u010dten\u00ed":"1 minuta"},"schema":{"@context":"https:\/\/schema.org","@graph":[{"@type":"WebPage","@id":"https:\/\/evertonfc.cz\/index.php\/news\/sayperiod\/","url":"https:\/\/evertonfc.cz\/index.php\/news\/sayperiod\/","name":"#SayPeriod - Official Czech &amp; Slovak Everton Supporters&#039; Club","isPartOf":{"@id":"https:\/\/evertonfc.cz\/#website"},"datePublished":"2022-10-27T16:29:18+00:00","dateModified":"2022-10-27T19:55:01+00:00","breadcrumb":{"@id":"https:\/\/evertonfc.cz\/index.php\/news\/sayperiod\/#breadcrumb"},"inLanguage":"cs","potentialAction":[{"@type":"ReadAction","target":["https:\/\/evertonfc.cz\/index.php\/news\/sayperiod\/"]}]},{"@type":"BreadcrumbList","@id":"https:\/\/evertonfc.cz\/index.php\/news\/sayperiod\/#breadcrumb","itemListElement":[{"@type":"ListItem","position":1,"name":"Home","item":"https:\/\/evertonfc.cz\/"},{"@type":"ListItem","position":2,"name":"News","item":"https:\/\/evertonfc.cz\/index.php\/news\/"},{"@type":"ListItem","position":3,"name":"#SayPeriod"}]},{"@type":"WebSite","@id":"https:\/\/evertonfc.cz\/#website","url":"https:\/\/evertonfc.cz\/","name":"Official Czech &amp; Slovak Everton Supporters&#039; Club","description":"","publisher":{"@id":"https:\/\/evertonfc.cz\/#organization"},"potentialAction":[{"@type":"SearchAction","target":{"@type":"EntryPoint","urlTemplate":"https:\/\/evertonfc.cz\/?s={search_term_string}"},"query-input":{"@type":"PropertyValueSpecification","valueRequired":true,"valueName":"search_term_string"}}],"inLanguage":"cs"},{"@type":"Organization","@id":"https:\/\/evertonfc.cz\/#organization","name":"Official Czech & Slovak Everton Supporters' Club","url":"https:\/\/evertonfc.cz\/","logo":{"@type":"ImageObject","inLanguage":"cs","@id":"https:\/\/evertonfc.cz\/#\/schema\/logo\/image\/","url":"https:\/\/evertonfc.cz\/wp-content\/uploads\/2019\/05\/logo.png","contentUrl":"https:\/\/evertonfc.cz\/wp-content\/uploads\/2019\/05\/logo.png","width":112,"height":112,"caption":"Official Czech & Slovak Everton Supporters' Club"},"image":{"@id":"https:\/\/evertonfc.cz\/#\/schema\/logo\/image\/"},"sameAs":["https:\/\/www.facebook.com\/everton.fans.cz.sk"]}]}},"_links":{"self":[{"href":"https:\/\/evertonfc.cz\/index.php\/wp-json\/wp\/v2\/news\/20205"}],"collection":[{"href":"https:\/\/evertonfc.cz\/index.php\/wp-json\/wp\/v2\/news"}],"about":[{"href":"https:\/\/evertonfc.cz\/index.php\/wp-json\/wp\/v2\/types\/news"}],"author":[{"embeddable":true,"href":"https:\/\/evertonfc.cz\/index.php\/wp-json\/wp\/v2\/users\/26"}],"replies":[{"embeddable":true,"href":"https:\/\/evertonfc.cz\/index.php\/wp-json\/wp\/v2\/comments?post=20205"}],"version-history":[{"count":4,"href":"https:\/\/evertonfc.cz\/index.php\/wp-json\/wp\/v2\/news\/20205\/revisions"}],"predecessor-version":[{"id":20209,"href":"https:\/\/evertonfc.cz\/index.php\/wp-json\/wp\/v2\/news\/20205\/revisions\/20209"}],"wp:attachment":[{"href":"https:\/\/evertonfc.cz\/index.php\/wp-json\/wp\/v2\/media?parent=20205"}],"wp:term":[{"taxonomy":"post_tag","embeddable":true,"href":"https:\/\/evertonfc.cz\/index.php\/wp-json\/wp\/v2\/tags?post=20205"},{"taxonomy":"news-category","embeddable":true,"href":"https:\/\/evertonfc.cz\/index.php\/wp-json\/wp\/v2\/news-category?post=20205"}],"curies":[{"name":"wp","href":"https:\/\/api.w.org\/{rel}","templated":true}]}}