{"id":20373,"date":"2022-11-17T17:01:08","date_gmt":"2022-11-17T16:01:08","guid":{"rendered":"https:\/\/evertonfc.cz\/?post_type=news&#038;p=20373"},"modified":"2022-11-17T21:54:44","modified_gmt":"2022-11-17T20:54:44","slug":"tarkowski-presvedcil","status":"publish","type":"news","link":"https:\/\/evertonfc.cz\/index.php\/news\/tarkowski-presvedcil\/","title":{"rendered":"Tarkowski presved\u010dil"},"content":{"rendered":"<p>Po\u010das tejto jesene sa mohli \u010ditatelia n\u00e1\u0161ho webu rozhodn\u00fa\u0165 a\u00a0zvoli\u0165 v\u00a0ankete tohtosez\u00f3nnu posilu, ktorej pripisuj\u00fa najv\u00e4\u010d\u0161\u00ed pr\u00ednos. Bolo z\u00a0\u010doho vybera\u0165. Napokon, Everton trochu ne\u010dakane priviedol a\u017e osem nov\u00fdch hr\u00e1\u010dov. Niektor\u00fdch trvalo, in\u00fdch na p\u00f4\u017ei\u010dku. No a a\u017e \u0161tyria z\u00a0nich sa okam\u017eite zaradili do z\u00e1kladnej zostavy.<\/p>\n<p>Mo\u017eno aj preto boli v\u00fdsledky hlasovania vcelku tesn\u00e9, a v\u00ed\u0165az si uchmatol prvenstvo len o 6 hlasov, z celkov\u00fdch 64. Je n\u00edm James Tarkowski! Anglick\u00fd obranca, ktor\u00fd na Merseyside prest\u00fapil z Burnley, z\u00edskal vy\u0161e tretinu v\u0161etk\u00fdch hlasov, a len ve\u013ek\u00fdm ominut\u00edm pri\u0161iel o miesto v t\u00edme Garetha Southgatea do Kataru.<\/p>\n<p>Detailn\u00e9 v\u00fdsledky hlasovania tradi\u010dne n\u00e1jdete ni\u017e\u0161ie aj v\u00a0percentu\u00e1lnom preveden\u00ed, a\u00a0taktie\u017e v\u00e1s poz\u00fdvame na particip\u00e1ciu v\u00a0na\u0161ej novej ankete, kde sa p\u00fdtame na bud\u00facnos\u0165 Franka Lamparda v\u00a0roli mana\u017e\u00e9ra EFC.<\/p>\n<p class=\"panel-title\"><span style=\"text-decoration: underline;\"><strong>Ktor\u00fa letn\u00fa posilu Evertonu pova\u017eujete za najlep\u0161iu?<br \/>\n<\/strong><\/span><\/p>\n<ol>\n<li><span class=\"basic-text\">James Tarkowski (zadarmo) &#8211; <\/span><span class=\"basic-answer-results-details\">34.38% <\/span><span class=\"basic-answer-total-votes\">(22 hlasov)<\/span><\/li>\n<li><span class=\"basic-text\">Amadou Onana (\u00a325+8m) &#8211; <\/span><span class=\"basic-answer-results-details\">25% <\/span><span class=\"basic-answer-total-votes\">(16 hlasov)<\/span><\/li>\n<li><span class=\"basic-text\">Conor Coady (hos\u0165ovanie) &#8211; <\/span><span class=\"basic-answer-results-details\">21.88% <\/span><span class=\"basic-answer-total-votes\">(14 hlasov)<\/span><\/li>\n<li><span class=\"basic-text\">Idrissa Gueye (\u00a32m) &#8211; <\/span><span class=\"basic-answer-results-details\">12.50% <\/span><span class=\"basic-answer-total-votes\">(8 hlasov)<\/span><\/li>\n<li><span class=\"basic-text\">Neal Maupay (\u00a312+3m) &#8211; <\/span><span class=\"basic-answer-results-details\">4.69% <\/span><span class=\"basic-answer-total-votes\">(3 hlasov)<\/span><\/li>\n<li><span class=\"basic-text\">Dwight McNeil (\u00a315+5m) &#8211; <\/span><span class=\"basic-answer-results-details\">1.56% <\/span><span class=\"basic-answer-total-votes\">(1 hlas)<\/span><\/li>\n<li class=\"basic-answer\" data-id=\"129\" data-type=\"text\" data-vn=\"0\" data-color=\"#000000\">\n<div class=\"basic-answer-content basic-text-vertical\"><span class=\"basic-text\">R\u00faben Vinagre (hos\u0165ovanie) &#8211; <\/span><span class=\"basic-answer-results-details\">0% <\/span><span class=\"basic-answer-total-votes\">(0 hlasov)<\/span><\/div>\n<\/li>\n<li class=\"basic-answer\" data-id=\"143\" data-type=\"text\" data-vn=\"0\" data-color=\"#000000\">\n<div class=\"basic-answer-content basic-text-vertical\"><span class=\"basic-text\">James Garner (\u00a39+5,5m) &#8211; <\/span><span class=\"basic-answer-results-details\">0% <\/span><span class=\"basic-answer-total-votes\">(0 hlasov)<\/span><\/div>\n<\/li>\n<\/ol>\n","protected":false},"excerpt":{"rendered":"<p>Po\u010das tejto jesene sa mohli \u010ditatelia n\u00e1\u0161ho webu rozhodn\u00fa\u0165 a\u00a0zvoli\u0165 v\u00a0ankete tohtosez\u00f3nnu posilu, ktorej pripisuj\u00fa najv\u00e4\u010d\u0161\u00ed pr\u00ednos. Bolo z\u00a0\u010doho vybera\u0165.&hellip;<\/p>\n","protected":false},"author":1,"featured_media":0,"comment_status":"open","ping_status":"closed","template":"","tags":[],"news-category":[18],"yoast_head":"<!-- This site is optimized with the Yoast SEO plugin v23.4 - https:\/\/yoast.com\/wordpress\/plugins\/seo\/ -->\n<title>Tarkowski presved\u010dil - Official Czech &amp; Slovak Everton Supporters&#039; Club<\/title>\n<meta name=\"robots\" content=\"index, follow, max-snippet:-1, max-image-preview:large, max-video-preview:-1\" \/>\n<link rel=\"canonical\" href=\"https:\/\/evertonfc.cz\/index.php\/news\/tarkowski-presvedcil\/\" \/>\n<meta property=\"og:locale\" content=\"cs_CZ\" \/>\n<meta property=\"og:type\" content=\"article\" \/>\n<meta property=\"og:title\" content=\"Tarkowski presved\u010dil - Official Czech &amp; Slovak Everton Supporters&#039; Club\" \/>\n<meta property=\"og:description\" content=\"Po\u010das tejto jesene sa mohli \u010ditatelia n\u00e1\u0161ho webu rozhodn\u00fa\u0165 a\u00a0zvoli\u0165 v\u00a0ankete tohtosez\u00f3nnu posilu, ktorej pripisuj\u00fa najv\u00e4\u010d\u0161\u00ed pr\u00ednos. Bolo z\u00a0\u010doho vybera\u0165.&hellip;\" \/>\n<meta property=\"og:url\" content=\"https:\/\/evertonfc.cz\/index.php\/news\/tarkowski-presvedcil\/\" \/>\n<meta property=\"og:site_name\" content=\"Official Czech &amp; Slovak Everton Supporters&#039; Club\" \/>\n<meta property=\"article:publisher\" content=\"https:\/\/www.facebook.com\/everton.fans.cz.sk\" \/>\n<meta property=\"article:modified_time\" content=\"2022-11-17T20:54:44+00:00\" \/>\n<meta name=\"twitter:card\" content=\"summary_large_image\" \/>\n<meta name=\"twitter:label1\" content=\"Odhadovan\u00e1 doba \u010dten\u00ed\" \/>\n\t<meta name=\"twitter:data1\" content=\"2 minuty\" \/>\n<script type=\"application\/ld+json\" class=\"yoast-schema-graph\">{\"@context\":\"https:\/\/schema.org\",\"@graph\":[{\"@type\":\"WebPage\",\"@id\":\"https:\/\/evertonfc.cz\/index.php\/news\/tarkowski-presvedcil\/\",\"url\":\"https:\/\/evertonfc.cz\/index.php\/news\/tarkowski-presvedcil\/\",\"name\":\"Tarkowski presved\u010dil - Official Czech &amp; Slovak Everton Supporters&#039; Club\",\"isPartOf\":{\"@id\":\"https:\/\/evertonfc.cz\/#website\"},\"datePublished\":\"2022-11-17T16:01:08+00:00\",\"dateModified\":\"2022-11-17T20:54:44+00:00\",\"breadcrumb\":{\"@id\":\"https:\/\/evertonfc.cz\/index.php\/news\/tarkowski-presvedcil\/#breadcrumb\"},\"inLanguage\":\"cs\",\"potentialAction\":[{\"@type\":\"ReadAction\",\"target\":[\"https:\/\/evertonfc.cz\/index.php\/news\/tarkowski-presvedcil\/\"]}]},{\"@type\":\"BreadcrumbList\",\"@id\":\"https:\/\/evertonfc.cz\/index.php\/news\/tarkowski-presvedcil\/#breadcrumb\",\"itemListElement\":[{\"@type\":\"ListItem\",\"position\":1,\"name\":\"Home\",\"item\":\"https:\/\/evertonfc.cz\/\"},{\"@type\":\"ListItem\",\"position\":2,\"name\":\"News\",\"item\":\"https:\/\/evertonfc.cz\/index.php\/news\/\"},{\"@type\":\"ListItem\",\"position\":3,\"name\":\"Tarkowski presved\u010dil\"}]},{\"@type\":\"WebSite\",\"@id\":\"https:\/\/evertonfc.cz\/#website\",\"url\":\"https:\/\/evertonfc.cz\/\",\"name\":\"Official Czech &amp; Slovak Everton Supporters&#039; Club\",\"description\":\"\",\"publisher\":{\"@id\":\"https:\/\/evertonfc.cz\/#organization\"},\"potentialAction\":[{\"@type\":\"SearchAction\",\"target\":{\"@type\":\"EntryPoint\",\"urlTemplate\":\"https:\/\/evertonfc.cz\/?s={search_term_string}\"},\"query-input\":{\"@type\":\"PropertyValueSpecification\",\"valueRequired\":true,\"valueName\":\"search_term_string\"}}],\"inLanguage\":\"cs\"},{\"@type\":\"Organization\",\"@id\":\"https:\/\/evertonfc.cz\/#organization\",\"name\":\"Official Czech & Slovak Everton Supporters' Club\",\"url\":\"https:\/\/evertonfc.cz\/\",\"logo\":{\"@type\":\"ImageObject\",\"inLanguage\":\"cs\",\"@id\":\"https:\/\/evertonfc.cz\/#\/schema\/logo\/image\/\",\"url\":\"https:\/\/evertonfc.cz\/wp-content\/uploads\/2019\/05\/logo.png\",\"contentUrl\":\"https:\/\/evertonfc.cz\/wp-content\/uploads\/2019\/05\/logo.png\",\"width\":112,\"height\":112,\"caption\":\"Official Czech & Slovak Everton Supporters' Club\"},\"image\":{\"@id\":\"https:\/\/evertonfc.cz\/#\/schema\/logo\/image\/\"},\"sameAs\":[\"https:\/\/www.facebook.com\/everton.fans.cz.sk\"]}]}<\/script>\n<!-- \/ Yoast SEO plugin. -->","yoast_head_json":{"title":"Tarkowski presved\u010dil - Official Czech &amp; Slovak Everton Supporters&#039; Club","robots":{"index":"index","follow":"follow","max-snippet":"max-snippet:-1","max-image-preview":"max-image-preview:large","max-video-preview":"max-video-preview:-1"},"canonical":"https:\/\/evertonfc.cz\/index.php\/news\/tarkowski-presvedcil\/","og_locale":"cs_CZ","og_type":"article","og_title":"Tarkowski presved\u010dil - Official Czech &amp; Slovak Everton Supporters&#039; Club","og_description":"Po\u010das tejto jesene sa mohli \u010ditatelia n\u00e1\u0161ho webu rozhodn\u00fa\u0165 a\u00a0zvoli\u0165 v\u00a0ankete tohtosez\u00f3nnu posilu, ktorej pripisuj\u00fa najv\u00e4\u010d\u0161\u00ed pr\u00ednos. Bolo z\u00a0\u010doho vybera\u0165.&hellip;","og_url":"https:\/\/evertonfc.cz\/index.php\/news\/tarkowski-presvedcil\/","og_site_name":"Official Czech &amp; Slovak Everton Supporters&#039; Club","article_publisher":"https:\/\/www.facebook.com\/everton.fans.cz.sk","article_modified_time":"2022-11-17T20:54:44+00:00","twitter_card":"summary_large_image","twitter_misc":{"Odhadovan\u00e1 doba \u010dten\u00ed":"2 minuty"},"schema":{"@context":"https:\/\/schema.org","@graph":[{"@type":"WebPage","@id":"https:\/\/evertonfc.cz\/index.php\/news\/tarkowski-presvedcil\/","url":"https:\/\/evertonfc.cz\/index.php\/news\/tarkowski-presvedcil\/","name":"Tarkowski presved\u010dil - Official Czech &amp; Slovak Everton Supporters&#039; Club","isPartOf":{"@id":"https:\/\/evertonfc.cz\/#website"},"datePublished":"2022-11-17T16:01:08+00:00","dateModified":"2022-11-17T20:54:44+00:00","breadcrumb":{"@id":"https:\/\/evertonfc.cz\/index.php\/news\/tarkowski-presvedcil\/#breadcrumb"},"inLanguage":"cs","potentialAction":[{"@type":"ReadAction","target":["https:\/\/evertonfc.cz\/index.php\/news\/tarkowski-presvedcil\/"]}]},{"@type":"BreadcrumbList","@id":"https:\/\/evertonfc.cz\/index.php\/news\/tarkowski-presvedcil\/#breadcrumb","itemListElement":[{"@type":"ListItem","position":1,"name":"Home","item":"https:\/\/evertonfc.cz\/"},{"@type":"ListItem","position":2,"name":"News","item":"https:\/\/evertonfc.cz\/index.php\/news\/"},{"@type":"ListItem","position":3,"name":"Tarkowski presved\u010dil"}]},{"@type":"WebSite","@id":"https:\/\/evertonfc.cz\/#website","url":"https:\/\/evertonfc.cz\/","name":"Official Czech &amp; Slovak Everton Supporters&#039; Club","description":"","publisher":{"@id":"https:\/\/evertonfc.cz\/#organization"},"potentialAction":[{"@type":"SearchAction","target":{"@type":"EntryPoint","urlTemplate":"https:\/\/evertonfc.cz\/?s={search_term_string}"},"query-input":{"@type":"PropertyValueSpecification","valueRequired":true,"valueName":"search_term_string"}}],"inLanguage":"cs"},{"@type":"Organization","@id":"https:\/\/evertonfc.cz\/#organization","name":"Official Czech & Slovak Everton Supporters' Club","url":"https:\/\/evertonfc.cz\/","logo":{"@type":"ImageObject","inLanguage":"cs","@id":"https:\/\/evertonfc.cz\/#\/schema\/logo\/image\/","url":"https:\/\/evertonfc.cz\/wp-content\/uploads\/2019\/05\/logo.png","contentUrl":"https:\/\/evertonfc.cz\/wp-content\/uploads\/2019\/05\/logo.png","width":112,"height":112,"caption":"Official Czech & Slovak Everton Supporters' Club"},"image":{"@id":"https:\/\/evertonfc.cz\/#\/schema\/logo\/image\/"},"sameAs":["https:\/\/www.facebook.com\/everton.fans.cz.sk"]}]}},"_links":{"self":[{"href":"https:\/\/evertonfc.cz\/index.php\/wp-json\/wp\/v2\/news\/20373"}],"collection":[{"href":"https:\/\/evertonfc.cz\/index.php\/wp-json\/wp\/v2\/news"}],"about":[{"href":"https:\/\/evertonfc.cz\/index.php\/wp-json\/wp\/v2\/types\/news"}],"author":[{"embeddable":true,"href":"https:\/\/evertonfc.cz\/index.php\/wp-json\/wp\/v2\/users\/1"}],"replies":[{"embeddable":true,"href":"https:\/\/evertonfc.cz\/index.php\/wp-json\/wp\/v2\/comments?post=20373"}],"version-history":[{"count":3,"href":"https:\/\/evertonfc.cz\/index.php\/wp-json\/wp\/v2\/news\/20373\/revisions"}],"predecessor-version":[{"id":20376,"href":"https:\/\/evertonfc.cz\/index.php\/wp-json\/wp\/v2\/news\/20373\/revisions\/20376"}],"wp:attachment":[{"href":"https:\/\/evertonfc.cz\/index.php\/wp-json\/wp\/v2\/media?parent=20373"}],"wp:term":[{"taxonomy":"post_tag","embeddable":true,"href":"https:\/\/evertonfc.cz\/index.php\/wp-json\/wp\/v2\/tags?post=20373"},{"taxonomy":"news-category","embeddable":true,"href":"https:\/\/evertonfc.cz\/index.php\/wp-json\/wp\/v2\/news-category?post=20373"}],"curies":[{"name":"wp","href":"https:\/\/api.w.org\/{rel}","templated":true}]}}