{"id":20618,"date":"2023-01-05T12:34:02","date_gmt":"2023-01-05T11:34:02","guid":{"rendered":"https:\/\/evertonfc.cz\/?post_type=news&#038;p=20618"},"modified":"2023-01-05T15:29:58","modified_gmt":"2023-01-05T14:29:58","slug":"lampard-zatial-ostava-manazerom","status":"publish","type":"news","link":"https:\/\/evertonfc.cz\/index.php\/news\/lampard-zatial-ostava-manazerom\/","title":{"rendered":"Lampard zatia\u013e ost\u00e1va mana\u017e\u00e9rom"},"content":{"rendered":"<p>Frank Lampard aj napriek zdrvuj\u00facej por\u00e1\u017eke od Brightonu povedie Everton aj v 3. kole FA Cupu na p\u00f4de Manchesteru United. Dnes o 14:30 bude na predz\u00e1pasovej tla\u010dovej konferencii. Ako reportuje Paul Joyce z The Times, jeho zotrvanie vo funkcii v\u0161ak z\u00e1vis\u00ed od \u010fal\u0161\u00edch v\u00fdsledkov. A to po\u010dn\u00fac nutnou satisfakciou v poh\u00e1rovom stretnut\u00ed. Zhodlo sa na tom vedenie klubu na stredaj\u0161om stretnut\u00ed s mana\u017e\u00e9rom.<\/p>\n<p>Prebehlo na Finch Farm, a\u00a0to za pr\u00edtomnosti v\u00fdkonnej riadite\u013eky Denise Barrett-Baxendale, \u0161portov\u00e9ho riadite\u013ea Kevina Thelwella, a\u00a0pr\u00edtomn\u00fd bol aj finan\u010dn\u00fd riadite\u013e Grant Ingles. \u010eal\u0161\u00ed spo\u013eahliv\u00fd novin\u00e1r, Dominic King z\u00a0Daily Mail tvrd\u00ed, \u017ee v\u00a0pr\u00edpade vyhadzovu Lamparda je najv\u00e4\u010d\u0161\u00edm kandid\u00e1tom na n\u00e1hradu Sean Dyche.<\/p>\n<p>Tr\u00e9ning prv\u00e9ho t\u00edmu prebieha za norm\u00e1lnych okolnost\u00ed. Rovnako tak zhon po posile do \u00fatoku. Najnov\u0161ie bola ponuka EFC na hos\u0165ovanie Dannyho Ingsa odmietnut\u00e1 Aston Villou, ktor\u00e1 preferuje priamy predaj.<\/p>\n","protected":false},"excerpt":{"rendered":"<p>Frank Lampard aj napriek zdrvuj\u00facej por\u00e1\u017eke od Brightonu povedie Everton aj v 3. kole FA Cupu na p\u00f4de Manchesteru United.&hellip;<\/p>\n","protected":false},"author":1,"featured_media":0,"comment_status":"open","ping_status":"closed","template":"","tags":[],"news-category":[18],"yoast_head":"<!-- This site is optimized with the Yoast SEO plugin v23.4 - https:\/\/yoast.com\/wordpress\/plugins\/seo\/ -->\n<title>Lampard zatia\u013e ost\u00e1va mana\u017e\u00e9rom - Official Czech &amp; Slovak Everton Supporters&#039; Club<\/title>\n<meta name=\"robots\" content=\"index, follow, max-snippet:-1, max-image-preview:large, max-video-preview:-1\" \/>\n<link rel=\"canonical\" href=\"https:\/\/evertonfc.cz\/index.php\/news\/lampard-zatial-ostava-manazerom\/\" \/>\n<meta property=\"og:locale\" content=\"cs_CZ\" \/>\n<meta property=\"og:type\" content=\"article\" \/>\n<meta property=\"og:title\" content=\"Lampard zatia\u013e ost\u00e1va mana\u017e\u00e9rom - Official Czech &amp; Slovak Everton Supporters&#039; Club\" \/>\n<meta property=\"og:description\" content=\"Frank Lampard aj napriek zdrvuj\u00facej por\u00e1\u017eke od Brightonu povedie Everton aj v 3. kole FA Cupu na p\u00f4de Manchesteru United.&hellip;\" \/>\n<meta property=\"og:url\" content=\"https:\/\/evertonfc.cz\/index.php\/news\/lampard-zatial-ostava-manazerom\/\" \/>\n<meta property=\"og:site_name\" content=\"Official Czech &amp; Slovak Everton Supporters&#039; Club\" \/>\n<meta property=\"article:publisher\" content=\"https:\/\/www.facebook.com\/everton.fans.cz.sk\" \/>\n<meta property=\"article:modified_time\" content=\"2023-01-05T14:29:58+00:00\" \/>\n<meta name=\"twitter:card\" content=\"summary_large_image\" \/>\n<meta name=\"twitter:label1\" content=\"Odhadovan\u00e1 doba \u010dten\u00ed\" \/>\n\t<meta name=\"twitter:data1\" content=\"1 minuta\" \/>\n<script type=\"application\/ld+json\" class=\"yoast-schema-graph\">{\"@context\":\"https:\/\/schema.org\",\"@graph\":[{\"@type\":\"WebPage\",\"@id\":\"https:\/\/evertonfc.cz\/index.php\/news\/lampard-zatial-ostava-manazerom\/\",\"url\":\"https:\/\/evertonfc.cz\/index.php\/news\/lampard-zatial-ostava-manazerom\/\",\"name\":\"Lampard zatia\u013e ost\u00e1va mana\u017e\u00e9rom - Official Czech &amp; Slovak Everton Supporters&#039; Club\",\"isPartOf\":{\"@id\":\"https:\/\/evertonfc.cz\/#website\"},\"datePublished\":\"2023-01-05T11:34:02+00:00\",\"dateModified\":\"2023-01-05T14:29:58+00:00\",\"breadcrumb\":{\"@id\":\"https:\/\/evertonfc.cz\/index.php\/news\/lampard-zatial-ostava-manazerom\/#breadcrumb\"},\"inLanguage\":\"cs\",\"potentialAction\":[{\"@type\":\"ReadAction\",\"target\":[\"https:\/\/evertonfc.cz\/index.php\/news\/lampard-zatial-ostava-manazerom\/\"]}]},{\"@type\":\"BreadcrumbList\",\"@id\":\"https:\/\/evertonfc.cz\/index.php\/news\/lampard-zatial-ostava-manazerom\/#breadcrumb\",\"itemListElement\":[{\"@type\":\"ListItem\",\"position\":1,\"name\":\"Home\",\"item\":\"https:\/\/evertonfc.cz\/\"},{\"@type\":\"ListItem\",\"position\":2,\"name\":\"News\",\"item\":\"https:\/\/evertonfc.cz\/index.php\/news\/\"},{\"@type\":\"ListItem\",\"position\":3,\"name\":\"Lampard zatia\u013e ost\u00e1va mana\u017e\u00e9rom\"}]},{\"@type\":\"WebSite\",\"@id\":\"https:\/\/evertonfc.cz\/#website\",\"url\":\"https:\/\/evertonfc.cz\/\",\"name\":\"Official Czech &amp; Slovak Everton Supporters&#039; Club\",\"description\":\"\",\"publisher\":{\"@id\":\"https:\/\/evertonfc.cz\/#organization\"},\"potentialAction\":[{\"@type\":\"SearchAction\",\"target\":{\"@type\":\"EntryPoint\",\"urlTemplate\":\"https:\/\/evertonfc.cz\/?s={search_term_string}\"},\"query-input\":{\"@type\":\"PropertyValueSpecification\",\"valueRequired\":true,\"valueName\":\"search_term_string\"}}],\"inLanguage\":\"cs\"},{\"@type\":\"Organization\",\"@id\":\"https:\/\/evertonfc.cz\/#organization\",\"name\":\"Official Czech & Slovak Everton Supporters' Club\",\"url\":\"https:\/\/evertonfc.cz\/\",\"logo\":{\"@type\":\"ImageObject\",\"inLanguage\":\"cs\",\"@id\":\"https:\/\/evertonfc.cz\/#\/schema\/logo\/image\/\",\"url\":\"https:\/\/evertonfc.cz\/wp-content\/uploads\/2019\/05\/logo.png\",\"contentUrl\":\"https:\/\/evertonfc.cz\/wp-content\/uploads\/2019\/05\/logo.png\",\"width\":112,\"height\":112,\"caption\":\"Official Czech & Slovak Everton Supporters' Club\"},\"image\":{\"@id\":\"https:\/\/evertonfc.cz\/#\/schema\/logo\/image\/\"},\"sameAs\":[\"https:\/\/www.facebook.com\/everton.fans.cz.sk\"]}]}<\/script>\n<!-- \/ Yoast SEO plugin. -->","yoast_head_json":{"title":"Lampard zatia\u013e ost\u00e1va mana\u017e\u00e9rom - Official Czech &amp; Slovak Everton Supporters&#039; Club","robots":{"index":"index","follow":"follow","max-snippet":"max-snippet:-1","max-image-preview":"max-image-preview:large","max-video-preview":"max-video-preview:-1"},"canonical":"https:\/\/evertonfc.cz\/index.php\/news\/lampard-zatial-ostava-manazerom\/","og_locale":"cs_CZ","og_type":"article","og_title":"Lampard zatia\u013e ost\u00e1va mana\u017e\u00e9rom - Official Czech &amp; Slovak Everton Supporters&#039; Club","og_description":"Frank Lampard aj napriek zdrvuj\u00facej por\u00e1\u017eke od Brightonu povedie Everton aj v 3. kole FA Cupu na p\u00f4de Manchesteru United.&hellip;","og_url":"https:\/\/evertonfc.cz\/index.php\/news\/lampard-zatial-ostava-manazerom\/","og_site_name":"Official Czech &amp; Slovak Everton Supporters&#039; Club","article_publisher":"https:\/\/www.facebook.com\/everton.fans.cz.sk","article_modified_time":"2023-01-05T14:29:58+00:00","twitter_card":"summary_large_image","twitter_misc":{"Odhadovan\u00e1 doba \u010dten\u00ed":"1 minuta"},"schema":{"@context":"https:\/\/schema.org","@graph":[{"@type":"WebPage","@id":"https:\/\/evertonfc.cz\/index.php\/news\/lampard-zatial-ostava-manazerom\/","url":"https:\/\/evertonfc.cz\/index.php\/news\/lampard-zatial-ostava-manazerom\/","name":"Lampard zatia\u013e ost\u00e1va mana\u017e\u00e9rom - Official Czech &amp; Slovak Everton Supporters&#039; Club","isPartOf":{"@id":"https:\/\/evertonfc.cz\/#website"},"datePublished":"2023-01-05T11:34:02+00:00","dateModified":"2023-01-05T14:29:58+00:00","breadcrumb":{"@id":"https:\/\/evertonfc.cz\/index.php\/news\/lampard-zatial-ostava-manazerom\/#breadcrumb"},"inLanguage":"cs","potentialAction":[{"@type":"ReadAction","target":["https:\/\/evertonfc.cz\/index.php\/news\/lampard-zatial-ostava-manazerom\/"]}]},{"@type":"BreadcrumbList","@id":"https:\/\/evertonfc.cz\/index.php\/news\/lampard-zatial-ostava-manazerom\/#breadcrumb","itemListElement":[{"@type":"ListItem","position":1,"name":"Home","item":"https:\/\/evertonfc.cz\/"},{"@type":"ListItem","position":2,"name":"News","item":"https:\/\/evertonfc.cz\/index.php\/news\/"},{"@type":"ListItem","position":3,"name":"Lampard zatia\u013e ost\u00e1va mana\u017e\u00e9rom"}]},{"@type":"WebSite","@id":"https:\/\/evertonfc.cz\/#website","url":"https:\/\/evertonfc.cz\/","name":"Official Czech &amp; Slovak Everton Supporters&#039; Club","description":"","publisher":{"@id":"https:\/\/evertonfc.cz\/#organization"},"potentialAction":[{"@type":"SearchAction","target":{"@type":"EntryPoint","urlTemplate":"https:\/\/evertonfc.cz\/?s={search_term_string}"},"query-input":{"@type":"PropertyValueSpecification","valueRequired":true,"valueName":"search_term_string"}}],"inLanguage":"cs"},{"@type":"Organization","@id":"https:\/\/evertonfc.cz\/#organization","name":"Official Czech & Slovak Everton Supporters' Club","url":"https:\/\/evertonfc.cz\/","logo":{"@type":"ImageObject","inLanguage":"cs","@id":"https:\/\/evertonfc.cz\/#\/schema\/logo\/image\/","url":"https:\/\/evertonfc.cz\/wp-content\/uploads\/2019\/05\/logo.png","contentUrl":"https:\/\/evertonfc.cz\/wp-content\/uploads\/2019\/05\/logo.png","width":112,"height":112,"caption":"Official Czech & Slovak Everton Supporters' Club"},"image":{"@id":"https:\/\/evertonfc.cz\/#\/schema\/logo\/image\/"},"sameAs":["https:\/\/www.facebook.com\/everton.fans.cz.sk"]}]}},"_links":{"self":[{"href":"https:\/\/evertonfc.cz\/index.php\/wp-json\/wp\/v2\/news\/20618"}],"collection":[{"href":"https:\/\/evertonfc.cz\/index.php\/wp-json\/wp\/v2\/news"}],"about":[{"href":"https:\/\/evertonfc.cz\/index.php\/wp-json\/wp\/v2\/types\/news"}],"author":[{"embeddable":true,"href":"https:\/\/evertonfc.cz\/index.php\/wp-json\/wp\/v2\/users\/1"}],"replies":[{"embeddable":true,"href":"https:\/\/evertonfc.cz\/index.php\/wp-json\/wp\/v2\/comments?post=20618"}],"version-history":[{"count":2,"href":"https:\/\/evertonfc.cz\/index.php\/wp-json\/wp\/v2\/news\/20618\/revisions"}],"predecessor-version":[{"id":20620,"href":"https:\/\/evertonfc.cz\/index.php\/wp-json\/wp\/v2\/news\/20618\/revisions\/20620"}],"wp:attachment":[{"href":"https:\/\/evertonfc.cz\/index.php\/wp-json\/wp\/v2\/media?parent=20618"}],"wp:term":[{"taxonomy":"post_tag","embeddable":true,"href":"https:\/\/evertonfc.cz\/index.php\/wp-json\/wp\/v2\/tags?post=20618"},{"taxonomy":"news-category","embeddable":true,"href":"https:\/\/evertonfc.cz\/index.php\/wp-json\/wp\/v2\/news-category?post=20618"}],"curies":[{"name":"wp","href":"https:\/\/api.w.org\/{rel}","templated":true}]}}