{"id":20640,"date":"2023-01-09T22:35:25","date_gmt":"2023-01-09T21:35:25","guid":{"rendered":"https:\/\/evertonfc.cz\/?post_type=news&#038;p=20640"},"modified":"2023-01-09T23:34:32","modified_gmt":"2023-01-09T22:34:32","slug":"broadhead-nadobro-opousti-toffees","status":"publish","type":"news","link":"https:\/\/evertonfc.cz\/index.php\/news\/broadhead-nadobro-opousti-toffees\/","title":{"rendered":"Broadhead nadobro opou\u0161t\u00ed Toffees"},"content":{"rendered":"<p>Odchovanec klubu a ji\u017e 24let\u00fd \u00fato\u010dn\u00edk se po 14 letech lou\u010d\u00ed s Evertonem, kter\u00fd ho p\u0159ed\u010dasn\u011b st\u00e1hl z hostov\u00e1n\u00ed v druholigov\u00e9m Wiganu, kde vst\u0159elil p\u011bt branek ve 22 z\u00e1pasech, aby ho obratem prodal do t\u0159etiligov\u00e9ho Ipswiche Town, kter\u00fd posiluje ve snaze postoupit o ligov\u00e9 patro v\u00fd\u0161e.<\/p>\n<p>Suma p\u0159estupu nebyla ofici\u00e1ln\u011b zve\u0159ejn\u011bna, podle m\u00e9di\u00ed se ale pohybuje kolem \u010d\u00e1stky 1,5 milionu liber v z\u00e1kladu a po napln\u011bn\u00ed v\u00fdkonnostn\u00edch bonus\u016f se m\u016f\u017ee vy\u0161plhat na t\u0159i miliony liber.<\/p>\n<p>Broadhead, jen\u017e v l\u00e9t\u011b prodlou\u017eil smlouvu na Goodison Parku do l\u00e9ta 2024, odehr\u00e1l v prvn\u00edm t\u00fdmu Evertonu pouh\u00e9 dva z\u00e1pasy s minim\u00e1ln\u00ed minut\u00e1\u017e\u00ed. Jm\u00e9no si sp\u00ed\u0161e ud\u011blal na hostov\u00e1n\u00edch v Burtonu, Sunderlandu a zmi\u0148ovan\u00e9m Wiganu.<\/p>\n","protected":false},"excerpt":{"rendered":"<p>Odchovanec klubu a ji\u017e 24let\u00fd \u00fato\u010dn\u00edk se po 14 letech lou\u010d\u00ed s Evertonem, kter\u00fd ho p\u0159ed\u010dasn\u011b st\u00e1hl z hostov\u00e1n\u00ed v&hellip;<\/p>\n","protected":false},"author":6,"featured_media":0,"comment_status":"open","ping_status":"closed","template":"","tags":[],"news-category":[18],"yoast_head":"<!-- This site is optimized with the Yoast SEO plugin v23.4 - https:\/\/yoast.com\/wordpress\/plugins\/seo\/ -->\n<title>Broadhead nadobro opou\u0161t\u00ed Toffees - Official Czech &amp; Slovak Everton Supporters&#039; Club<\/title>\n<meta name=\"robots\" content=\"index, follow, max-snippet:-1, max-image-preview:large, max-video-preview:-1\" \/>\n<link rel=\"canonical\" href=\"https:\/\/evertonfc.cz\/index.php\/news\/broadhead-nadobro-opousti-toffees\/\" \/>\n<meta property=\"og:locale\" content=\"cs_CZ\" \/>\n<meta property=\"og:type\" content=\"article\" \/>\n<meta property=\"og:title\" content=\"Broadhead nadobro opou\u0161t\u00ed Toffees - Official Czech &amp; Slovak Everton Supporters&#039; Club\" \/>\n<meta property=\"og:description\" content=\"Odchovanec klubu a ji\u017e 24let\u00fd \u00fato\u010dn\u00edk se po 14 letech lou\u010d\u00ed s Evertonem, kter\u00fd ho p\u0159ed\u010dasn\u011b st\u00e1hl z hostov\u00e1n\u00ed v&hellip;\" \/>\n<meta property=\"og:url\" content=\"https:\/\/evertonfc.cz\/index.php\/news\/broadhead-nadobro-opousti-toffees\/\" \/>\n<meta property=\"og:site_name\" content=\"Official Czech &amp; Slovak Everton Supporters&#039; Club\" \/>\n<meta property=\"article:publisher\" content=\"https:\/\/www.facebook.com\/everton.fans.cz.sk\" \/>\n<meta property=\"article:modified_time\" content=\"2023-01-09T22:34:32+00:00\" \/>\n<meta name=\"twitter:card\" content=\"summary_large_image\" \/>\n<meta name=\"twitter:label1\" content=\"Odhadovan\u00e1 doba \u010dten\u00ed\" \/>\n\t<meta name=\"twitter:data1\" content=\"1 minuta\" \/>\n<script type=\"application\/ld+json\" class=\"yoast-schema-graph\">{\"@context\":\"https:\/\/schema.org\",\"@graph\":[{\"@type\":\"WebPage\",\"@id\":\"https:\/\/evertonfc.cz\/index.php\/news\/broadhead-nadobro-opousti-toffees\/\",\"url\":\"https:\/\/evertonfc.cz\/index.php\/news\/broadhead-nadobro-opousti-toffees\/\",\"name\":\"Broadhead nadobro opou\u0161t\u00ed Toffees - Official Czech &amp; Slovak Everton Supporters&#039; Club\",\"isPartOf\":{\"@id\":\"https:\/\/evertonfc.cz\/#website\"},\"datePublished\":\"2023-01-09T21:35:25+00:00\",\"dateModified\":\"2023-01-09T22:34:32+00:00\",\"breadcrumb\":{\"@id\":\"https:\/\/evertonfc.cz\/index.php\/news\/broadhead-nadobro-opousti-toffees\/#breadcrumb\"},\"inLanguage\":\"cs\",\"potentialAction\":[{\"@type\":\"ReadAction\",\"target\":[\"https:\/\/evertonfc.cz\/index.php\/news\/broadhead-nadobro-opousti-toffees\/\"]}]},{\"@type\":\"BreadcrumbList\",\"@id\":\"https:\/\/evertonfc.cz\/index.php\/news\/broadhead-nadobro-opousti-toffees\/#breadcrumb\",\"itemListElement\":[{\"@type\":\"ListItem\",\"position\":1,\"name\":\"Home\",\"item\":\"https:\/\/evertonfc.cz\/\"},{\"@type\":\"ListItem\",\"position\":2,\"name\":\"News\",\"item\":\"https:\/\/evertonfc.cz\/index.php\/news\/\"},{\"@type\":\"ListItem\",\"position\":3,\"name\":\"Broadhead nadobro opou\u0161t\u00ed Toffees\"}]},{\"@type\":\"WebSite\",\"@id\":\"https:\/\/evertonfc.cz\/#website\",\"url\":\"https:\/\/evertonfc.cz\/\",\"name\":\"Official Czech &amp; Slovak Everton Supporters&#039; Club\",\"description\":\"\",\"publisher\":{\"@id\":\"https:\/\/evertonfc.cz\/#organization\"},\"potentialAction\":[{\"@type\":\"SearchAction\",\"target\":{\"@type\":\"EntryPoint\",\"urlTemplate\":\"https:\/\/evertonfc.cz\/?s={search_term_string}\"},\"query-input\":{\"@type\":\"PropertyValueSpecification\",\"valueRequired\":true,\"valueName\":\"search_term_string\"}}],\"inLanguage\":\"cs\"},{\"@type\":\"Organization\",\"@id\":\"https:\/\/evertonfc.cz\/#organization\",\"name\":\"Official Czech & Slovak Everton Supporters' Club\",\"url\":\"https:\/\/evertonfc.cz\/\",\"logo\":{\"@type\":\"ImageObject\",\"inLanguage\":\"cs\",\"@id\":\"https:\/\/evertonfc.cz\/#\/schema\/logo\/image\/\",\"url\":\"https:\/\/evertonfc.cz\/wp-content\/uploads\/2019\/05\/logo.png\",\"contentUrl\":\"https:\/\/evertonfc.cz\/wp-content\/uploads\/2019\/05\/logo.png\",\"width\":112,\"height\":112,\"caption\":\"Official Czech & Slovak Everton Supporters' Club\"},\"image\":{\"@id\":\"https:\/\/evertonfc.cz\/#\/schema\/logo\/image\/\"},\"sameAs\":[\"https:\/\/www.facebook.com\/everton.fans.cz.sk\"]}]}<\/script>\n<!-- \/ Yoast SEO plugin. -->","yoast_head_json":{"title":"Broadhead nadobro opou\u0161t\u00ed Toffees - Official Czech &amp; Slovak Everton Supporters&#039; Club","robots":{"index":"index","follow":"follow","max-snippet":"max-snippet:-1","max-image-preview":"max-image-preview:large","max-video-preview":"max-video-preview:-1"},"canonical":"https:\/\/evertonfc.cz\/index.php\/news\/broadhead-nadobro-opousti-toffees\/","og_locale":"cs_CZ","og_type":"article","og_title":"Broadhead nadobro opou\u0161t\u00ed Toffees - Official Czech &amp; Slovak Everton Supporters&#039; Club","og_description":"Odchovanec klubu a ji\u017e 24let\u00fd \u00fato\u010dn\u00edk se po 14 letech lou\u010d\u00ed s Evertonem, kter\u00fd ho p\u0159ed\u010dasn\u011b st\u00e1hl z hostov\u00e1n\u00ed v&hellip;","og_url":"https:\/\/evertonfc.cz\/index.php\/news\/broadhead-nadobro-opousti-toffees\/","og_site_name":"Official Czech &amp; Slovak Everton Supporters&#039; Club","article_publisher":"https:\/\/www.facebook.com\/everton.fans.cz.sk","article_modified_time":"2023-01-09T22:34:32+00:00","twitter_card":"summary_large_image","twitter_misc":{"Odhadovan\u00e1 doba \u010dten\u00ed":"1 minuta"},"schema":{"@context":"https:\/\/schema.org","@graph":[{"@type":"WebPage","@id":"https:\/\/evertonfc.cz\/index.php\/news\/broadhead-nadobro-opousti-toffees\/","url":"https:\/\/evertonfc.cz\/index.php\/news\/broadhead-nadobro-opousti-toffees\/","name":"Broadhead nadobro opou\u0161t\u00ed Toffees - Official Czech &amp; Slovak Everton Supporters&#039; Club","isPartOf":{"@id":"https:\/\/evertonfc.cz\/#website"},"datePublished":"2023-01-09T21:35:25+00:00","dateModified":"2023-01-09T22:34:32+00:00","breadcrumb":{"@id":"https:\/\/evertonfc.cz\/index.php\/news\/broadhead-nadobro-opousti-toffees\/#breadcrumb"},"inLanguage":"cs","potentialAction":[{"@type":"ReadAction","target":["https:\/\/evertonfc.cz\/index.php\/news\/broadhead-nadobro-opousti-toffees\/"]}]},{"@type":"BreadcrumbList","@id":"https:\/\/evertonfc.cz\/index.php\/news\/broadhead-nadobro-opousti-toffees\/#breadcrumb","itemListElement":[{"@type":"ListItem","position":1,"name":"Home","item":"https:\/\/evertonfc.cz\/"},{"@type":"ListItem","position":2,"name":"News","item":"https:\/\/evertonfc.cz\/index.php\/news\/"},{"@type":"ListItem","position":3,"name":"Broadhead nadobro opou\u0161t\u00ed Toffees"}]},{"@type":"WebSite","@id":"https:\/\/evertonfc.cz\/#website","url":"https:\/\/evertonfc.cz\/","name":"Official Czech &amp; Slovak Everton Supporters&#039; Club","description":"","publisher":{"@id":"https:\/\/evertonfc.cz\/#organization"},"potentialAction":[{"@type":"SearchAction","target":{"@type":"EntryPoint","urlTemplate":"https:\/\/evertonfc.cz\/?s={search_term_string}"},"query-input":{"@type":"PropertyValueSpecification","valueRequired":true,"valueName":"search_term_string"}}],"inLanguage":"cs"},{"@type":"Organization","@id":"https:\/\/evertonfc.cz\/#organization","name":"Official Czech & Slovak Everton Supporters' Club","url":"https:\/\/evertonfc.cz\/","logo":{"@type":"ImageObject","inLanguage":"cs","@id":"https:\/\/evertonfc.cz\/#\/schema\/logo\/image\/","url":"https:\/\/evertonfc.cz\/wp-content\/uploads\/2019\/05\/logo.png","contentUrl":"https:\/\/evertonfc.cz\/wp-content\/uploads\/2019\/05\/logo.png","width":112,"height":112,"caption":"Official Czech & Slovak Everton Supporters' Club"},"image":{"@id":"https:\/\/evertonfc.cz\/#\/schema\/logo\/image\/"},"sameAs":["https:\/\/www.facebook.com\/everton.fans.cz.sk"]}]}},"_links":{"self":[{"href":"https:\/\/evertonfc.cz\/index.php\/wp-json\/wp\/v2\/news\/20640"}],"collection":[{"href":"https:\/\/evertonfc.cz\/index.php\/wp-json\/wp\/v2\/news"}],"about":[{"href":"https:\/\/evertonfc.cz\/index.php\/wp-json\/wp\/v2\/types\/news"}],"author":[{"embeddable":true,"href":"https:\/\/evertonfc.cz\/index.php\/wp-json\/wp\/v2\/users\/6"}],"replies":[{"embeddable":true,"href":"https:\/\/evertonfc.cz\/index.php\/wp-json\/wp\/v2\/comments?post=20640"}],"version-history":[{"count":6,"href":"https:\/\/evertonfc.cz\/index.php\/wp-json\/wp\/v2\/news\/20640\/revisions"}],"predecessor-version":[{"id":20658,"href":"https:\/\/evertonfc.cz\/index.php\/wp-json\/wp\/v2\/news\/20640\/revisions\/20658"}],"wp:attachment":[{"href":"https:\/\/evertonfc.cz\/index.php\/wp-json\/wp\/v2\/media?parent=20640"}],"wp:term":[{"taxonomy":"post_tag","embeddable":true,"href":"https:\/\/evertonfc.cz\/index.php\/wp-json\/wp\/v2\/tags?post=20640"},{"taxonomy":"news-category","embeddable":true,"href":"https:\/\/evertonfc.cz\/index.php\/wp-json\/wp\/v2\/news-category?post=20640"}],"curies":[{"name":"wp","href":"https:\/\/api.w.org\/{rel}","templated":true}]}}