{"id":20704,"date":"2023-01-14T14:20:10","date_gmt":"2023-01-14T13:20:10","guid":{"rendered":"https:\/\/evertonfc.cz\/?post_type=news&#038;p=20704"},"modified":"2023-01-14T15:42:58","modified_gmt":"2023-01-14T14:42:58","slug":"vedenie-nepride-na-duel-proti-saints","status":"publish","type":"news","link":"https:\/\/evertonfc.cz\/index.php\/news\/vedenie-nepride-na-duel-proti-saints\/","title":{"rendered":"Vedenie nepr\u00edde na duel proti Saints"},"content":{"rendered":"<p>Na ofici\u00e1lnej str\u00e1nke klubu dnes pribudlo stanovisko, \u017ee po zlomyse\u013enej a neprijate\u013ene v\u00fdhra\u017enej kore\u0161pondencii prijatej klubom a narastaj\u00facich incidentov protispolo\u010densk\u00e9ho spr\u00e1vania, vr\u00e1tane cielenej fyzickej agresie na ned\u00e1vnych dom\u00e1cich z\u00e1pasoch,\u00a0 dostali \u010dlenovia spr\u00e1vnej rady pokyn, aby sa nez\u00fa\u010dastnili dne\u0161n\u00e9ho z\u00e1pasu Premier League proti Southamptonu z d\u00f4vodu \u201eskuto\u010dnej a d\u00f4veryhodnej hrozby pre ich bezpe\u010dnos\u0165\u201c.<\/p>\n<p>Poradca pre bezpe\u010dnos\u0165 a ochranu povedal: <em>\u201ePo d\u00f4kladnom vyhodnoten\u00ed riz\u00edk a v reakcii na hmatate\u013en\u00e9 hrozby prijat\u00e9 klubom a na inform\u00e1cie, ktor\u00e9 sme zhroma\u017edili, bolo \u010dlenom spr\u00e1vnej rady klubu povedan\u00e9, \u017ee sa nesm\u00fa z\u00fa\u010dastni\u0165 dne\u0161n\u00e9ho z\u00e1pasu.&#8220;<\/em><\/p>\n<p>Predseda predstavenstva Bill Kenwright, gener\u00e1lna riadite\u013eka Denise Barrett-Baxendale, finan\u010dn\u00fd riadite\u013e Grant Ingles a nev\u00fdkonn\u00fd riadite\u013e Graeme Sharp \u00fadajne s nev\u00f4\u013eou prijali v\u00fdsledok hodnotenia bezpe\u010dnosti, ktor\u00e9 vykonali klubov\u00ed bezpe\u010dnostn\u00ed poradcovia.<\/p>\n<p>Hovorca klubu dodal: <em>\u201eToto je bezprecedentn\u00e9 rozhodnutie futbalov\u00e9ho klubu Everton \u2013 nikdy predt\u00fdm cel\u00e9mu n\u00e1\u0161mu predstavenstvu nebolo nariaden\u00e9 nez\u00fa\u010dastni\u0165 sa z\u00e1pasu z bezpe\u010dnostn\u00fdch d\u00f4vodov.<\/em> Pre Everton a Evertonians je to hlboko smutn\u00fd de\u0148.&#8220;<\/p>\n","protected":false},"excerpt":{"rendered":"<p>Na ofici\u00e1lnej str\u00e1nke klubu dnes pribudlo stanovisko, \u017ee po zlomyse\u013enej a neprijate\u013ene v\u00fdhra\u017enej kore\u0161pondencii prijatej klubom a narastaj\u00facich incidentov protispolo\u010densk\u00e9ho&hellip;<\/p>\n","protected":false},"author":1,"featured_media":0,"comment_status":"open","ping_status":"closed","template":"","tags":[],"news-category":[18],"yoast_head":"<!-- This site is optimized with the Yoast SEO plugin v23.4 - https:\/\/yoast.com\/wordpress\/plugins\/seo\/ -->\n<title>Vedenie nepr\u00edde na duel proti Saints - Official Czech &amp; Slovak Everton Supporters&#039; Club<\/title>\n<meta name=\"robots\" content=\"index, follow, max-snippet:-1, max-image-preview:large, max-video-preview:-1\" \/>\n<link rel=\"canonical\" href=\"https:\/\/evertonfc.cz\/index.php\/news\/vedenie-nepride-na-duel-proti-saints\/\" \/>\n<meta property=\"og:locale\" content=\"cs_CZ\" \/>\n<meta property=\"og:type\" content=\"article\" \/>\n<meta property=\"og:title\" content=\"Vedenie nepr\u00edde na duel proti Saints - Official Czech &amp; Slovak Everton Supporters&#039; Club\" \/>\n<meta property=\"og:description\" content=\"Na ofici\u00e1lnej str\u00e1nke klubu dnes pribudlo stanovisko, \u017ee po zlomyse\u013enej a neprijate\u013ene v\u00fdhra\u017enej kore\u0161pondencii prijatej klubom a narastaj\u00facich incidentov protispolo\u010densk\u00e9ho&hellip;\" \/>\n<meta property=\"og:url\" content=\"https:\/\/evertonfc.cz\/index.php\/news\/vedenie-nepride-na-duel-proti-saints\/\" \/>\n<meta property=\"og:site_name\" content=\"Official Czech &amp; Slovak Everton Supporters&#039; Club\" \/>\n<meta property=\"article:publisher\" content=\"https:\/\/www.facebook.com\/everton.fans.cz.sk\" \/>\n<meta property=\"article:modified_time\" content=\"2023-01-14T14:42:58+00:00\" \/>\n<meta name=\"twitter:card\" content=\"summary_large_image\" \/>\n<meta name=\"twitter:label1\" content=\"Odhadovan\u00e1 doba \u010dten\u00ed\" \/>\n\t<meta name=\"twitter:data1\" content=\"1 minuta\" \/>\n<script type=\"application\/ld+json\" class=\"yoast-schema-graph\">{\"@context\":\"https:\/\/schema.org\",\"@graph\":[{\"@type\":\"WebPage\",\"@id\":\"https:\/\/evertonfc.cz\/index.php\/news\/vedenie-nepride-na-duel-proti-saints\/\",\"url\":\"https:\/\/evertonfc.cz\/index.php\/news\/vedenie-nepride-na-duel-proti-saints\/\",\"name\":\"Vedenie nepr\u00edde na duel proti Saints - Official Czech &amp; Slovak Everton Supporters&#039; Club\",\"isPartOf\":{\"@id\":\"https:\/\/evertonfc.cz\/#website\"},\"datePublished\":\"2023-01-14T13:20:10+00:00\",\"dateModified\":\"2023-01-14T14:42:58+00:00\",\"breadcrumb\":{\"@id\":\"https:\/\/evertonfc.cz\/index.php\/news\/vedenie-nepride-na-duel-proti-saints\/#breadcrumb\"},\"inLanguage\":\"cs\",\"potentialAction\":[{\"@type\":\"ReadAction\",\"target\":[\"https:\/\/evertonfc.cz\/index.php\/news\/vedenie-nepride-na-duel-proti-saints\/\"]}]},{\"@type\":\"BreadcrumbList\",\"@id\":\"https:\/\/evertonfc.cz\/index.php\/news\/vedenie-nepride-na-duel-proti-saints\/#breadcrumb\",\"itemListElement\":[{\"@type\":\"ListItem\",\"position\":1,\"name\":\"Home\",\"item\":\"https:\/\/evertonfc.cz\/\"},{\"@type\":\"ListItem\",\"position\":2,\"name\":\"News\",\"item\":\"https:\/\/evertonfc.cz\/index.php\/news\/\"},{\"@type\":\"ListItem\",\"position\":3,\"name\":\"Vedenie nepr\u00edde na duel proti Saints\"}]},{\"@type\":\"WebSite\",\"@id\":\"https:\/\/evertonfc.cz\/#website\",\"url\":\"https:\/\/evertonfc.cz\/\",\"name\":\"Official Czech &amp; Slovak Everton Supporters&#039; Club\",\"description\":\"\",\"publisher\":{\"@id\":\"https:\/\/evertonfc.cz\/#organization\"},\"potentialAction\":[{\"@type\":\"SearchAction\",\"target\":{\"@type\":\"EntryPoint\",\"urlTemplate\":\"https:\/\/evertonfc.cz\/?s={search_term_string}\"},\"query-input\":{\"@type\":\"PropertyValueSpecification\",\"valueRequired\":true,\"valueName\":\"search_term_string\"}}],\"inLanguage\":\"cs\"},{\"@type\":\"Organization\",\"@id\":\"https:\/\/evertonfc.cz\/#organization\",\"name\":\"Official Czech & Slovak Everton Supporters' Club\",\"url\":\"https:\/\/evertonfc.cz\/\",\"logo\":{\"@type\":\"ImageObject\",\"inLanguage\":\"cs\",\"@id\":\"https:\/\/evertonfc.cz\/#\/schema\/logo\/image\/\",\"url\":\"https:\/\/evertonfc.cz\/wp-content\/uploads\/2019\/05\/logo.png\",\"contentUrl\":\"https:\/\/evertonfc.cz\/wp-content\/uploads\/2019\/05\/logo.png\",\"width\":112,\"height\":112,\"caption\":\"Official Czech & Slovak Everton Supporters' Club\"},\"image\":{\"@id\":\"https:\/\/evertonfc.cz\/#\/schema\/logo\/image\/\"},\"sameAs\":[\"https:\/\/www.facebook.com\/everton.fans.cz.sk\"]}]}<\/script>\n<!-- \/ Yoast SEO plugin. -->","yoast_head_json":{"title":"Vedenie nepr\u00edde na duel proti Saints - Official Czech &amp; Slovak Everton Supporters&#039; Club","robots":{"index":"index","follow":"follow","max-snippet":"max-snippet:-1","max-image-preview":"max-image-preview:large","max-video-preview":"max-video-preview:-1"},"canonical":"https:\/\/evertonfc.cz\/index.php\/news\/vedenie-nepride-na-duel-proti-saints\/","og_locale":"cs_CZ","og_type":"article","og_title":"Vedenie nepr\u00edde na duel proti Saints - Official Czech &amp; Slovak Everton Supporters&#039; Club","og_description":"Na ofici\u00e1lnej str\u00e1nke klubu dnes pribudlo stanovisko, \u017ee po zlomyse\u013enej a neprijate\u013ene v\u00fdhra\u017enej kore\u0161pondencii prijatej klubom a narastaj\u00facich incidentov protispolo\u010densk\u00e9ho&hellip;","og_url":"https:\/\/evertonfc.cz\/index.php\/news\/vedenie-nepride-na-duel-proti-saints\/","og_site_name":"Official Czech &amp; Slovak Everton Supporters&#039; Club","article_publisher":"https:\/\/www.facebook.com\/everton.fans.cz.sk","article_modified_time":"2023-01-14T14:42:58+00:00","twitter_card":"summary_large_image","twitter_misc":{"Odhadovan\u00e1 doba \u010dten\u00ed":"1 minuta"},"schema":{"@context":"https:\/\/schema.org","@graph":[{"@type":"WebPage","@id":"https:\/\/evertonfc.cz\/index.php\/news\/vedenie-nepride-na-duel-proti-saints\/","url":"https:\/\/evertonfc.cz\/index.php\/news\/vedenie-nepride-na-duel-proti-saints\/","name":"Vedenie nepr\u00edde na duel proti Saints - Official Czech &amp; Slovak Everton Supporters&#039; Club","isPartOf":{"@id":"https:\/\/evertonfc.cz\/#website"},"datePublished":"2023-01-14T13:20:10+00:00","dateModified":"2023-01-14T14:42:58+00:00","breadcrumb":{"@id":"https:\/\/evertonfc.cz\/index.php\/news\/vedenie-nepride-na-duel-proti-saints\/#breadcrumb"},"inLanguage":"cs","potentialAction":[{"@type":"ReadAction","target":["https:\/\/evertonfc.cz\/index.php\/news\/vedenie-nepride-na-duel-proti-saints\/"]}]},{"@type":"BreadcrumbList","@id":"https:\/\/evertonfc.cz\/index.php\/news\/vedenie-nepride-na-duel-proti-saints\/#breadcrumb","itemListElement":[{"@type":"ListItem","position":1,"name":"Home","item":"https:\/\/evertonfc.cz\/"},{"@type":"ListItem","position":2,"name":"News","item":"https:\/\/evertonfc.cz\/index.php\/news\/"},{"@type":"ListItem","position":3,"name":"Vedenie nepr\u00edde na duel proti Saints"}]},{"@type":"WebSite","@id":"https:\/\/evertonfc.cz\/#website","url":"https:\/\/evertonfc.cz\/","name":"Official Czech &amp; Slovak Everton Supporters&#039; Club","description":"","publisher":{"@id":"https:\/\/evertonfc.cz\/#organization"},"potentialAction":[{"@type":"SearchAction","target":{"@type":"EntryPoint","urlTemplate":"https:\/\/evertonfc.cz\/?s={search_term_string}"},"query-input":{"@type":"PropertyValueSpecification","valueRequired":true,"valueName":"search_term_string"}}],"inLanguage":"cs"},{"@type":"Organization","@id":"https:\/\/evertonfc.cz\/#organization","name":"Official Czech & Slovak Everton Supporters' Club","url":"https:\/\/evertonfc.cz\/","logo":{"@type":"ImageObject","inLanguage":"cs","@id":"https:\/\/evertonfc.cz\/#\/schema\/logo\/image\/","url":"https:\/\/evertonfc.cz\/wp-content\/uploads\/2019\/05\/logo.png","contentUrl":"https:\/\/evertonfc.cz\/wp-content\/uploads\/2019\/05\/logo.png","width":112,"height":112,"caption":"Official Czech & Slovak Everton Supporters' Club"},"image":{"@id":"https:\/\/evertonfc.cz\/#\/schema\/logo\/image\/"},"sameAs":["https:\/\/www.facebook.com\/everton.fans.cz.sk"]}]}},"_links":{"self":[{"href":"https:\/\/evertonfc.cz\/index.php\/wp-json\/wp\/v2\/news\/20704"}],"collection":[{"href":"https:\/\/evertonfc.cz\/index.php\/wp-json\/wp\/v2\/news"}],"about":[{"href":"https:\/\/evertonfc.cz\/index.php\/wp-json\/wp\/v2\/types\/news"}],"author":[{"embeddable":true,"href":"https:\/\/evertonfc.cz\/index.php\/wp-json\/wp\/v2\/users\/1"}],"replies":[{"embeddable":true,"href":"https:\/\/evertonfc.cz\/index.php\/wp-json\/wp\/v2\/comments?post=20704"}],"version-history":[{"count":3,"href":"https:\/\/evertonfc.cz\/index.php\/wp-json\/wp\/v2\/news\/20704\/revisions"}],"predecessor-version":[{"id":20710,"href":"https:\/\/evertonfc.cz\/index.php\/wp-json\/wp\/v2\/news\/20704\/revisions\/20710"}],"wp:attachment":[{"href":"https:\/\/evertonfc.cz\/index.php\/wp-json\/wp\/v2\/media?parent=20704"}],"wp:term":[{"taxonomy":"post_tag","embeddable":true,"href":"https:\/\/evertonfc.cz\/index.php\/wp-json\/wp\/v2\/tags?post=20704"},{"taxonomy":"news-category","embeddable":true,"href":"https:\/\/evertonfc.cz\/index.php\/wp-json\/wp\/v2\/news-category?post=20704"}],"curies":[{"name":"wp","href":"https:\/\/api.w.org\/{rel}","templated":true}]}}