{"id":20706,"date":"2023-01-14T15:27:00","date_gmt":"2023-01-14T14:27:00","guid":{"rendered":"https:\/\/evertonfc.cz\/?post_type=news&#038;p=20706"},"modified":"2023-01-14T15:27:00","modified_gmt":"2023-01-14T14:27:00","slug":"nkounkou-meni-posobisko","status":"publish","type":"news","link":"https:\/\/evertonfc.cz\/index.php\/news\/nkounkou-meni-posobisko\/","title":{"rendered":"Nkounkou men\u00ed p\u00f4sobisko"},"content":{"rendered":"<p>Obranca Evertonu Niels Nkounkou bol odvolan\u00fd z hos\u0165ovania v Cardiff City a na zvy\u0161ok sez\u00f3ny prest\u00fapil do franc\u00fazskeho Saint-Etienne. Hr\u00e1\u010d v\u010dera odletel do Franc\u00fazska, aby dokon\u010dil do\u010dasn\u00fd prestup k Les Vertes, ktor\u00ed bojuj\u00fa proti zostupu z Ligue 2. A to prakticky hne\u010f po minuloro\u010dnom vypadnut\u00ed z\u00a0Ligue 1.<\/p>\n<p>Aj ke\u010f po\u010das svojho p\u00f4sobenia v hlavnom meste Walesu nastupoval Niels pravidelne, upadol do nemilosti, ke\u010f od prest\u00e1vky Majstrovstiev sveta \u0161tartoval v z\u00e1kladnej zostave len raz. Bol tie\u017e vynechan\u00fd z posledn\u00fdch dvoch ligov\u00fdch stretnut\u00ed. K tomuto v\u00fdvoju mohol prispie\u0165 aj fakt, \u017ee EFL a FIFA zru\u0161ili Cardiffu ich prestupov\u00e9 embargo, \u010do m\u00f4\u017ee vies\u0165 v janu\u00e1ri k zv\u00fd\u0161eniu konkurencie na jeho poste. Tento 22-ro\u010dn\u00fd \u013eav\u00fd obranca odohral v tejto sez\u00f3ne Championship 18 z\u00e1pasov za The Bluebirds. Pri v\u00fdhre 3:1 nad Wiganom Athletic zaznamenal aj asistenciu.<\/p>\n<p>Nkounkou pri\u0161iel do Evertonu v j\u00fali 2020 ako akviz\u00edcia b\u00fdval\u00e9ho \u0161portov\u00e9ho riadite\u013ea Marcela Brandsa. Z Marseilles prest\u00fapil ako vo\u013en\u00fd hr\u00e1\u010d. A hoci v niektor\u00fdch dueloch Ligov\u00e9ho poh\u00e1ra podal naozaj s\u013eubn\u00e9 v\u00fdkony, zatia\u013e sa nedok\u00e1zal prebojova\u0165 v Goodison Parku do v prv\u00e9ho t\u00edmu. Zmluva mu vypr\u0161\u00ed v lete 2024.<\/p>\n","protected":false},"excerpt":{"rendered":"<p>Obranca Evertonu Niels Nkounkou bol odvolan\u00fd z hos\u0165ovania v Cardiff City a na zvy\u0161ok sez\u00f3ny prest\u00fapil do franc\u00fazskeho Saint-Etienne. Hr\u00e1\u010d&hellip;<\/p>\n","protected":false},"author":1,"featured_media":0,"comment_status":"open","ping_status":"closed","template":"","tags":[],"news-category":[18],"yoast_head":"<!-- This site is optimized with the Yoast SEO plugin v23.4 - https:\/\/yoast.com\/wordpress\/plugins\/seo\/ -->\n<title>Nkounkou men\u00ed p\u00f4sobisko - Official Czech &amp; Slovak Everton Supporters&#039; Club<\/title>\n<meta name=\"robots\" content=\"index, follow, max-snippet:-1, max-image-preview:large, max-video-preview:-1\" \/>\n<link rel=\"canonical\" href=\"https:\/\/evertonfc.cz\/index.php\/news\/nkounkou-meni-posobisko\/\" \/>\n<meta property=\"og:locale\" content=\"cs_CZ\" \/>\n<meta property=\"og:type\" content=\"article\" \/>\n<meta property=\"og:title\" content=\"Nkounkou men\u00ed p\u00f4sobisko - Official Czech &amp; Slovak Everton Supporters&#039; Club\" \/>\n<meta property=\"og:description\" content=\"Obranca Evertonu Niels Nkounkou bol odvolan\u00fd z hos\u0165ovania v Cardiff City a na zvy\u0161ok sez\u00f3ny prest\u00fapil do franc\u00fazskeho Saint-Etienne. Hr\u00e1\u010d&hellip;\" \/>\n<meta property=\"og:url\" content=\"https:\/\/evertonfc.cz\/index.php\/news\/nkounkou-meni-posobisko\/\" \/>\n<meta property=\"og:site_name\" content=\"Official Czech &amp; Slovak Everton Supporters&#039; Club\" \/>\n<meta property=\"article:publisher\" content=\"https:\/\/www.facebook.com\/everton.fans.cz.sk\" \/>\n<meta name=\"twitter:card\" content=\"summary_large_image\" \/>\n<meta name=\"twitter:label1\" content=\"Odhadovan\u00e1 doba \u010dten\u00ed\" \/>\n\t<meta name=\"twitter:data1\" content=\"1 minuta\" \/>\n<script type=\"application\/ld+json\" class=\"yoast-schema-graph\">{\"@context\":\"https:\/\/schema.org\",\"@graph\":[{\"@type\":\"WebPage\",\"@id\":\"https:\/\/evertonfc.cz\/index.php\/news\/nkounkou-meni-posobisko\/\",\"url\":\"https:\/\/evertonfc.cz\/index.php\/news\/nkounkou-meni-posobisko\/\",\"name\":\"Nkounkou men\u00ed p\u00f4sobisko - Official Czech &amp; Slovak Everton Supporters&#039; Club\",\"isPartOf\":{\"@id\":\"https:\/\/evertonfc.cz\/#website\"},\"datePublished\":\"2023-01-14T14:27:00+00:00\",\"dateModified\":\"2023-01-14T14:27:00+00:00\",\"breadcrumb\":{\"@id\":\"https:\/\/evertonfc.cz\/index.php\/news\/nkounkou-meni-posobisko\/#breadcrumb\"},\"inLanguage\":\"cs\",\"potentialAction\":[{\"@type\":\"ReadAction\",\"target\":[\"https:\/\/evertonfc.cz\/index.php\/news\/nkounkou-meni-posobisko\/\"]}]},{\"@type\":\"BreadcrumbList\",\"@id\":\"https:\/\/evertonfc.cz\/index.php\/news\/nkounkou-meni-posobisko\/#breadcrumb\",\"itemListElement\":[{\"@type\":\"ListItem\",\"position\":1,\"name\":\"Home\",\"item\":\"https:\/\/evertonfc.cz\/\"},{\"@type\":\"ListItem\",\"position\":2,\"name\":\"News\",\"item\":\"https:\/\/evertonfc.cz\/index.php\/news\/\"},{\"@type\":\"ListItem\",\"position\":3,\"name\":\"Nkounkou men\u00ed p\u00f4sobisko\"}]},{\"@type\":\"WebSite\",\"@id\":\"https:\/\/evertonfc.cz\/#website\",\"url\":\"https:\/\/evertonfc.cz\/\",\"name\":\"Official Czech &amp; Slovak Everton Supporters&#039; Club\",\"description\":\"\",\"publisher\":{\"@id\":\"https:\/\/evertonfc.cz\/#organization\"},\"potentialAction\":[{\"@type\":\"SearchAction\",\"target\":{\"@type\":\"EntryPoint\",\"urlTemplate\":\"https:\/\/evertonfc.cz\/?s={search_term_string}\"},\"query-input\":{\"@type\":\"PropertyValueSpecification\",\"valueRequired\":true,\"valueName\":\"search_term_string\"}}],\"inLanguage\":\"cs\"},{\"@type\":\"Organization\",\"@id\":\"https:\/\/evertonfc.cz\/#organization\",\"name\":\"Official Czech & Slovak Everton Supporters' Club\",\"url\":\"https:\/\/evertonfc.cz\/\",\"logo\":{\"@type\":\"ImageObject\",\"inLanguage\":\"cs\",\"@id\":\"https:\/\/evertonfc.cz\/#\/schema\/logo\/image\/\",\"url\":\"https:\/\/evertonfc.cz\/wp-content\/uploads\/2019\/05\/logo.png\",\"contentUrl\":\"https:\/\/evertonfc.cz\/wp-content\/uploads\/2019\/05\/logo.png\",\"width\":112,\"height\":112,\"caption\":\"Official Czech & Slovak Everton Supporters' Club\"},\"image\":{\"@id\":\"https:\/\/evertonfc.cz\/#\/schema\/logo\/image\/\"},\"sameAs\":[\"https:\/\/www.facebook.com\/everton.fans.cz.sk\"]}]}<\/script>\n<!-- \/ Yoast SEO plugin. -->","yoast_head_json":{"title":"Nkounkou men\u00ed p\u00f4sobisko - Official Czech &amp; Slovak Everton Supporters&#039; Club","robots":{"index":"index","follow":"follow","max-snippet":"max-snippet:-1","max-image-preview":"max-image-preview:large","max-video-preview":"max-video-preview:-1"},"canonical":"https:\/\/evertonfc.cz\/index.php\/news\/nkounkou-meni-posobisko\/","og_locale":"cs_CZ","og_type":"article","og_title":"Nkounkou men\u00ed p\u00f4sobisko - Official Czech &amp; Slovak Everton Supporters&#039; Club","og_description":"Obranca Evertonu Niels Nkounkou bol odvolan\u00fd z hos\u0165ovania v Cardiff City a na zvy\u0161ok sez\u00f3ny prest\u00fapil do franc\u00fazskeho Saint-Etienne. Hr\u00e1\u010d&hellip;","og_url":"https:\/\/evertonfc.cz\/index.php\/news\/nkounkou-meni-posobisko\/","og_site_name":"Official Czech &amp; Slovak Everton Supporters&#039; Club","article_publisher":"https:\/\/www.facebook.com\/everton.fans.cz.sk","twitter_card":"summary_large_image","twitter_misc":{"Odhadovan\u00e1 doba \u010dten\u00ed":"1 minuta"},"schema":{"@context":"https:\/\/schema.org","@graph":[{"@type":"WebPage","@id":"https:\/\/evertonfc.cz\/index.php\/news\/nkounkou-meni-posobisko\/","url":"https:\/\/evertonfc.cz\/index.php\/news\/nkounkou-meni-posobisko\/","name":"Nkounkou men\u00ed p\u00f4sobisko - Official Czech &amp; Slovak Everton Supporters&#039; Club","isPartOf":{"@id":"https:\/\/evertonfc.cz\/#website"},"datePublished":"2023-01-14T14:27:00+00:00","dateModified":"2023-01-14T14:27:00+00:00","breadcrumb":{"@id":"https:\/\/evertonfc.cz\/index.php\/news\/nkounkou-meni-posobisko\/#breadcrumb"},"inLanguage":"cs","potentialAction":[{"@type":"ReadAction","target":["https:\/\/evertonfc.cz\/index.php\/news\/nkounkou-meni-posobisko\/"]}]},{"@type":"BreadcrumbList","@id":"https:\/\/evertonfc.cz\/index.php\/news\/nkounkou-meni-posobisko\/#breadcrumb","itemListElement":[{"@type":"ListItem","position":1,"name":"Home","item":"https:\/\/evertonfc.cz\/"},{"@type":"ListItem","position":2,"name":"News","item":"https:\/\/evertonfc.cz\/index.php\/news\/"},{"@type":"ListItem","position":3,"name":"Nkounkou men\u00ed p\u00f4sobisko"}]},{"@type":"WebSite","@id":"https:\/\/evertonfc.cz\/#website","url":"https:\/\/evertonfc.cz\/","name":"Official Czech &amp; Slovak Everton Supporters&#039; Club","description":"","publisher":{"@id":"https:\/\/evertonfc.cz\/#organization"},"potentialAction":[{"@type":"SearchAction","target":{"@type":"EntryPoint","urlTemplate":"https:\/\/evertonfc.cz\/?s={search_term_string}"},"query-input":{"@type":"PropertyValueSpecification","valueRequired":true,"valueName":"search_term_string"}}],"inLanguage":"cs"},{"@type":"Organization","@id":"https:\/\/evertonfc.cz\/#organization","name":"Official Czech & Slovak Everton Supporters' Club","url":"https:\/\/evertonfc.cz\/","logo":{"@type":"ImageObject","inLanguage":"cs","@id":"https:\/\/evertonfc.cz\/#\/schema\/logo\/image\/","url":"https:\/\/evertonfc.cz\/wp-content\/uploads\/2019\/05\/logo.png","contentUrl":"https:\/\/evertonfc.cz\/wp-content\/uploads\/2019\/05\/logo.png","width":112,"height":112,"caption":"Official Czech & Slovak Everton Supporters' Club"},"image":{"@id":"https:\/\/evertonfc.cz\/#\/schema\/logo\/image\/"},"sameAs":["https:\/\/www.facebook.com\/everton.fans.cz.sk"]}]}},"_links":{"self":[{"href":"https:\/\/evertonfc.cz\/index.php\/wp-json\/wp\/v2\/news\/20706"}],"collection":[{"href":"https:\/\/evertonfc.cz\/index.php\/wp-json\/wp\/v2\/news"}],"about":[{"href":"https:\/\/evertonfc.cz\/index.php\/wp-json\/wp\/v2\/types\/news"}],"author":[{"embeddable":true,"href":"https:\/\/evertonfc.cz\/index.php\/wp-json\/wp\/v2\/users\/1"}],"replies":[{"embeddable":true,"href":"https:\/\/evertonfc.cz\/index.php\/wp-json\/wp\/v2\/comments?post=20706"}],"version-history":[{"count":2,"href":"https:\/\/evertonfc.cz\/index.php\/wp-json\/wp\/v2\/news\/20706\/revisions"}],"predecessor-version":[{"id":20709,"href":"https:\/\/evertonfc.cz\/index.php\/wp-json\/wp\/v2\/news\/20706\/revisions\/20709"}],"wp:attachment":[{"href":"https:\/\/evertonfc.cz\/index.php\/wp-json\/wp\/v2\/media?parent=20706"}],"wp:term":[{"taxonomy":"post_tag","embeddable":true,"href":"https:\/\/evertonfc.cz\/index.php\/wp-json\/wp\/v2\/tags?post=20706"},{"taxonomy":"news-category","embeddable":true,"href":"https:\/\/evertonfc.cz\/index.php\/wp-json\/wp\/v2\/news-category?post=20706"}],"curies":[{"name":"wp","href":"https:\/\/api.w.org\/{rel}","templated":true}]}}