{"id":20781,"date":"2023-01-19T22:49:56","date_gmt":"2023-01-19T21:49:56","guid":{"rendered":"https:\/\/evertonfc.cz\/?post_type=news&#038;p=20781"},"modified":"2023-01-19T22:51:24","modified_gmt":"2023-01-19T21:51:24","slug":"mlady-quirk-opousti-everton","status":"publish","type":"news","link":"https:\/\/evertonfc.cz\/index.php\/news\/mlady-quirk-opousti-everton\/","title":{"rendered":"Mlad\u00fd Quirk opou\u0161t\u00ed Everton"},"content":{"rendered":"<p>Sebastian Quirk p\u0159estoupil za nezve\u0159ejn\u011bnou \u010d\u00e1stku do t\u0159etiligov\u00e9ho Accringtonu Stanley. 21let\u00fd ofenzivn\u00ed z\u00e1lo\u017en\u00edk je odchovancem Toffees, za prvn\u00ed t\u00fdm si ale nikdy nezahr\u00e1l. Posledn\u00ed t\u0159i roky p\u016fsobil ml\u00e1de\u017enick\u00e9m v\u00fdb\u011bru klubu do 21 let, bohu\u017eel jeho v\u00fdvoj zbrzdilo n\u011bkoliksm\u011bsi\u010dn\u00ed absence zp\u016fsoben\u00e1 v\u00e1\u017en\u00fdm zran\u011bn\u00edm.<\/p>\n","protected":false},"excerpt":{"rendered":"<p>Sebastian Quirk p\u0159estoupil za nezve\u0159ejn\u011bnou \u010d\u00e1stku do t\u0159etiligov\u00e9ho Accringtonu Stanley. 21let\u00fd ofenzivn\u00ed z\u00e1lo\u017en\u00edk je odchovancem Toffees, za prvn\u00ed t\u00fdm si&hellip;<\/p>\n","protected":false},"author":6,"featured_media":0,"comment_status":"open","ping_status":"closed","template":"","tags":[],"news-category":[18],"yoast_head":"<!-- This site is optimized with the Yoast SEO plugin v23.4 - https:\/\/yoast.com\/wordpress\/plugins\/seo\/ -->\n<title>Mlad\u00fd Quirk opou\u0161t\u00ed Everton - Official Czech &amp; Slovak Everton Supporters&#039; Club<\/title>\n<meta name=\"robots\" content=\"index, follow, max-snippet:-1, max-image-preview:large, max-video-preview:-1\" \/>\n<link rel=\"canonical\" href=\"https:\/\/evertonfc.cz\/index.php\/news\/mlady-quirk-opousti-everton\/\" \/>\n<meta property=\"og:locale\" content=\"cs_CZ\" \/>\n<meta property=\"og:type\" content=\"article\" \/>\n<meta property=\"og:title\" content=\"Mlad\u00fd Quirk opou\u0161t\u00ed Everton - Official Czech &amp; Slovak Everton Supporters&#039; Club\" \/>\n<meta property=\"og:description\" content=\"Sebastian Quirk p\u0159estoupil za nezve\u0159ejn\u011bnou \u010d\u00e1stku do t\u0159etiligov\u00e9ho Accringtonu Stanley. 21let\u00fd ofenzivn\u00ed z\u00e1lo\u017en\u00edk je odchovancem Toffees, za prvn\u00ed t\u00fdm si&hellip;\" \/>\n<meta property=\"og:url\" content=\"https:\/\/evertonfc.cz\/index.php\/news\/mlady-quirk-opousti-everton\/\" \/>\n<meta property=\"og:site_name\" content=\"Official Czech &amp; Slovak Everton Supporters&#039; Club\" \/>\n<meta property=\"article:publisher\" content=\"https:\/\/www.facebook.com\/everton.fans.cz.sk\" \/>\n<meta property=\"article:modified_time\" content=\"2023-01-19T21:51:24+00:00\" \/>\n<meta name=\"twitter:card\" content=\"summary_large_image\" \/>\n<meta name=\"twitter:label1\" content=\"Odhadovan\u00e1 doba \u010dten\u00ed\" \/>\n\t<meta name=\"twitter:data1\" content=\"1 minuta\" \/>\n<script type=\"application\/ld+json\" class=\"yoast-schema-graph\">{\"@context\":\"https:\/\/schema.org\",\"@graph\":[{\"@type\":\"WebPage\",\"@id\":\"https:\/\/evertonfc.cz\/index.php\/news\/mlady-quirk-opousti-everton\/\",\"url\":\"https:\/\/evertonfc.cz\/index.php\/news\/mlady-quirk-opousti-everton\/\",\"name\":\"Mlad\u00fd Quirk opou\u0161t\u00ed Everton - Official Czech &amp; Slovak Everton Supporters&#039; Club\",\"isPartOf\":{\"@id\":\"https:\/\/evertonfc.cz\/#website\"},\"datePublished\":\"2023-01-19T21:49:56+00:00\",\"dateModified\":\"2023-01-19T21:51:24+00:00\",\"breadcrumb\":{\"@id\":\"https:\/\/evertonfc.cz\/index.php\/news\/mlady-quirk-opousti-everton\/#breadcrumb\"},\"inLanguage\":\"cs\",\"potentialAction\":[{\"@type\":\"ReadAction\",\"target\":[\"https:\/\/evertonfc.cz\/index.php\/news\/mlady-quirk-opousti-everton\/\"]}]},{\"@type\":\"BreadcrumbList\",\"@id\":\"https:\/\/evertonfc.cz\/index.php\/news\/mlady-quirk-opousti-everton\/#breadcrumb\",\"itemListElement\":[{\"@type\":\"ListItem\",\"position\":1,\"name\":\"Home\",\"item\":\"https:\/\/evertonfc.cz\/\"},{\"@type\":\"ListItem\",\"position\":2,\"name\":\"News\",\"item\":\"https:\/\/evertonfc.cz\/index.php\/news\/\"},{\"@type\":\"ListItem\",\"position\":3,\"name\":\"Mlad\u00fd Quirk opou\u0161t\u00ed Everton\"}]},{\"@type\":\"WebSite\",\"@id\":\"https:\/\/evertonfc.cz\/#website\",\"url\":\"https:\/\/evertonfc.cz\/\",\"name\":\"Official Czech &amp; Slovak Everton Supporters&#039; Club\",\"description\":\"\",\"publisher\":{\"@id\":\"https:\/\/evertonfc.cz\/#organization\"},\"potentialAction\":[{\"@type\":\"SearchAction\",\"target\":{\"@type\":\"EntryPoint\",\"urlTemplate\":\"https:\/\/evertonfc.cz\/?s={search_term_string}\"},\"query-input\":{\"@type\":\"PropertyValueSpecification\",\"valueRequired\":true,\"valueName\":\"search_term_string\"}}],\"inLanguage\":\"cs\"},{\"@type\":\"Organization\",\"@id\":\"https:\/\/evertonfc.cz\/#organization\",\"name\":\"Official Czech & Slovak Everton Supporters' Club\",\"url\":\"https:\/\/evertonfc.cz\/\",\"logo\":{\"@type\":\"ImageObject\",\"inLanguage\":\"cs\",\"@id\":\"https:\/\/evertonfc.cz\/#\/schema\/logo\/image\/\",\"url\":\"https:\/\/evertonfc.cz\/wp-content\/uploads\/2019\/05\/logo.png\",\"contentUrl\":\"https:\/\/evertonfc.cz\/wp-content\/uploads\/2019\/05\/logo.png\",\"width\":112,\"height\":112,\"caption\":\"Official Czech & Slovak Everton Supporters' Club\"},\"image\":{\"@id\":\"https:\/\/evertonfc.cz\/#\/schema\/logo\/image\/\"},\"sameAs\":[\"https:\/\/www.facebook.com\/everton.fans.cz.sk\"]}]}<\/script>\n<!-- \/ Yoast SEO plugin. -->","yoast_head_json":{"title":"Mlad\u00fd Quirk opou\u0161t\u00ed Everton - Official Czech &amp; Slovak Everton Supporters&#039; Club","robots":{"index":"index","follow":"follow","max-snippet":"max-snippet:-1","max-image-preview":"max-image-preview:large","max-video-preview":"max-video-preview:-1"},"canonical":"https:\/\/evertonfc.cz\/index.php\/news\/mlady-quirk-opousti-everton\/","og_locale":"cs_CZ","og_type":"article","og_title":"Mlad\u00fd Quirk opou\u0161t\u00ed Everton - Official Czech &amp; Slovak Everton Supporters&#039; Club","og_description":"Sebastian Quirk p\u0159estoupil za nezve\u0159ejn\u011bnou \u010d\u00e1stku do t\u0159etiligov\u00e9ho Accringtonu Stanley. 21let\u00fd ofenzivn\u00ed z\u00e1lo\u017en\u00edk je odchovancem Toffees, za prvn\u00ed t\u00fdm si&hellip;","og_url":"https:\/\/evertonfc.cz\/index.php\/news\/mlady-quirk-opousti-everton\/","og_site_name":"Official Czech &amp; Slovak Everton Supporters&#039; Club","article_publisher":"https:\/\/www.facebook.com\/everton.fans.cz.sk","article_modified_time":"2023-01-19T21:51:24+00:00","twitter_card":"summary_large_image","twitter_misc":{"Odhadovan\u00e1 doba \u010dten\u00ed":"1 minuta"},"schema":{"@context":"https:\/\/schema.org","@graph":[{"@type":"WebPage","@id":"https:\/\/evertonfc.cz\/index.php\/news\/mlady-quirk-opousti-everton\/","url":"https:\/\/evertonfc.cz\/index.php\/news\/mlady-quirk-opousti-everton\/","name":"Mlad\u00fd Quirk opou\u0161t\u00ed Everton - Official Czech &amp; Slovak Everton Supporters&#039; Club","isPartOf":{"@id":"https:\/\/evertonfc.cz\/#website"},"datePublished":"2023-01-19T21:49:56+00:00","dateModified":"2023-01-19T21:51:24+00:00","breadcrumb":{"@id":"https:\/\/evertonfc.cz\/index.php\/news\/mlady-quirk-opousti-everton\/#breadcrumb"},"inLanguage":"cs","potentialAction":[{"@type":"ReadAction","target":["https:\/\/evertonfc.cz\/index.php\/news\/mlady-quirk-opousti-everton\/"]}]},{"@type":"BreadcrumbList","@id":"https:\/\/evertonfc.cz\/index.php\/news\/mlady-quirk-opousti-everton\/#breadcrumb","itemListElement":[{"@type":"ListItem","position":1,"name":"Home","item":"https:\/\/evertonfc.cz\/"},{"@type":"ListItem","position":2,"name":"News","item":"https:\/\/evertonfc.cz\/index.php\/news\/"},{"@type":"ListItem","position":3,"name":"Mlad\u00fd Quirk opou\u0161t\u00ed Everton"}]},{"@type":"WebSite","@id":"https:\/\/evertonfc.cz\/#website","url":"https:\/\/evertonfc.cz\/","name":"Official Czech &amp; Slovak Everton Supporters&#039; Club","description":"","publisher":{"@id":"https:\/\/evertonfc.cz\/#organization"},"potentialAction":[{"@type":"SearchAction","target":{"@type":"EntryPoint","urlTemplate":"https:\/\/evertonfc.cz\/?s={search_term_string}"},"query-input":{"@type":"PropertyValueSpecification","valueRequired":true,"valueName":"search_term_string"}}],"inLanguage":"cs"},{"@type":"Organization","@id":"https:\/\/evertonfc.cz\/#organization","name":"Official Czech & Slovak Everton Supporters' Club","url":"https:\/\/evertonfc.cz\/","logo":{"@type":"ImageObject","inLanguage":"cs","@id":"https:\/\/evertonfc.cz\/#\/schema\/logo\/image\/","url":"https:\/\/evertonfc.cz\/wp-content\/uploads\/2019\/05\/logo.png","contentUrl":"https:\/\/evertonfc.cz\/wp-content\/uploads\/2019\/05\/logo.png","width":112,"height":112,"caption":"Official Czech & Slovak Everton Supporters' Club"},"image":{"@id":"https:\/\/evertonfc.cz\/#\/schema\/logo\/image\/"},"sameAs":["https:\/\/www.facebook.com\/everton.fans.cz.sk"]}]}},"_links":{"self":[{"href":"https:\/\/evertonfc.cz\/index.php\/wp-json\/wp\/v2\/news\/20781"}],"collection":[{"href":"https:\/\/evertonfc.cz\/index.php\/wp-json\/wp\/v2\/news"}],"about":[{"href":"https:\/\/evertonfc.cz\/index.php\/wp-json\/wp\/v2\/types\/news"}],"author":[{"embeddable":true,"href":"https:\/\/evertonfc.cz\/index.php\/wp-json\/wp\/v2\/users\/6"}],"replies":[{"embeddable":true,"href":"https:\/\/evertonfc.cz\/index.php\/wp-json\/wp\/v2\/comments?post=20781"}],"version-history":[{"count":2,"href":"https:\/\/evertonfc.cz\/index.php\/wp-json\/wp\/v2\/news\/20781\/revisions"}],"predecessor-version":[{"id":20783,"href":"https:\/\/evertonfc.cz\/index.php\/wp-json\/wp\/v2\/news\/20781\/revisions\/20783"}],"wp:attachment":[{"href":"https:\/\/evertonfc.cz\/index.php\/wp-json\/wp\/v2\/media?parent=20781"}],"wp:term":[{"taxonomy":"post_tag","embeddable":true,"href":"https:\/\/evertonfc.cz\/index.php\/wp-json\/wp\/v2\/tags?post=20781"},{"taxonomy":"news-category","embeddable":true,"href":"https:\/\/evertonfc.cz\/index.php\/wp-json\/wp\/v2\/news-category?post=20781"}],"curies":[{"name":"wp","href":"https:\/\/api.w.org\/{rel}","templated":true}]}}