{"id":20830,"date":"2023-01-26T11:04:40","date_gmt":"2023-01-26T10:04:40","guid":{"rendered":"https:\/\/evertonfc.cz\/?post_type=news&#038;p=20830"},"modified":"2023-01-26T11:22:12","modified_gmt":"2023-01-26T10:22:12","slug":"anketa-o-lampardovi-hovori-vela","status":"publish","type":"news","link":"https:\/\/evertonfc.cz\/index.php\/news\/anketa-o-lampardovi-hovori-vela\/","title":{"rendered":"Anketa o Lampardovi hovor\u00ed ve\u013ea"},"content":{"rendered":"<p>Od polovice novembra sme sa n\u00e1v\u0161tevn\u00edkov n\u00e1\u0161ho webu p\u00fdtali na d\u00f4veru v u\u017e b\u00fdval\u00e9ho mana\u017e\u00e9ra Franka Lamparda. Ten smeroval do prest\u00e1vky po\u010das Majstrovstiev svete v\u00a0Katare v\u00a0nez\u00e1videniahodnej situ\u00e1cii, ke\u010f dva razy po sebe potupne prehral s\u00a0Bournemouthom, t\u00e1paj\u00facim na chvoste ligy.<\/p>\n<p>Everton sa tie\u017e postupne zv\u00e1\u017eal dole, a v\u00fdkony cel\u00e9ho mu\u017estva r\u00fdchlo nabrali zostupn\u00fd trend. Preto znela ot\u00e1zka, \u010di Frank st\u00e1le disponuje d\u00f4verou na zvr\u00e1tenie nepriaznivej v\u00fdsledkovej formy. Neprekvapivo mu nadpolovi\u010dn\u00e1 v\u00e4\u010d\u0161ina respondentov vyjadrila priaze\u0148, a probl\u00e9m videla v hr\u00e1\u010doch a ich nedostato\u010dnej kvalite.<\/p>\n<p>Ani to v\u0161ak nesta\u010dilo, a\u00a0s prib\u00fadaj\u00facimi prehrami to napokon st\u00e1lo Lamparda miesto. Av\u0161ak tesn\u00fd v\u00fdsledok tohto hlasovania prezr\u00e1dza, \u017ee Lampard ani z\u010faleka nebol hlavn\u00fd probl\u00e9m, no bohu\u017eia\u013e neposkytol ani jeho rie\u0161enie.<\/p>\n<p>Podrobn\u00e9 v\u00fdsledky ankety n\u00e1jdete ni\u017e\u0161ie. A v novom prieskume nezabudnite hlasova\u0165 za vami preferovan\u00fa n\u00e1hradu na tr\u00e9nerskom poste EFC, o ktorej sa aktu\u00e1lne e\u0161te st\u00e1le rozhoduje.<\/p>\n<p class=\"panel-title\"><span style=\"text-decoration: underline;\"><strong>D\u00f4verujete Frankovi Lampardovi, alebo by ho mal Everton nahradi\u0165?<br \/>\n<\/strong><\/span><\/p>\n<ol>\n<li><span class=\"basic-answer-total-votes\">Ned\u00f4verujem. EFC sa pod n\u00edm nezlep\u0161ilo. &#8211; 40.63% (26 hlasov)<\/span><\/li>\n<li>D\u00f4verujem. Probl\u00e9mom s\u00fa hr\u00e1\u010di. &#8211; 31.25% (20 <span class=\"basic-answer-total-votes\">hlasov<\/span>)<\/li>\n<li>Dal by som mu e\u0161te \u010das a priestor v janu\u00e1ri. 28.13% (18 <span class=\"basic-answer-total-votes\">hlasov<\/span>)<\/li>\n<\/ol>\n","protected":false},"excerpt":{"rendered":"<p>Od polovice novembra sme sa n\u00e1v\u0161tevn\u00edkov n\u00e1\u0161ho webu p\u00fdtali na d\u00f4veru v u\u017e b\u00fdval\u00e9ho mana\u017e\u00e9ra Franka Lamparda. Ten smeroval do&hellip;<\/p>\n","protected":false},"author":1,"featured_media":0,"comment_status":"open","ping_status":"closed","template":"","tags":[],"news-category":[18],"yoast_head":"<!-- This site is optimized with the Yoast SEO plugin v23.4 - https:\/\/yoast.com\/wordpress\/plugins\/seo\/ -->\n<title>Anketa o Lampardovi hovor\u00ed ve\u013ea - Official Czech &amp; Slovak Everton Supporters&#039; Club<\/title>\n<meta name=\"robots\" content=\"index, follow, max-snippet:-1, max-image-preview:large, max-video-preview:-1\" \/>\n<link rel=\"canonical\" href=\"https:\/\/evertonfc.cz\/index.php\/news\/anketa-o-lampardovi-hovori-vela\/\" \/>\n<meta property=\"og:locale\" content=\"cs_CZ\" \/>\n<meta property=\"og:type\" content=\"article\" \/>\n<meta property=\"og:title\" content=\"Anketa o Lampardovi hovor\u00ed ve\u013ea - Official Czech &amp; Slovak Everton Supporters&#039; Club\" \/>\n<meta property=\"og:description\" content=\"Od polovice novembra sme sa n\u00e1v\u0161tevn\u00edkov n\u00e1\u0161ho webu p\u00fdtali na d\u00f4veru v u\u017e b\u00fdval\u00e9ho mana\u017e\u00e9ra Franka Lamparda. Ten smeroval do&hellip;\" \/>\n<meta property=\"og:url\" content=\"https:\/\/evertonfc.cz\/index.php\/news\/anketa-o-lampardovi-hovori-vela\/\" \/>\n<meta property=\"og:site_name\" content=\"Official Czech &amp; Slovak Everton Supporters&#039; Club\" \/>\n<meta property=\"article:publisher\" content=\"https:\/\/www.facebook.com\/everton.fans.cz.sk\" \/>\n<meta property=\"article:modified_time\" content=\"2023-01-26T10:22:12+00:00\" \/>\n<meta name=\"twitter:card\" content=\"summary_large_image\" \/>\n<meta name=\"twitter:label1\" content=\"Odhadovan\u00e1 doba \u010dten\u00ed\" \/>\n\t<meta name=\"twitter:data1\" content=\"1 minuta\" \/>\n<script type=\"application\/ld+json\" class=\"yoast-schema-graph\">{\"@context\":\"https:\/\/schema.org\",\"@graph\":[{\"@type\":\"WebPage\",\"@id\":\"https:\/\/evertonfc.cz\/index.php\/news\/anketa-o-lampardovi-hovori-vela\/\",\"url\":\"https:\/\/evertonfc.cz\/index.php\/news\/anketa-o-lampardovi-hovori-vela\/\",\"name\":\"Anketa o Lampardovi hovor\u00ed ve\u013ea - Official Czech &amp; Slovak Everton Supporters&#039; Club\",\"isPartOf\":{\"@id\":\"https:\/\/evertonfc.cz\/#website\"},\"datePublished\":\"2023-01-26T10:04:40+00:00\",\"dateModified\":\"2023-01-26T10:22:12+00:00\",\"breadcrumb\":{\"@id\":\"https:\/\/evertonfc.cz\/index.php\/news\/anketa-o-lampardovi-hovori-vela\/#breadcrumb\"},\"inLanguage\":\"cs\",\"potentialAction\":[{\"@type\":\"ReadAction\",\"target\":[\"https:\/\/evertonfc.cz\/index.php\/news\/anketa-o-lampardovi-hovori-vela\/\"]}]},{\"@type\":\"BreadcrumbList\",\"@id\":\"https:\/\/evertonfc.cz\/index.php\/news\/anketa-o-lampardovi-hovori-vela\/#breadcrumb\",\"itemListElement\":[{\"@type\":\"ListItem\",\"position\":1,\"name\":\"Home\",\"item\":\"https:\/\/evertonfc.cz\/\"},{\"@type\":\"ListItem\",\"position\":2,\"name\":\"News\",\"item\":\"https:\/\/evertonfc.cz\/index.php\/news\/\"},{\"@type\":\"ListItem\",\"position\":3,\"name\":\"Anketa o Lampardovi hovor\u00ed ve\u013ea\"}]},{\"@type\":\"WebSite\",\"@id\":\"https:\/\/evertonfc.cz\/#website\",\"url\":\"https:\/\/evertonfc.cz\/\",\"name\":\"Official Czech &amp; Slovak Everton Supporters&#039; Club\",\"description\":\"\",\"publisher\":{\"@id\":\"https:\/\/evertonfc.cz\/#organization\"},\"potentialAction\":[{\"@type\":\"SearchAction\",\"target\":{\"@type\":\"EntryPoint\",\"urlTemplate\":\"https:\/\/evertonfc.cz\/?s={search_term_string}\"},\"query-input\":{\"@type\":\"PropertyValueSpecification\",\"valueRequired\":true,\"valueName\":\"search_term_string\"}}],\"inLanguage\":\"cs\"},{\"@type\":\"Organization\",\"@id\":\"https:\/\/evertonfc.cz\/#organization\",\"name\":\"Official Czech & Slovak Everton Supporters' Club\",\"url\":\"https:\/\/evertonfc.cz\/\",\"logo\":{\"@type\":\"ImageObject\",\"inLanguage\":\"cs\",\"@id\":\"https:\/\/evertonfc.cz\/#\/schema\/logo\/image\/\",\"url\":\"https:\/\/evertonfc.cz\/wp-content\/uploads\/2019\/05\/logo.png\",\"contentUrl\":\"https:\/\/evertonfc.cz\/wp-content\/uploads\/2019\/05\/logo.png\",\"width\":112,\"height\":112,\"caption\":\"Official Czech & Slovak Everton Supporters' Club\"},\"image\":{\"@id\":\"https:\/\/evertonfc.cz\/#\/schema\/logo\/image\/\"},\"sameAs\":[\"https:\/\/www.facebook.com\/everton.fans.cz.sk\"]}]}<\/script>\n<!-- \/ Yoast SEO plugin. -->","yoast_head_json":{"title":"Anketa o Lampardovi hovor\u00ed ve\u013ea - Official Czech &amp; Slovak Everton Supporters&#039; Club","robots":{"index":"index","follow":"follow","max-snippet":"max-snippet:-1","max-image-preview":"max-image-preview:large","max-video-preview":"max-video-preview:-1"},"canonical":"https:\/\/evertonfc.cz\/index.php\/news\/anketa-o-lampardovi-hovori-vela\/","og_locale":"cs_CZ","og_type":"article","og_title":"Anketa o Lampardovi hovor\u00ed ve\u013ea - Official Czech &amp; Slovak Everton Supporters&#039; Club","og_description":"Od polovice novembra sme sa n\u00e1v\u0161tevn\u00edkov n\u00e1\u0161ho webu p\u00fdtali na d\u00f4veru v u\u017e b\u00fdval\u00e9ho mana\u017e\u00e9ra Franka Lamparda. Ten smeroval do&hellip;","og_url":"https:\/\/evertonfc.cz\/index.php\/news\/anketa-o-lampardovi-hovori-vela\/","og_site_name":"Official Czech &amp; Slovak Everton Supporters&#039; Club","article_publisher":"https:\/\/www.facebook.com\/everton.fans.cz.sk","article_modified_time":"2023-01-26T10:22:12+00:00","twitter_card":"summary_large_image","twitter_misc":{"Odhadovan\u00e1 doba \u010dten\u00ed":"1 minuta"},"schema":{"@context":"https:\/\/schema.org","@graph":[{"@type":"WebPage","@id":"https:\/\/evertonfc.cz\/index.php\/news\/anketa-o-lampardovi-hovori-vela\/","url":"https:\/\/evertonfc.cz\/index.php\/news\/anketa-o-lampardovi-hovori-vela\/","name":"Anketa o Lampardovi hovor\u00ed ve\u013ea - Official Czech &amp; Slovak Everton Supporters&#039; Club","isPartOf":{"@id":"https:\/\/evertonfc.cz\/#website"},"datePublished":"2023-01-26T10:04:40+00:00","dateModified":"2023-01-26T10:22:12+00:00","breadcrumb":{"@id":"https:\/\/evertonfc.cz\/index.php\/news\/anketa-o-lampardovi-hovori-vela\/#breadcrumb"},"inLanguage":"cs","potentialAction":[{"@type":"ReadAction","target":["https:\/\/evertonfc.cz\/index.php\/news\/anketa-o-lampardovi-hovori-vela\/"]}]},{"@type":"BreadcrumbList","@id":"https:\/\/evertonfc.cz\/index.php\/news\/anketa-o-lampardovi-hovori-vela\/#breadcrumb","itemListElement":[{"@type":"ListItem","position":1,"name":"Home","item":"https:\/\/evertonfc.cz\/"},{"@type":"ListItem","position":2,"name":"News","item":"https:\/\/evertonfc.cz\/index.php\/news\/"},{"@type":"ListItem","position":3,"name":"Anketa o Lampardovi hovor\u00ed ve\u013ea"}]},{"@type":"WebSite","@id":"https:\/\/evertonfc.cz\/#website","url":"https:\/\/evertonfc.cz\/","name":"Official Czech &amp; Slovak Everton Supporters&#039; Club","description":"","publisher":{"@id":"https:\/\/evertonfc.cz\/#organization"},"potentialAction":[{"@type":"SearchAction","target":{"@type":"EntryPoint","urlTemplate":"https:\/\/evertonfc.cz\/?s={search_term_string}"},"query-input":{"@type":"PropertyValueSpecification","valueRequired":true,"valueName":"search_term_string"}}],"inLanguage":"cs"},{"@type":"Organization","@id":"https:\/\/evertonfc.cz\/#organization","name":"Official Czech & Slovak Everton Supporters' Club","url":"https:\/\/evertonfc.cz\/","logo":{"@type":"ImageObject","inLanguage":"cs","@id":"https:\/\/evertonfc.cz\/#\/schema\/logo\/image\/","url":"https:\/\/evertonfc.cz\/wp-content\/uploads\/2019\/05\/logo.png","contentUrl":"https:\/\/evertonfc.cz\/wp-content\/uploads\/2019\/05\/logo.png","width":112,"height":112,"caption":"Official Czech & Slovak Everton Supporters' Club"},"image":{"@id":"https:\/\/evertonfc.cz\/#\/schema\/logo\/image\/"},"sameAs":["https:\/\/www.facebook.com\/everton.fans.cz.sk"]}]}},"_links":{"self":[{"href":"https:\/\/evertonfc.cz\/index.php\/wp-json\/wp\/v2\/news\/20830"}],"collection":[{"href":"https:\/\/evertonfc.cz\/index.php\/wp-json\/wp\/v2\/news"}],"about":[{"href":"https:\/\/evertonfc.cz\/index.php\/wp-json\/wp\/v2\/types\/news"}],"author":[{"embeddable":true,"href":"https:\/\/evertonfc.cz\/index.php\/wp-json\/wp\/v2\/users\/1"}],"replies":[{"embeddable":true,"href":"https:\/\/evertonfc.cz\/index.php\/wp-json\/wp\/v2\/comments?post=20830"}],"version-history":[{"count":5,"href":"https:\/\/evertonfc.cz\/index.php\/wp-json\/wp\/v2\/news\/20830\/revisions"}],"predecessor-version":[{"id":20835,"href":"https:\/\/evertonfc.cz\/index.php\/wp-json\/wp\/v2\/news\/20830\/revisions\/20835"}],"wp:attachment":[{"href":"https:\/\/evertonfc.cz\/index.php\/wp-json\/wp\/v2\/media?parent=20830"}],"wp:term":[{"taxonomy":"post_tag","embeddable":true,"href":"https:\/\/evertonfc.cz\/index.php\/wp-json\/wp\/v2\/tags?post=20830"},{"taxonomy":"news-category","embeddable":true,"href":"https:\/\/evertonfc.cz\/index.php\/wp-json\/wp\/v2\/news-category?post=20830"}],"curies":[{"name":"wp","href":"https:\/\/api.w.org\/{rel}","templated":true}]}}