{"id":20973,"date":"2023-02-10T14:53:12","date_gmt":"2023-02-10T13:53:12","guid":{"rendered":"https:\/\/evertonfc.cz\/?post_type=news&#038;p=20973"},"modified":"2023-02-10T14:53:12","modified_gmt":"2023-02-10T13:53:12","slug":"trenuj-ako-hras","status":"publish","type":"news","link":"https:\/\/evertonfc.cz\/index.php\/news\/trenuj-ako-hras\/","title":{"rendered":"&#8222;Tr\u00e9nuj ako hr\u00e1\u0161!&#8220;"},"content":{"rendered":"<p>Sean Dyche po prevzat\u00ed opr\u00e1t na Finch Farm zaviedol p\u00e1r nov\u00fdch a zauj\u00edmav\u00fdch pravidiel pri tr\u00e9ningu. Hr\u00e1\u010di maj\u00fa u\u017e od prv\u00e9ho tr\u00e9ningu s n\u00edm zak\u00e1zan\u00e9 nosi\u0165 \u010diapky a n\u00e1kr\u010dn\u00edky, zatia\u013e \u010do holenn\u00e9 chr\u00e1ni\u010de s\u00fa povinn\u00e9 pre v\u0161etk\u00fdch. Nov\u00fd boss pre svojich zverencov toti\u017e realizuje plnokontaktn\u00fd tr\u00e9ning.<\/p>\n<h4>Sean Dyche:<\/h4>\n<blockquote><p><span style=\"font-size: 12pt;\"><em>&#8222;Toto sa deje u\u017e roky a priv\u00e1dza ma to do \u0161ialenstva. Pokia\u013e som nebol mimo futbalu pr\u00edli\u0161 dlho, tak st\u00e1le nesmiete nosi\u0165 \u010diapky ke\u010f hr\u00e1te v sobotu, nesmiete nosi\u0165 n\u00e1kr\u010dn\u00edky ke\u010f hr\u00e1te v sobotu, a pod\u013ea pravidiel mus\u00edte nosi\u0165 holenn\u00e9 chr\u00e1ni\u010de. Nie je to \u017eiadna raketov\u00e1 veda. Len zdrav\u00fd rozum. Tr\u00e9nujte ako hr\u00e1te! A ako m\u00f4\u017eete tr\u00e9nova\u0165, ako hr\u00e1te, ak m\u00e1te na sebe 14 n\u00e1kr\u010dn\u00edkov, 15 \u010diapok a leg\u00edn, \u017eiadne holenn\u00e9 chr\u00e1ni\u010de a biele pono\u017eky. Nie je to relevantn\u00e9.&#8220;<\/em><\/span><\/p><\/blockquote>\n<p>T\u00e1to po\u017eiadavka sa \u00fadajne pod\u013ea bulv\u00e1ru stretla s nepripraven\u00fdmi z\u00e1sobami \u0161tulpn\u00ed v \u0161atni, \u010do don\u00fatilo zodpovedn\u00fd person\u00e1l do r\u00fdchleho n\u00e1kupu v najbli\u017e\u0161om obchode, \u010d\u00edm bol SportsDirect, kde mali len \u010dierne. \u010ci aj t\u00e1to perli\u010dka je pravda, nevieme. Ka\u017edop\u00e1dne fotografie z tr\u00e9ningov s\u00fa presved\u010div\u00e9:<img loading=\"lazy\" decoding=\"async\" class=\"alignnone size-full wp-image-20976\" src=\"https:\/\/evertonfc.cz\/wp-content\/uploads\/2023\/02\/Training-by-evertonfc.com-9-2-2023.jpg\" alt=\"\" width=\"720\" height=\"405\" srcset=\"https:\/\/evertonfc.cz\/wp-content\/uploads\/2023\/02\/Training-by-evertonfc.com-9-2-2023.jpg 720w, https:\/\/evertonfc.cz\/wp-content\/uploads\/2023\/02\/Training-by-evertonfc.com-9-2-2023-300x169.jpg 300w\" sizes=\"(max-width: 720px) 100vw, 720px\" \/><\/p>\n","protected":false},"excerpt":{"rendered":"<p>Sean Dyche po prevzat\u00ed opr\u00e1t na Finch Farm zaviedol p\u00e1r nov\u00fdch a zauj\u00edmav\u00fdch pravidiel pri tr\u00e9ningu. Hr\u00e1\u010di maj\u00fa u\u017e od&hellip;<\/p>\n","protected":false},"author":1,"featured_media":0,"comment_status":"open","ping_status":"closed","template":"","tags":[],"news-category":[18],"yoast_head":"<!-- This site is optimized with the Yoast SEO plugin v23.4 - https:\/\/yoast.com\/wordpress\/plugins\/seo\/ -->\n<title>&quot;Tr\u00e9nuj ako hr\u00e1\u0161!&quot; - Official Czech &amp; Slovak Everton Supporters&#039; Club<\/title>\n<meta name=\"robots\" content=\"index, follow, max-snippet:-1, max-image-preview:large, max-video-preview:-1\" \/>\n<link rel=\"canonical\" href=\"https:\/\/evertonfc.cz\/index.php\/news\/trenuj-ako-hras\/\" \/>\n<meta property=\"og:locale\" content=\"cs_CZ\" \/>\n<meta property=\"og:type\" content=\"article\" \/>\n<meta property=\"og:title\" content=\"&quot;Tr\u00e9nuj ako hr\u00e1\u0161!&quot; - Official Czech &amp; Slovak Everton Supporters&#039; Club\" \/>\n<meta property=\"og:description\" content=\"Sean Dyche po prevzat\u00ed opr\u00e1t na Finch Farm zaviedol p\u00e1r nov\u00fdch a zauj\u00edmav\u00fdch pravidiel pri tr\u00e9ningu. Hr\u00e1\u010di maj\u00fa u\u017e od&hellip;\" \/>\n<meta property=\"og:url\" content=\"https:\/\/evertonfc.cz\/index.php\/news\/trenuj-ako-hras\/\" \/>\n<meta property=\"og:site_name\" content=\"Official Czech &amp; Slovak Everton Supporters&#039; Club\" \/>\n<meta property=\"article:publisher\" content=\"https:\/\/www.facebook.com\/everton.fans.cz.sk\" \/>\n<meta property=\"og:image\" content=\"https:\/\/evertonfc.cz\/wp-content\/uploads\/2023\/02\/Training-by-evertonfc.com-9-2-2023.jpg\" \/>\n<meta name=\"twitter:card\" content=\"summary_large_image\" \/>\n<meta name=\"twitter:label1\" content=\"Odhadovan\u00e1 doba \u010dten\u00ed\" \/>\n\t<meta name=\"twitter:data1\" content=\"2 minuty\" \/>\n<script type=\"application\/ld+json\" class=\"yoast-schema-graph\">{\"@context\":\"https:\/\/schema.org\",\"@graph\":[{\"@type\":\"WebPage\",\"@id\":\"https:\/\/evertonfc.cz\/index.php\/news\/trenuj-ako-hras\/\",\"url\":\"https:\/\/evertonfc.cz\/index.php\/news\/trenuj-ako-hras\/\",\"name\":\"\\\"Tr\u00e9nuj ako hr\u00e1\u0161!\\\" - Official Czech &amp; Slovak Everton Supporters&#039; Club\",\"isPartOf\":{\"@id\":\"https:\/\/evertonfc.cz\/#website\"},\"primaryImageOfPage\":{\"@id\":\"https:\/\/evertonfc.cz\/index.php\/news\/trenuj-ako-hras\/#primaryimage\"},\"image\":{\"@id\":\"https:\/\/evertonfc.cz\/index.php\/news\/trenuj-ako-hras\/#primaryimage\"},\"thumbnailUrl\":\"https:\/\/evertonfc.cz\/wp-content\/uploads\/2023\/02\/Training-by-evertonfc.com-9-2-2023.jpg\",\"datePublished\":\"2023-02-10T13:53:12+00:00\",\"dateModified\":\"2023-02-10T13:53:12+00:00\",\"breadcrumb\":{\"@id\":\"https:\/\/evertonfc.cz\/index.php\/news\/trenuj-ako-hras\/#breadcrumb\"},\"inLanguage\":\"cs\",\"potentialAction\":[{\"@type\":\"ReadAction\",\"target\":[\"https:\/\/evertonfc.cz\/index.php\/news\/trenuj-ako-hras\/\"]}]},{\"@type\":\"ImageObject\",\"inLanguage\":\"cs\",\"@id\":\"https:\/\/evertonfc.cz\/index.php\/news\/trenuj-ako-hras\/#primaryimage\",\"url\":\"https:\/\/evertonfc.cz\/wp-content\/uploads\/2023\/02\/Training-by-evertonfc.com-9-2-2023.jpg\",\"contentUrl\":\"https:\/\/evertonfc.cz\/wp-content\/uploads\/2023\/02\/Training-by-evertonfc.com-9-2-2023.jpg\",\"width\":720,\"height\":405},{\"@type\":\"BreadcrumbList\",\"@id\":\"https:\/\/evertonfc.cz\/index.php\/news\/trenuj-ako-hras\/#breadcrumb\",\"itemListElement\":[{\"@type\":\"ListItem\",\"position\":1,\"name\":\"Home\",\"item\":\"https:\/\/evertonfc.cz\/\"},{\"@type\":\"ListItem\",\"position\":2,\"name\":\"News\",\"item\":\"https:\/\/evertonfc.cz\/index.php\/news\/\"},{\"@type\":\"ListItem\",\"position\":3,\"name\":\"&#8222;Tr\u00e9nuj ako hr\u00e1\u0161!&#8220;\"}]},{\"@type\":\"WebSite\",\"@id\":\"https:\/\/evertonfc.cz\/#website\",\"url\":\"https:\/\/evertonfc.cz\/\",\"name\":\"Official Czech &amp; Slovak Everton Supporters&#039; Club\",\"description\":\"\",\"publisher\":{\"@id\":\"https:\/\/evertonfc.cz\/#organization\"},\"potentialAction\":[{\"@type\":\"SearchAction\",\"target\":{\"@type\":\"EntryPoint\",\"urlTemplate\":\"https:\/\/evertonfc.cz\/?s={search_term_string}\"},\"query-input\":{\"@type\":\"PropertyValueSpecification\",\"valueRequired\":true,\"valueName\":\"search_term_string\"}}],\"inLanguage\":\"cs\"},{\"@type\":\"Organization\",\"@id\":\"https:\/\/evertonfc.cz\/#organization\",\"name\":\"Official Czech & Slovak Everton Supporters' Club\",\"url\":\"https:\/\/evertonfc.cz\/\",\"logo\":{\"@type\":\"ImageObject\",\"inLanguage\":\"cs\",\"@id\":\"https:\/\/evertonfc.cz\/#\/schema\/logo\/image\/\",\"url\":\"https:\/\/evertonfc.cz\/wp-content\/uploads\/2019\/05\/logo.png\",\"contentUrl\":\"https:\/\/evertonfc.cz\/wp-content\/uploads\/2019\/05\/logo.png\",\"width\":112,\"height\":112,\"caption\":\"Official Czech & Slovak Everton Supporters' Club\"},\"image\":{\"@id\":\"https:\/\/evertonfc.cz\/#\/schema\/logo\/image\/\"},\"sameAs\":[\"https:\/\/www.facebook.com\/everton.fans.cz.sk\"]}]}<\/script>\n<!-- \/ Yoast SEO plugin. -->","yoast_head_json":{"title":"\"Tr\u00e9nuj ako hr\u00e1\u0161!\" - Official Czech &amp; Slovak Everton Supporters&#039; Club","robots":{"index":"index","follow":"follow","max-snippet":"max-snippet:-1","max-image-preview":"max-image-preview:large","max-video-preview":"max-video-preview:-1"},"canonical":"https:\/\/evertonfc.cz\/index.php\/news\/trenuj-ako-hras\/","og_locale":"cs_CZ","og_type":"article","og_title":"\"Tr\u00e9nuj ako hr\u00e1\u0161!\" - Official Czech &amp; Slovak Everton Supporters&#039; Club","og_description":"Sean Dyche po prevzat\u00ed opr\u00e1t na Finch Farm zaviedol p\u00e1r nov\u00fdch a zauj\u00edmav\u00fdch pravidiel pri tr\u00e9ningu. Hr\u00e1\u010di maj\u00fa u\u017e od&hellip;","og_url":"https:\/\/evertonfc.cz\/index.php\/news\/trenuj-ako-hras\/","og_site_name":"Official Czech &amp; Slovak Everton Supporters&#039; Club","article_publisher":"https:\/\/www.facebook.com\/everton.fans.cz.sk","og_image":[{"url":"https:\/\/evertonfc.cz\/wp-content\/uploads\/2023\/02\/Training-by-evertonfc.com-9-2-2023.jpg"}],"twitter_card":"summary_large_image","twitter_misc":{"Odhadovan\u00e1 doba \u010dten\u00ed":"2 minuty"},"schema":{"@context":"https:\/\/schema.org","@graph":[{"@type":"WebPage","@id":"https:\/\/evertonfc.cz\/index.php\/news\/trenuj-ako-hras\/","url":"https:\/\/evertonfc.cz\/index.php\/news\/trenuj-ako-hras\/","name":"\"Tr\u00e9nuj ako hr\u00e1\u0161!\" - Official Czech &amp; Slovak Everton Supporters&#039; Club","isPartOf":{"@id":"https:\/\/evertonfc.cz\/#website"},"primaryImageOfPage":{"@id":"https:\/\/evertonfc.cz\/index.php\/news\/trenuj-ako-hras\/#primaryimage"},"image":{"@id":"https:\/\/evertonfc.cz\/index.php\/news\/trenuj-ako-hras\/#primaryimage"},"thumbnailUrl":"https:\/\/evertonfc.cz\/wp-content\/uploads\/2023\/02\/Training-by-evertonfc.com-9-2-2023.jpg","datePublished":"2023-02-10T13:53:12+00:00","dateModified":"2023-02-10T13:53:12+00:00","breadcrumb":{"@id":"https:\/\/evertonfc.cz\/index.php\/news\/trenuj-ako-hras\/#breadcrumb"},"inLanguage":"cs","potentialAction":[{"@type":"ReadAction","target":["https:\/\/evertonfc.cz\/index.php\/news\/trenuj-ako-hras\/"]}]},{"@type":"ImageObject","inLanguage":"cs","@id":"https:\/\/evertonfc.cz\/index.php\/news\/trenuj-ako-hras\/#primaryimage","url":"https:\/\/evertonfc.cz\/wp-content\/uploads\/2023\/02\/Training-by-evertonfc.com-9-2-2023.jpg","contentUrl":"https:\/\/evertonfc.cz\/wp-content\/uploads\/2023\/02\/Training-by-evertonfc.com-9-2-2023.jpg","width":720,"height":405},{"@type":"BreadcrumbList","@id":"https:\/\/evertonfc.cz\/index.php\/news\/trenuj-ako-hras\/#breadcrumb","itemListElement":[{"@type":"ListItem","position":1,"name":"Home","item":"https:\/\/evertonfc.cz\/"},{"@type":"ListItem","position":2,"name":"News","item":"https:\/\/evertonfc.cz\/index.php\/news\/"},{"@type":"ListItem","position":3,"name":"&#8222;Tr\u00e9nuj ako hr\u00e1\u0161!&#8220;"}]},{"@type":"WebSite","@id":"https:\/\/evertonfc.cz\/#website","url":"https:\/\/evertonfc.cz\/","name":"Official Czech &amp; Slovak Everton Supporters&#039; Club","description":"","publisher":{"@id":"https:\/\/evertonfc.cz\/#organization"},"potentialAction":[{"@type":"SearchAction","target":{"@type":"EntryPoint","urlTemplate":"https:\/\/evertonfc.cz\/?s={search_term_string}"},"query-input":{"@type":"PropertyValueSpecification","valueRequired":true,"valueName":"search_term_string"}}],"inLanguage":"cs"},{"@type":"Organization","@id":"https:\/\/evertonfc.cz\/#organization","name":"Official Czech & Slovak Everton Supporters' Club","url":"https:\/\/evertonfc.cz\/","logo":{"@type":"ImageObject","inLanguage":"cs","@id":"https:\/\/evertonfc.cz\/#\/schema\/logo\/image\/","url":"https:\/\/evertonfc.cz\/wp-content\/uploads\/2019\/05\/logo.png","contentUrl":"https:\/\/evertonfc.cz\/wp-content\/uploads\/2019\/05\/logo.png","width":112,"height":112,"caption":"Official Czech & Slovak Everton Supporters' Club"},"image":{"@id":"https:\/\/evertonfc.cz\/#\/schema\/logo\/image\/"},"sameAs":["https:\/\/www.facebook.com\/everton.fans.cz.sk"]}]}},"_links":{"self":[{"href":"https:\/\/evertonfc.cz\/index.php\/wp-json\/wp\/v2\/news\/20973"}],"collection":[{"href":"https:\/\/evertonfc.cz\/index.php\/wp-json\/wp\/v2\/news"}],"about":[{"href":"https:\/\/evertonfc.cz\/index.php\/wp-json\/wp\/v2\/types\/news"}],"author":[{"embeddable":true,"href":"https:\/\/evertonfc.cz\/index.php\/wp-json\/wp\/v2\/users\/1"}],"replies":[{"embeddable":true,"href":"https:\/\/evertonfc.cz\/index.php\/wp-json\/wp\/v2\/comments?post=20973"}],"version-history":[{"count":4,"href":"https:\/\/evertonfc.cz\/index.php\/wp-json\/wp\/v2\/news\/20973\/revisions"}],"predecessor-version":[{"id":20978,"href":"https:\/\/evertonfc.cz\/index.php\/wp-json\/wp\/v2\/news\/20973\/revisions\/20978"}],"wp:attachment":[{"href":"https:\/\/evertonfc.cz\/index.php\/wp-json\/wp\/v2\/media?parent=20973"}],"wp:term":[{"taxonomy":"post_tag","embeddable":true,"href":"https:\/\/evertonfc.cz\/index.php\/wp-json\/wp\/v2\/tags?post=20973"},{"taxonomy":"news-category","embeddable":true,"href":"https:\/\/evertonfc.cz\/index.php\/wp-json\/wp\/v2\/news-category?post=20973"}],"curies":[{"name":"wp","href":"https:\/\/api.w.org\/{rel}","templated":true}]}}