{"id":21118,"date":"2023-03-03T11:36:54","date_gmt":"2023-03-03T10:36:54","guid":{"rendered":"https:\/\/evertonfc.cz\/?post_type=news&#038;p=21118"},"modified":"2023-03-03T11:36:54","modified_gmt":"2023-03-03T10:36:54","slug":"dyche-takmer-vacsinova-volba","status":"publish","type":"news","link":"https:\/\/evertonfc.cz\/index.php\/news\/dyche-takmer-vacsinova-volba\/","title":{"rendered":"Dyche, takmer v\u00e4\u010d\u0161inov\u00e1 vo\u013eba"},"content":{"rendered":"<p>Po\u010das kr\u00e1tkeho obdobia piatich dn\u00ed, medzi vyhoden\u00edm Franka Lamparda a dosaden\u00edm nov\u00e9ho tr\u00e9nera, sme sa v\u00e1s p\u00fdtali, koho na t\u00fato poz\u00edciu z medializovan\u00fdch kandid\u00e1tov preferujete. V\u00fdber nebol ve\u013ek\u00fd, v re\u00e1lnom zva\u017eovan\u00ed kluby boli len tri men\u00e1, z ktor\u00fdch sa prakticky o v\u00ed\u0165azovi rozhodlo kv\u00f4li odmietnut\u00ed dvoch zvy\u0161n\u00fdch.<\/p>\n<p>Tuzemsk\u00ed fan\u00fa\u0161ikovia Evertonu v\u0161ak tak\u00e9to \u00favahy rie\u0161i\u0165 nemuseli, a\u00a0vyberali kandid\u00e1ta zrejme pod\u013ea z\u00e1chran\u00e1rskych sk\u00fasenost\u00ed. Vo\u013eba takmer polovice z\u00a0nich padla na b\u00fdval\u00e9ho mana\u017e\u00e9ra Burnley, ktor\u00fd sa napokon aj stal nov\u00fdm lodivodom The Toffees. St\u00e1vka na istotu, rokmi overen\u00fa v\u00a0klube s\u00a0mal\u00fdmi mo\u017enos\u0165ami.<\/p>\n<p>Detailn\u00e9 v\u00fdsledky hlasovania s\u00fa ni\u017e\u0161ie, ako aj novo zverejnen\u00e1 anketa, ktor\u00fa u\u017e n\u00e1jdete na na\u0161om bo\u010dnom paneli.<\/p>\n<p class=\"panel-title\"><span style=\"text-decoration: underline;\"><strong>Kto by sa mal sta\u0165 nov\u00fdm mana\u017e\u00e9rom Evertonu?<br \/>\n<\/strong><\/span><\/p>\n<ol>\n<li>Sean Dyche &#8211; 46.43% (13 <span class=\"basic-answer-total-votes\">hlasov<\/span>)<\/li>\n<li>Ralph Hasenh\u00fcttl &#8211; 21.43% (6 <span class=\"basic-answer-total-votes\">hlasov<\/span>)<\/li>\n<li>Niekto in\u00fd&#8230; &#8211; 17.86% (5 <span class=\"basic-answer-total-votes\">hlasov<\/span>)<\/li>\n<li>Marcelo Bielsa &#8211; 14.29% (4 <span class=\"basic-answer-total-votes\">hlasov<\/span>)<\/li>\n<\/ol>\n","protected":false},"excerpt":{"rendered":"<p>Po\u010das kr\u00e1tkeho obdobia piatich dn\u00ed, medzi vyhoden\u00edm Franka Lamparda a dosaden\u00edm nov\u00e9ho tr\u00e9nera, sme sa v\u00e1s p\u00fdtali, koho na t\u00fato&hellip;<\/p>\n","protected":false},"author":1,"featured_media":0,"comment_status":"open","ping_status":"closed","template":"","tags":[],"news-category":[18],"yoast_head":"<!-- This site is optimized with the Yoast SEO plugin v23.4 - https:\/\/yoast.com\/wordpress\/plugins\/seo\/ -->\n<title>Dyche, takmer v\u00e4\u010d\u0161inov\u00e1 vo\u013eba - Official Czech &amp; Slovak Everton Supporters&#039; Club<\/title>\n<meta name=\"robots\" content=\"index, follow, max-snippet:-1, max-image-preview:large, max-video-preview:-1\" \/>\n<link rel=\"canonical\" href=\"https:\/\/evertonfc.cz\/index.php\/news\/dyche-takmer-vacsinova-volba\/\" \/>\n<meta property=\"og:locale\" content=\"cs_CZ\" \/>\n<meta property=\"og:type\" content=\"article\" \/>\n<meta property=\"og:title\" content=\"Dyche, takmer v\u00e4\u010d\u0161inov\u00e1 vo\u013eba - Official Czech &amp; Slovak Everton Supporters&#039; Club\" \/>\n<meta property=\"og:description\" content=\"Po\u010das kr\u00e1tkeho obdobia piatich dn\u00ed, medzi vyhoden\u00edm Franka Lamparda a dosaden\u00edm nov\u00e9ho tr\u00e9nera, sme sa v\u00e1s p\u00fdtali, koho na t\u00fato&hellip;\" \/>\n<meta property=\"og:url\" content=\"https:\/\/evertonfc.cz\/index.php\/news\/dyche-takmer-vacsinova-volba\/\" \/>\n<meta property=\"og:site_name\" content=\"Official Czech &amp; Slovak Everton Supporters&#039; Club\" \/>\n<meta property=\"article:publisher\" content=\"https:\/\/www.facebook.com\/everton.fans.cz.sk\" \/>\n<meta name=\"twitter:card\" content=\"summary_large_image\" \/>\n<meta name=\"twitter:label1\" content=\"Odhadovan\u00e1 doba \u010dten\u00ed\" \/>\n\t<meta name=\"twitter:data1\" content=\"1 minuta\" \/>\n<script type=\"application\/ld+json\" class=\"yoast-schema-graph\">{\"@context\":\"https:\/\/schema.org\",\"@graph\":[{\"@type\":\"WebPage\",\"@id\":\"https:\/\/evertonfc.cz\/index.php\/news\/dyche-takmer-vacsinova-volba\/\",\"url\":\"https:\/\/evertonfc.cz\/index.php\/news\/dyche-takmer-vacsinova-volba\/\",\"name\":\"Dyche, takmer v\u00e4\u010d\u0161inov\u00e1 vo\u013eba - Official Czech &amp; Slovak Everton Supporters&#039; Club\",\"isPartOf\":{\"@id\":\"https:\/\/evertonfc.cz\/#website\"},\"datePublished\":\"2023-03-03T10:36:54+00:00\",\"dateModified\":\"2023-03-03T10:36:54+00:00\",\"breadcrumb\":{\"@id\":\"https:\/\/evertonfc.cz\/index.php\/news\/dyche-takmer-vacsinova-volba\/#breadcrumb\"},\"inLanguage\":\"cs\",\"potentialAction\":[{\"@type\":\"ReadAction\",\"target\":[\"https:\/\/evertonfc.cz\/index.php\/news\/dyche-takmer-vacsinova-volba\/\"]}]},{\"@type\":\"BreadcrumbList\",\"@id\":\"https:\/\/evertonfc.cz\/index.php\/news\/dyche-takmer-vacsinova-volba\/#breadcrumb\",\"itemListElement\":[{\"@type\":\"ListItem\",\"position\":1,\"name\":\"Home\",\"item\":\"https:\/\/evertonfc.cz\/\"},{\"@type\":\"ListItem\",\"position\":2,\"name\":\"News\",\"item\":\"https:\/\/evertonfc.cz\/index.php\/news\/\"},{\"@type\":\"ListItem\",\"position\":3,\"name\":\"Dyche, takmer v\u00e4\u010d\u0161inov\u00e1 vo\u013eba\"}]},{\"@type\":\"WebSite\",\"@id\":\"https:\/\/evertonfc.cz\/#website\",\"url\":\"https:\/\/evertonfc.cz\/\",\"name\":\"Official Czech &amp; Slovak Everton Supporters&#039; Club\",\"description\":\"\",\"publisher\":{\"@id\":\"https:\/\/evertonfc.cz\/#organization\"},\"potentialAction\":[{\"@type\":\"SearchAction\",\"target\":{\"@type\":\"EntryPoint\",\"urlTemplate\":\"https:\/\/evertonfc.cz\/?s={search_term_string}\"},\"query-input\":{\"@type\":\"PropertyValueSpecification\",\"valueRequired\":true,\"valueName\":\"search_term_string\"}}],\"inLanguage\":\"cs\"},{\"@type\":\"Organization\",\"@id\":\"https:\/\/evertonfc.cz\/#organization\",\"name\":\"Official Czech & Slovak Everton Supporters' Club\",\"url\":\"https:\/\/evertonfc.cz\/\",\"logo\":{\"@type\":\"ImageObject\",\"inLanguage\":\"cs\",\"@id\":\"https:\/\/evertonfc.cz\/#\/schema\/logo\/image\/\",\"url\":\"https:\/\/evertonfc.cz\/wp-content\/uploads\/2019\/05\/logo.png\",\"contentUrl\":\"https:\/\/evertonfc.cz\/wp-content\/uploads\/2019\/05\/logo.png\",\"width\":112,\"height\":112,\"caption\":\"Official Czech & Slovak Everton Supporters' Club\"},\"image\":{\"@id\":\"https:\/\/evertonfc.cz\/#\/schema\/logo\/image\/\"},\"sameAs\":[\"https:\/\/www.facebook.com\/everton.fans.cz.sk\"]}]}<\/script>\n<!-- \/ Yoast SEO plugin. -->","yoast_head_json":{"title":"Dyche, takmer v\u00e4\u010d\u0161inov\u00e1 vo\u013eba - Official Czech &amp; Slovak Everton Supporters&#039; Club","robots":{"index":"index","follow":"follow","max-snippet":"max-snippet:-1","max-image-preview":"max-image-preview:large","max-video-preview":"max-video-preview:-1"},"canonical":"https:\/\/evertonfc.cz\/index.php\/news\/dyche-takmer-vacsinova-volba\/","og_locale":"cs_CZ","og_type":"article","og_title":"Dyche, takmer v\u00e4\u010d\u0161inov\u00e1 vo\u013eba - Official Czech &amp; Slovak Everton Supporters&#039; Club","og_description":"Po\u010das kr\u00e1tkeho obdobia piatich dn\u00ed, medzi vyhoden\u00edm Franka Lamparda a dosaden\u00edm nov\u00e9ho tr\u00e9nera, sme sa v\u00e1s p\u00fdtali, koho na t\u00fato&hellip;","og_url":"https:\/\/evertonfc.cz\/index.php\/news\/dyche-takmer-vacsinova-volba\/","og_site_name":"Official Czech &amp; Slovak Everton Supporters&#039; Club","article_publisher":"https:\/\/www.facebook.com\/everton.fans.cz.sk","twitter_card":"summary_large_image","twitter_misc":{"Odhadovan\u00e1 doba \u010dten\u00ed":"1 minuta"},"schema":{"@context":"https:\/\/schema.org","@graph":[{"@type":"WebPage","@id":"https:\/\/evertonfc.cz\/index.php\/news\/dyche-takmer-vacsinova-volba\/","url":"https:\/\/evertonfc.cz\/index.php\/news\/dyche-takmer-vacsinova-volba\/","name":"Dyche, takmer v\u00e4\u010d\u0161inov\u00e1 vo\u013eba - Official Czech &amp; Slovak Everton Supporters&#039; Club","isPartOf":{"@id":"https:\/\/evertonfc.cz\/#website"},"datePublished":"2023-03-03T10:36:54+00:00","dateModified":"2023-03-03T10:36:54+00:00","breadcrumb":{"@id":"https:\/\/evertonfc.cz\/index.php\/news\/dyche-takmer-vacsinova-volba\/#breadcrumb"},"inLanguage":"cs","potentialAction":[{"@type":"ReadAction","target":["https:\/\/evertonfc.cz\/index.php\/news\/dyche-takmer-vacsinova-volba\/"]}]},{"@type":"BreadcrumbList","@id":"https:\/\/evertonfc.cz\/index.php\/news\/dyche-takmer-vacsinova-volba\/#breadcrumb","itemListElement":[{"@type":"ListItem","position":1,"name":"Home","item":"https:\/\/evertonfc.cz\/"},{"@type":"ListItem","position":2,"name":"News","item":"https:\/\/evertonfc.cz\/index.php\/news\/"},{"@type":"ListItem","position":3,"name":"Dyche, takmer v\u00e4\u010d\u0161inov\u00e1 vo\u013eba"}]},{"@type":"WebSite","@id":"https:\/\/evertonfc.cz\/#website","url":"https:\/\/evertonfc.cz\/","name":"Official Czech &amp; Slovak Everton Supporters&#039; Club","description":"","publisher":{"@id":"https:\/\/evertonfc.cz\/#organization"},"potentialAction":[{"@type":"SearchAction","target":{"@type":"EntryPoint","urlTemplate":"https:\/\/evertonfc.cz\/?s={search_term_string}"},"query-input":{"@type":"PropertyValueSpecification","valueRequired":true,"valueName":"search_term_string"}}],"inLanguage":"cs"},{"@type":"Organization","@id":"https:\/\/evertonfc.cz\/#organization","name":"Official Czech & Slovak Everton Supporters' Club","url":"https:\/\/evertonfc.cz\/","logo":{"@type":"ImageObject","inLanguage":"cs","@id":"https:\/\/evertonfc.cz\/#\/schema\/logo\/image\/","url":"https:\/\/evertonfc.cz\/wp-content\/uploads\/2019\/05\/logo.png","contentUrl":"https:\/\/evertonfc.cz\/wp-content\/uploads\/2019\/05\/logo.png","width":112,"height":112,"caption":"Official Czech & Slovak Everton Supporters' Club"},"image":{"@id":"https:\/\/evertonfc.cz\/#\/schema\/logo\/image\/"},"sameAs":["https:\/\/www.facebook.com\/everton.fans.cz.sk"]}]}},"_links":{"self":[{"href":"https:\/\/evertonfc.cz\/index.php\/wp-json\/wp\/v2\/news\/21118"}],"collection":[{"href":"https:\/\/evertonfc.cz\/index.php\/wp-json\/wp\/v2\/news"}],"about":[{"href":"https:\/\/evertonfc.cz\/index.php\/wp-json\/wp\/v2\/types\/news"}],"author":[{"embeddable":true,"href":"https:\/\/evertonfc.cz\/index.php\/wp-json\/wp\/v2\/users\/1"}],"replies":[{"embeddable":true,"href":"https:\/\/evertonfc.cz\/index.php\/wp-json\/wp\/v2\/comments?post=21118"}],"version-history":[{"count":4,"href":"https:\/\/evertonfc.cz\/index.php\/wp-json\/wp\/v2\/news\/21118\/revisions"}],"predecessor-version":[{"id":21122,"href":"https:\/\/evertonfc.cz\/index.php\/wp-json\/wp\/v2\/news\/21118\/revisions\/21122"}],"wp:attachment":[{"href":"https:\/\/evertonfc.cz\/index.php\/wp-json\/wp\/v2\/media?parent=21118"}],"wp:term":[{"taxonomy":"post_tag","embeddable":true,"href":"https:\/\/evertonfc.cz\/index.php\/wp-json\/wp\/v2\/tags?post=21118"},{"taxonomy":"news-category","embeddable":true,"href":"https:\/\/evertonfc.cz\/index.php\/wp-json\/wp\/v2\/news-category?post=21118"}],"curies":[{"name":"wp","href":"https:\/\/api.w.org\/{rel}","templated":true}]}}