{"id":21340,"date":"2023-04-07T16:56:54","date_gmt":"2023-04-07T14:56:54","guid":{"rendered":"https:\/\/evertonfc.cz\/?post_type=news&#038;p=21340"},"modified":"2023-04-07T16:56:54","modified_gmt":"2023-04-07T14:56:54","slug":"elena-sadiku-v-cele-zenske-akademie","status":"publish","type":"news","link":"https:\/\/evertonfc.cz\/index.php\/news\/elena-sadiku-v-cele-zenske-akademie\/","title":{"rendered":"Elena Sadiku v \u010dele \u017eensk\u00e9 akademie"},"content":{"rendered":"<p>Elena Sadiku byla dnes jmenov\u00e1na do \u010dela evertonsk\u00e9 \u017eensk\u00e9 akademie. 29 let\u00e1 vN\u011bmecku narozen\u00e1 \u0160v\u00e9dka m\u00e1 hr\u00e1\u010dsk\u00e9 i mana\u017eersk\u00e9 zku\u0161enosti z ligov\u00e9 i mezin\u00e1rodn\u00ed \u00farovn\u011b. Jej\u00ed kari\u00e9ra z\u00e1lo\u017enice byla p\u0159ed\u010dasn\u011b ukon\u010dena opakovan\u00fdmi zran\u011bn\u00edmi kolena. Plynule nav\u00e1zala mana\u017eersk\u00fdmi posty v Pekingu, Malm\u00f6 a v Hj\u00f8rring. Na sv\u00e9 posledn\u00ed \u0161taci d\u011blala asistentku sou\u010dasn\u00e9mu mana\u017eerovi prvn\u00edho \u017eensk\u00e9ho t\u00fdmu Brianu S\u00f8rensenovi.<\/p>\n","protected":false},"excerpt":{"rendered":"<p>Elena Sadiku byla dnes jmenov\u00e1na do \u010dela evertonsk\u00e9 \u017eensk\u00e9 akademie. 29 let\u00e1 vN\u011bmecku narozen\u00e1 \u0160v\u00e9dka m\u00e1 hr\u00e1\u010dsk\u00e9 i mana\u017eersk\u00e9 zku\u0161enosti&hellip;<\/p>\n","protected":false},"author":26,"featured_media":0,"comment_status":"open","ping_status":"closed","template":"","tags":[],"news-category":[18],"yoast_head":"<!-- This site is optimized with the Yoast SEO plugin v23.4 - https:\/\/yoast.com\/wordpress\/plugins\/seo\/ -->\n<title>Elena Sadiku v \u010dele \u017eensk\u00e9 akademie - Official Czech &amp; Slovak Everton Supporters&#039; Club<\/title>\n<meta name=\"robots\" content=\"index, follow, max-snippet:-1, max-image-preview:large, max-video-preview:-1\" \/>\n<link rel=\"canonical\" href=\"https:\/\/evertonfc.cz\/index.php\/news\/elena-sadiku-v-cele-zenske-akademie\/\" \/>\n<meta property=\"og:locale\" content=\"cs_CZ\" \/>\n<meta property=\"og:type\" content=\"article\" \/>\n<meta property=\"og:title\" content=\"Elena Sadiku v \u010dele \u017eensk\u00e9 akademie - Official Czech &amp; Slovak Everton Supporters&#039; Club\" \/>\n<meta property=\"og:description\" content=\"Elena Sadiku byla dnes jmenov\u00e1na do \u010dela evertonsk\u00e9 \u017eensk\u00e9 akademie. 29 let\u00e1 vN\u011bmecku narozen\u00e1 \u0160v\u00e9dka m\u00e1 hr\u00e1\u010dsk\u00e9 i mana\u017eersk\u00e9 zku\u0161enosti&hellip;\" \/>\n<meta property=\"og:url\" content=\"https:\/\/evertonfc.cz\/index.php\/news\/elena-sadiku-v-cele-zenske-akademie\/\" \/>\n<meta property=\"og:site_name\" content=\"Official Czech &amp; Slovak Everton Supporters&#039; Club\" \/>\n<meta property=\"article:publisher\" content=\"https:\/\/www.facebook.com\/everton.fans.cz.sk\" \/>\n<meta name=\"twitter:card\" content=\"summary_large_image\" \/>\n<meta name=\"twitter:label1\" content=\"Odhadovan\u00e1 doba \u010dten\u00ed\" \/>\n\t<meta name=\"twitter:data1\" content=\"1 minuta\" \/>\n<script type=\"application\/ld+json\" class=\"yoast-schema-graph\">{\"@context\":\"https:\/\/schema.org\",\"@graph\":[{\"@type\":\"WebPage\",\"@id\":\"https:\/\/evertonfc.cz\/index.php\/news\/elena-sadiku-v-cele-zenske-akademie\/\",\"url\":\"https:\/\/evertonfc.cz\/index.php\/news\/elena-sadiku-v-cele-zenske-akademie\/\",\"name\":\"Elena Sadiku v \u010dele \u017eensk\u00e9 akademie - Official Czech &amp; Slovak Everton Supporters&#039; Club\",\"isPartOf\":{\"@id\":\"https:\/\/evertonfc.cz\/#website\"},\"datePublished\":\"2023-04-07T14:56:54+00:00\",\"dateModified\":\"2023-04-07T14:56:54+00:00\",\"breadcrumb\":{\"@id\":\"https:\/\/evertonfc.cz\/index.php\/news\/elena-sadiku-v-cele-zenske-akademie\/#breadcrumb\"},\"inLanguage\":\"cs\",\"potentialAction\":[{\"@type\":\"ReadAction\",\"target\":[\"https:\/\/evertonfc.cz\/index.php\/news\/elena-sadiku-v-cele-zenske-akademie\/\"]}]},{\"@type\":\"BreadcrumbList\",\"@id\":\"https:\/\/evertonfc.cz\/index.php\/news\/elena-sadiku-v-cele-zenske-akademie\/#breadcrumb\",\"itemListElement\":[{\"@type\":\"ListItem\",\"position\":1,\"name\":\"Home\",\"item\":\"https:\/\/evertonfc.cz\/\"},{\"@type\":\"ListItem\",\"position\":2,\"name\":\"News\",\"item\":\"https:\/\/evertonfc.cz\/index.php\/news\/\"},{\"@type\":\"ListItem\",\"position\":3,\"name\":\"Elena Sadiku v \u010dele \u017eensk\u00e9 akademie\"}]},{\"@type\":\"WebSite\",\"@id\":\"https:\/\/evertonfc.cz\/#website\",\"url\":\"https:\/\/evertonfc.cz\/\",\"name\":\"Official Czech &amp; Slovak Everton Supporters&#039; Club\",\"description\":\"\",\"publisher\":{\"@id\":\"https:\/\/evertonfc.cz\/#organization\"},\"potentialAction\":[{\"@type\":\"SearchAction\",\"target\":{\"@type\":\"EntryPoint\",\"urlTemplate\":\"https:\/\/evertonfc.cz\/?s={search_term_string}\"},\"query-input\":{\"@type\":\"PropertyValueSpecification\",\"valueRequired\":true,\"valueName\":\"search_term_string\"}}],\"inLanguage\":\"cs\"},{\"@type\":\"Organization\",\"@id\":\"https:\/\/evertonfc.cz\/#organization\",\"name\":\"Official Czech & Slovak Everton Supporters' Club\",\"url\":\"https:\/\/evertonfc.cz\/\",\"logo\":{\"@type\":\"ImageObject\",\"inLanguage\":\"cs\",\"@id\":\"https:\/\/evertonfc.cz\/#\/schema\/logo\/image\/\",\"url\":\"https:\/\/evertonfc.cz\/wp-content\/uploads\/2019\/05\/logo.png\",\"contentUrl\":\"https:\/\/evertonfc.cz\/wp-content\/uploads\/2019\/05\/logo.png\",\"width\":112,\"height\":112,\"caption\":\"Official Czech & Slovak Everton Supporters' Club\"},\"image\":{\"@id\":\"https:\/\/evertonfc.cz\/#\/schema\/logo\/image\/\"},\"sameAs\":[\"https:\/\/www.facebook.com\/everton.fans.cz.sk\"]}]}<\/script>\n<!-- \/ Yoast SEO plugin. -->","yoast_head_json":{"title":"Elena Sadiku v \u010dele \u017eensk\u00e9 akademie - Official Czech &amp; Slovak Everton Supporters&#039; Club","robots":{"index":"index","follow":"follow","max-snippet":"max-snippet:-1","max-image-preview":"max-image-preview:large","max-video-preview":"max-video-preview:-1"},"canonical":"https:\/\/evertonfc.cz\/index.php\/news\/elena-sadiku-v-cele-zenske-akademie\/","og_locale":"cs_CZ","og_type":"article","og_title":"Elena Sadiku v \u010dele \u017eensk\u00e9 akademie - Official Czech &amp; Slovak Everton Supporters&#039; Club","og_description":"Elena Sadiku byla dnes jmenov\u00e1na do \u010dela evertonsk\u00e9 \u017eensk\u00e9 akademie. 29 let\u00e1 vN\u011bmecku narozen\u00e1 \u0160v\u00e9dka m\u00e1 hr\u00e1\u010dsk\u00e9 i mana\u017eersk\u00e9 zku\u0161enosti&hellip;","og_url":"https:\/\/evertonfc.cz\/index.php\/news\/elena-sadiku-v-cele-zenske-akademie\/","og_site_name":"Official Czech &amp; Slovak Everton Supporters&#039; Club","article_publisher":"https:\/\/www.facebook.com\/everton.fans.cz.sk","twitter_card":"summary_large_image","twitter_misc":{"Odhadovan\u00e1 doba \u010dten\u00ed":"1 minuta"},"schema":{"@context":"https:\/\/schema.org","@graph":[{"@type":"WebPage","@id":"https:\/\/evertonfc.cz\/index.php\/news\/elena-sadiku-v-cele-zenske-akademie\/","url":"https:\/\/evertonfc.cz\/index.php\/news\/elena-sadiku-v-cele-zenske-akademie\/","name":"Elena Sadiku v \u010dele \u017eensk\u00e9 akademie - Official Czech &amp; Slovak Everton Supporters&#039; Club","isPartOf":{"@id":"https:\/\/evertonfc.cz\/#website"},"datePublished":"2023-04-07T14:56:54+00:00","dateModified":"2023-04-07T14:56:54+00:00","breadcrumb":{"@id":"https:\/\/evertonfc.cz\/index.php\/news\/elena-sadiku-v-cele-zenske-akademie\/#breadcrumb"},"inLanguage":"cs","potentialAction":[{"@type":"ReadAction","target":["https:\/\/evertonfc.cz\/index.php\/news\/elena-sadiku-v-cele-zenske-akademie\/"]}]},{"@type":"BreadcrumbList","@id":"https:\/\/evertonfc.cz\/index.php\/news\/elena-sadiku-v-cele-zenske-akademie\/#breadcrumb","itemListElement":[{"@type":"ListItem","position":1,"name":"Home","item":"https:\/\/evertonfc.cz\/"},{"@type":"ListItem","position":2,"name":"News","item":"https:\/\/evertonfc.cz\/index.php\/news\/"},{"@type":"ListItem","position":3,"name":"Elena Sadiku v \u010dele \u017eensk\u00e9 akademie"}]},{"@type":"WebSite","@id":"https:\/\/evertonfc.cz\/#website","url":"https:\/\/evertonfc.cz\/","name":"Official Czech &amp; Slovak Everton Supporters&#039; Club","description":"","publisher":{"@id":"https:\/\/evertonfc.cz\/#organization"},"potentialAction":[{"@type":"SearchAction","target":{"@type":"EntryPoint","urlTemplate":"https:\/\/evertonfc.cz\/?s={search_term_string}"},"query-input":{"@type":"PropertyValueSpecification","valueRequired":true,"valueName":"search_term_string"}}],"inLanguage":"cs"},{"@type":"Organization","@id":"https:\/\/evertonfc.cz\/#organization","name":"Official Czech & Slovak Everton Supporters' Club","url":"https:\/\/evertonfc.cz\/","logo":{"@type":"ImageObject","inLanguage":"cs","@id":"https:\/\/evertonfc.cz\/#\/schema\/logo\/image\/","url":"https:\/\/evertonfc.cz\/wp-content\/uploads\/2019\/05\/logo.png","contentUrl":"https:\/\/evertonfc.cz\/wp-content\/uploads\/2019\/05\/logo.png","width":112,"height":112,"caption":"Official Czech & Slovak Everton Supporters' Club"},"image":{"@id":"https:\/\/evertonfc.cz\/#\/schema\/logo\/image\/"},"sameAs":["https:\/\/www.facebook.com\/everton.fans.cz.sk"]}]}},"_links":{"self":[{"href":"https:\/\/evertonfc.cz\/index.php\/wp-json\/wp\/v2\/news\/21340"}],"collection":[{"href":"https:\/\/evertonfc.cz\/index.php\/wp-json\/wp\/v2\/news"}],"about":[{"href":"https:\/\/evertonfc.cz\/index.php\/wp-json\/wp\/v2\/types\/news"}],"author":[{"embeddable":true,"href":"https:\/\/evertonfc.cz\/index.php\/wp-json\/wp\/v2\/users\/26"}],"replies":[{"embeddable":true,"href":"https:\/\/evertonfc.cz\/index.php\/wp-json\/wp\/v2\/comments?post=21340"}],"version-history":[{"count":1,"href":"https:\/\/evertonfc.cz\/index.php\/wp-json\/wp\/v2\/news\/21340\/revisions"}],"predecessor-version":[{"id":21341,"href":"https:\/\/evertonfc.cz\/index.php\/wp-json\/wp\/v2\/news\/21340\/revisions\/21341"}],"wp:attachment":[{"href":"https:\/\/evertonfc.cz\/index.php\/wp-json\/wp\/v2\/media?parent=21340"}],"wp:term":[{"taxonomy":"post_tag","embeddable":true,"href":"https:\/\/evertonfc.cz\/index.php\/wp-json\/wp\/v2\/tags?post=21340"},{"taxonomy":"news-category","embeddable":true,"href":"https:\/\/evertonfc.cz\/index.php\/wp-json\/wp\/v2\/news-category?post=21340"}],"curies":[{"name":"wp","href":"https:\/\/api.w.org\/{rel}","templated":true}]}}