{"id":21800,"date":"2023-06-08T13:18:21","date_gmt":"2023-06-08T11:18:21","guid":{"rendered":"https:\/\/evertonfc.cz\/?post_type=news&#038;p=21800"},"modified":"2023-06-08T13:18:21","modified_gmt":"2023-06-08T11:18:21","slug":"rysuje-sa-program-pripravy","status":"publish","type":"news","link":"https:\/\/evertonfc.cz\/index.php\/news\/rysuje-sa-program-pripravy\/","title":{"rendered":"Rysuje sa program pr\u00edpravy"},"content":{"rendered":"<p>Everton na svojich str\u00e1nkach potvrdil tri predsez\u00f3nne z\u00e1pasy seniorsk\u00e9ho t\u00edmu mu\u017eov pred \u010fal\u0161ou sez\u00f3nou Premier League 2023\/24. V\u0161etky s\u00fa proti oponentom z ni\u017e\u0161\u00edch dom\u00e1cich ligov\u00fdch s\u00fa\u0165a\u017e\u00ed.<\/p>\n<p>Zostava EFC bude v sobotu 22. j\u00fala o 15:00 \u010deli\u0165 liverpoolskemu t\u00edmu Tranmere Rovers z League Two v Prenton Parku. S\u00fapiska bude zah\u0155\u0148a\u0165 aj hr\u00e1\u010dov do 21 rokov. O tri dni na to sa t\u00edm Seana Dycha v utorok 25. j\u00fala o 20:45 postav\u00ed proti Boltonu Wanderers. V tejto sez\u00f3ne im len o vl\u00e1sok unikol postup z League One. Po tomto priate\u013eskom stretnut\u00ed bude nasledova\u0165 o \u0161tyri dni nesk\u00f4r v\u00fdlet na \u0161tadi\u00f3n Bet365. V sobotu 29. j\u00fala o 15:00 si zmieriame sily so Stoke City, ktor\u00e9 obsadilo 16. miesto v Championship v sez\u00f3ne 2022\/23.<\/p>\n<p>Podrobnosti o vstupenk\u00e1ch a \u010fal\u0161ie inform\u00e1cie o tom, ako sa bud\u00fa vysiela\u0165 a streamova\u0165 predsez\u00f3nne z\u00e1pasy Karameliek \u2013 vr\u00e1tane ofici\u00e1lnej str\u00e1nky \u2013 bud\u00fa ozn\u00e1men\u00e9 nesk\u00f4r, ako aj \u010fal\u0161ie letn\u00e9 pr\u00edpravn\u00e9 z\u00e1pasy.<\/p>\n","protected":false},"excerpt":{"rendered":"<p>Everton na svojich str\u00e1nkach potvrdil tri predsez\u00f3nne z\u00e1pasy seniorsk\u00e9ho t\u00edmu mu\u017eov pred \u010fal\u0161ou sez\u00f3nou Premier League 2023\/24. V\u0161etky s\u00fa proti&hellip;<\/p>\n","protected":false},"author":1,"featured_media":0,"comment_status":"open","ping_status":"closed","template":"","tags":[],"news-category":[18],"yoast_head":"<!-- This site is optimized with the Yoast SEO plugin v23.4 - https:\/\/yoast.com\/wordpress\/plugins\/seo\/ -->\n<title>Rysuje sa program pr\u00edpravy - Official Czech &amp; Slovak Everton Supporters&#039; Club<\/title>\n<meta name=\"robots\" content=\"index, follow, max-snippet:-1, max-image-preview:large, max-video-preview:-1\" \/>\n<link rel=\"canonical\" href=\"https:\/\/evertonfc.cz\/index.php\/news\/rysuje-sa-program-pripravy\/\" \/>\n<meta property=\"og:locale\" content=\"cs_CZ\" \/>\n<meta property=\"og:type\" content=\"article\" \/>\n<meta property=\"og:title\" content=\"Rysuje sa program pr\u00edpravy - Official Czech &amp; Slovak Everton Supporters&#039; Club\" \/>\n<meta property=\"og:description\" content=\"Everton na svojich str\u00e1nkach potvrdil tri predsez\u00f3nne z\u00e1pasy seniorsk\u00e9ho t\u00edmu mu\u017eov pred \u010fal\u0161ou sez\u00f3nou Premier League 2023\/24. V\u0161etky s\u00fa proti&hellip;\" \/>\n<meta property=\"og:url\" content=\"https:\/\/evertonfc.cz\/index.php\/news\/rysuje-sa-program-pripravy\/\" \/>\n<meta property=\"og:site_name\" content=\"Official Czech &amp; Slovak Everton Supporters&#039; Club\" \/>\n<meta property=\"article:publisher\" content=\"https:\/\/www.facebook.com\/everton.fans.cz.sk\" \/>\n<meta name=\"twitter:card\" content=\"summary_large_image\" \/>\n<meta name=\"twitter:label1\" content=\"Odhadovan\u00e1 doba \u010dten\u00ed\" \/>\n\t<meta name=\"twitter:data1\" content=\"1 minuta\" \/>\n<script type=\"application\/ld+json\" class=\"yoast-schema-graph\">{\"@context\":\"https:\/\/schema.org\",\"@graph\":[{\"@type\":\"WebPage\",\"@id\":\"https:\/\/evertonfc.cz\/index.php\/news\/rysuje-sa-program-pripravy\/\",\"url\":\"https:\/\/evertonfc.cz\/index.php\/news\/rysuje-sa-program-pripravy\/\",\"name\":\"Rysuje sa program pr\u00edpravy - Official Czech &amp; Slovak Everton Supporters&#039; Club\",\"isPartOf\":{\"@id\":\"https:\/\/evertonfc.cz\/#website\"},\"datePublished\":\"2023-06-08T11:18:21+00:00\",\"dateModified\":\"2023-06-08T11:18:21+00:00\",\"breadcrumb\":{\"@id\":\"https:\/\/evertonfc.cz\/index.php\/news\/rysuje-sa-program-pripravy\/#breadcrumb\"},\"inLanguage\":\"cs\",\"potentialAction\":[{\"@type\":\"ReadAction\",\"target\":[\"https:\/\/evertonfc.cz\/index.php\/news\/rysuje-sa-program-pripravy\/\"]}]},{\"@type\":\"BreadcrumbList\",\"@id\":\"https:\/\/evertonfc.cz\/index.php\/news\/rysuje-sa-program-pripravy\/#breadcrumb\",\"itemListElement\":[{\"@type\":\"ListItem\",\"position\":1,\"name\":\"Home\",\"item\":\"https:\/\/evertonfc.cz\/\"},{\"@type\":\"ListItem\",\"position\":2,\"name\":\"News\",\"item\":\"https:\/\/evertonfc.cz\/index.php\/news\/\"},{\"@type\":\"ListItem\",\"position\":3,\"name\":\"Rysuje sa program pr\u00edpravy\"}]},{\"@type\":\"WebSite\",\"@id\":\"https:\/\/evertonfc.cz\/#website\",\"url\":\"https:\/\/evertonfc.cz\/\",\"name\":\"Official Czech &amp; Slovak Everton Supporters&#039; Club\",\"description\":\"\",\"publisher\":{\"@id\":\"https:\/\/evertonfc.cz\/#organization\"},\"potentialAction\":[{\"@type\":\"SearchAction\",\"target\":{\"@type\":\"EntryPoint\",\"urlTemplate\":\"https:\/\/evertonfc.cz\/?s={search_term_string}\"},\"query-input\":{\"@type\":\"PropertyValueSpecification\",\"valueRequired\":true,\"valueName\":\"search_term_string\"}}],\"inLanguage\":\"cs\"},{\"@type\":\"Organization\",\"@id\":\"https:\/\/evertonfc.cz\/#organization\",\"name\":\"Official Czech & Slovak Everton Supporters' Club\",\"url\":\"https:\/\/evertonfc.cz\/\",\"logo\":{\"@type\":\"ImageObject\",\"inLanguage\":\"cs\",\"@id\":\"https:\/\/evertonfc.cz\/#\/schema\/logo\/image\/\",\"url\":\"https:\/\/evertonfc.cz\/wp-content\/uploads\/2019\/05\/logo.png\",\"contentUrl\":\"https:\/\/evertonfc.cz\/wp-content\/uploads\/2019\/05\/logo.png\",\"width\":112,\"height\":112,\"caption\":\"Official Czech & Slovak Everton Supporters' Club\"},\"image\":{\"@id\":\"https:\/\/evertonfc.cz\/#\/schema\/logo\/image\/\"},\"sameAs\":[\"https:\/\/www.facebook.com\/everton.fans.cz.sk\"]}]}<\/script>\n<!-- \/ Yoast SEO plugin. -->","yoast_head_json":{"title":"Rysuje sa program pr\u00edpravy - Official Czech &amp; Slovak Everton Supporters&#039; Club","robots":{"index":"index","follow":"follow","max-snippet":"max-snippet:-1","max-image-preview":"max-image-preview:large","max-video-preview":"max-video-preview:-1"},"canonical":"https:\/\/evertonfc.cz\/index.php\/news\/rysuje-sa-program-pripravy\/","og_locale":"cs_CZ","og_type":"article","og_title":"Rysuje sa program pr\u00edpravy - Official Czech &amp; Slovak Everton Supporters&#039; Club","og_description":"Everton na svojich str\u00e1nkach potvrdil tri predsez\u00f3nne z\u00e1pasy seniorsk\u00e9ho t\u00edmu mu\u017eov pred \u010fal\u0161ou sez\u00f3nou Premier League 2023\/24. V\u0161etky s\u00fa proti&hellip;","og_url":"https:\/\/evertonfc.cz\/index.php\/news\/rysuje-sa-program-pripravy\/","og_site_name":"Official Czech &amp; Slovak Everton Supporters&#039; Club","article_publisher":"https:\/\/www.facebook.com\/everton.fans.cz.sk","twitter_card":"summary_large_image","twitter_misc":{"Odhadovan\u00e1 doba \u010dten\u00ed":"1 minuta"},"schema":{"@context":"https:\/\/schema.org","@graph":[{"@type":"WebPage","@id":"https:\/\/evertonfc.cz\/index.php\/news\/rysuje-sa-program-pripravy\/","url":"https:\/\/evertonfc.cz\/index.php\/news\/rysuje-sa-program-pripravy\/","name":"Rysuje sa program pr\u00edpravy - Official Czech &amp; Slovak Everton Supporters&#039; Club","isPartOf":{"@id":"https:\/\/evertonfc.cz\/#website"},"datePublished":"2023-06-08T11:18:21+00:00","dateModified":"2023-06-08T11:18:21+00:00","breadcrumb":{"@id":"https:\/\/evertonfc.cz\/index.php\/news\/rysuje-sa-program-pripravy\/#breadcrumb"},"inLanguage":"cs","potentialAction":[{"@type":"ReadAction","target":["https:\/\/evertonfc.cz\/index.php\/news\/rysuje-sa-program-pripravy\/"]}]},{"@type":"BreadcrumbList","@id":"https:\/\/evertonfc.cz\/index.php\/news\/rysuje-sa-program-pripravy\/#breadcrumb","itemListElement":[{"@type":"ListItem","position":1,"name":"Home","item":"https:\/\/evertonfc.cz\/"},{"@type":"ListItem","position":2,"name":"News","item":"https:\/\/evertonfc.cz\/index.php\/news\/"},{"@type":"ListItem","position":3,"name":"Rysuje sa program pr\u00edpravy"}]},{"@type":"WebSite","@id":"https:\/\/evertonfc.cz\/#website","url":"https:\/\/evertonfc.cz\/","name":"Official Czech &amp; Slovak Everton Supporters&#039; Club","description":"","publisher":{"@id":"https:\/\/evertonfc.cz\/#organization"},"potentialAction":[{"@type":"SearchAction","target":{"@type":"EntryPoint","urlTemplate":"https:\/\/evertonfc.cz\/?s={search_term_string}"},"query-input":{"@type":"PropertyValueSpecification","valueRequired":true,"valueName":"search_term_string"}}],"inLanguage":"cs"},{"@type":"Organization","@id":"https:\/\/evertonfc.cz\/#organization","name":"Official Czech & Slovak Everton Supporters' Club","url":"https:\/\/evertonfc.cz\/","logo":{"@type":"ImageObject","inLanguage":"cs","@id":"https:\/\/evertonfc.cz\/#\/schema\/logo\/image\/","url":"https:\/\/evertonfc.cz\/wp-content\/uploads\/2019\/05\/logo.png","contentUrl":"https:\/\/evertonfc.cz\/wp-content\/uploads\/2019\/05\/logo.png","width":112,"height":112,"caption":"Official Czech & Slovak Everton Supporters' Club"},"image":{"@id":"https:\/\/evertonfc.cz\/#\/schema\/logo\/image\/"},"sameAs":["https:\/\/www.facebook.com\/everton.fans.cz.sk"]}]}},"_links":{"self":[{"href":"https:\/\/evertonfc.cz\/index.php\/wp-json\/wp\/v2\/news\/21800"}],"collection":[{"href":"https:\/\/evertonfc.cz\/index.php\/wp-json\/wp\/v2\/news"}],"about":[{"href":"https:\/\/evertonfc.cz\/index.php\/wp-json\/wp\/v2\/types\/news"}],"author":[{"embeddable":true,"href":"https:\/\/evertonfc.cz\/index.php\/wp-json\/wp\/v2\/users\/1"}],"replies":[{"embeddable":true,"href":"https:\/\/evertonfc.cz\/index.php\/wp-json\/wp\/v2\/comments?post=21800"}],"version-history":[{"count":4,"href":"https:\/\/evertonfc.cz\/index.php\/wp-json\/wp\/v2\/news\/21800\/revisions"}],"predecessor-version":[{"id":21804,"href":"https:\/\/evertonfc.cz\/index.php\/wp-json\/wp\/v2\/news\/21800\/revisions\/21804"}],"wp:attachment":[{"href":"https:\/\/evertonfc.cz\/index.php\/wp-json\/wp\/v2\/media?parent=21800"}],"wp:term":[{"taxonomy":"post_tag","embeddable":true,"href":"https:\/\/evertonfc.cz\/index.php\/wp-json\/wp\/v2\/tags?post=21800"},{"taxonomy":"news-category","embeddable":true,"href":"https:\/\/evertonfc.cz\/index.php\/wp-json\/wp\/v2\/news-category?post=21800"}],"curies":[{"name":"wp","href":"https:\/\/api.w.org\/{rel}","templated":true}]}}