{"id":21841,"date":"2023-06-16T15:02:45","date_gmt":"2023-06-16T13:02:45","guid":{"rendered":"https:\/\/evertonfc.cz\/?post_type=news&#038;p=21841"},"modified":"2023-06-16T15:02:45","modified_gmt":"2023-06-16T13:02:45","slug":"priprava-kompletna","status":"publish","type":"news","link":"https:\/\/evertonfc.cz\/index.php\/news\/priprava-kompletna\/","title":{"rendered":"Pr\u00edprava kompletn\u00e1"},"content":{"rendered":"<p>Everton zav\u0155\u0161i svoju letn\u00fa pr\u00edpravu na nov\u00fa ligov\u00fa sez\u00f3nu 2023\/24 priate\u013esk\u00fdm z\u00e1pasom proti portugalsk\u00e9mu gigantovi Sporting Clube de Portugal. T\u00edm z Lisabonu zav\u00edta na Goodison Park v sobotu 5. augusta o 16:00. To je len 7 dn\u00ed pred \u00favodn\u00fdm dom\u00e1cim stretnut\u00edm s Fulhamom, ako ur\u010dil <a href=\"https:\/\/evertonfc.cz\/index.php\/news\/premier-league-2023-24-rozlosovana\/\">v\u010deraj\u0161\u00ed \u017ereb Premier League<\/a>. Ten vedie Marco Silva, zhodou okolnost\u00ed b\u00fdval\u00fd tr\u00e9ner Sportingu aj Evertonu. Mu\u017estvo R\u00fabena Amorima skon\u010dilo v sez\u00f3ne 2022\/23 portugalskej Primeira Ligy \u0161tvrt\u00e9, a dostalo sa aj do \u0161tvr\u0165fin\u00e1le Eur\u00f3pskej ligy.<\/p>\n<p>Medzit\u00fdm v\u0161ak pribudol \u010fal\u0161\u00ed z\u00e1pas, a to v rovnak\u00fd de\u0148 a \u010das (22. j\u00fal, 15:00) ako u\u017e <a href=\"https:\/\/evertonfc.cz\/index.php\/news\/rysuje-sa-program-pripravy\/\">predt\u00fdm ozn\u00e1men\u00fd z\u00e1pas v Prenton Parku proti Tranmere Rovers<\/a>. Ten by mal obsahova\u0165 zmie\u0161an\u00fd t\u00edm z najm\u00e4 hr\u00e1\u010dov druh\u00e9ho sledu a U21. A-t\u00edm na malom v\u00fdlete paralelne nast\u00fapi proti v probl\u00e9moch zmietaj\u00facemu sa Wiganu Athletic z League One.<\/p>\n","protected":false},"excerpt":{"rendered":"<p>Everton zav\u0155\u0161i svoju letn\u00fa pr\u00edpravu na nov\u00fa ligov\u00fa sez\u00f3nu 2023\/24 priate\u013esk\u00fdm z\u00e1pasom proti portugalsk\u00e9mu gigantovi Sporting Clube de Portugal. T\u00edm&hellip;<\/p>\n","protected":false},"author":1,"featured_media":0,"comment_status":"open","ping_status":"closed","template":"","tags":[],"news-category":[18],"yoast_head":"<!-- This site is optimized with the Yoast SEO plugin v23.4 - https:\/\/yoast.com\/wordpress\/plugins\/seo\/ -->\n<title>Pr\u00edprava kompletn\u00e1 - Official Czech &amp; Slovak Everton Supporters&#039; Club<\/title>\n<meta name=\"robots\" content=\"index, follow, max-snippet:-1, max-image-preview:large, max-video-preview:-1\" \/>\n<link rel=\"canonical\" href=\"https:\/\/evertonfc.cz\/index.php\/news\/priprava-kompletna\/\" \/>\n<meta property=\"og:locale\" content=\"cs_CZ\" \/>\n<meta property=\"og:type\" content=\"article\" \/>\n<meta property=\"og:title\" content=\"Pr\u00edprava kompletn\u00e1 - Official Czech &amp; Slovak Everton Supporters&#039; Club\" \/>\n<meta property=\"og:description\" content=\"Everton zav\u0155\u0161i svoju letn\u00fa pr\u00edpravu na nov\u00fa ligov\u00fa sez\u00f3nu 2023\/24 priate\u013esk\u00fdm z\u00e1pasom proti portugalsk\u00e9mu gigantovi Sporting Clube de Portugal. T\u00edm&hellip;\" \/>\n<meta property=\"og:url\" content=\"https:\/\/evertonfc.cz\/index.php\/news\/priprava-kompletna\/\" \/>\n<meta property=\"og:site_name\" content=\"Official Czech &amp; Slovak Everton Supporters&#039; Club\" \/>\n<meta property=\"article:publisher\" content=\"https:\/\/www.facebook.com\/everton.fans.cz.sk\" \/>\n<meta name=\"twitter:card\" content=\"summary_large_image\" \/>\n<meta name=\"twitter:label1\" content=\"Odhadovan\u00e1 doba \u010dten\u00ed\" \/>\n\t<meta name=\"twitter:data1\" content=\"1 minuta\" \/>\n<script type=\"application\/ld+json\" class=\"yoast-schema-graph\">{\"@context\":\"https:\/\/schema.org\",\"@graph\":[{\"@type\":\"WebPage\",\"@id\":\"https:\/\/evertonfc.cz\/index.php\/news\/priprava-kompletna\/\",\"url\":\"https:\/\/evertonfc.cz\/index.php\/news\/priprava-kompletna\/\",\"name\":\"Pr\u00edprava kompletn\u00e1 - Official Czech &amp; Slovak Everton Supporters&#039; Club\",\"isPartOf\":{\"@id\":\"https:\/\/evertonfc.cz\/#website\"},\"datePublished\":\"2023-06-16T13:02:45+00:00\",\"dateModified\":\"2023-06-16T13:02:45+00:00\",\"breadcrumb\":{\"@id\":\"https:\/\/evertonfc.cz\/index.php\/news\/priprava-kompletna\/#breadcrumb\"},\"inLanguage\":\"cs\",\"potentialAction\":[{\"@type\":\"ReadAction\",\"target\":[\"https:\/\/evertonfc.cz\/index.php\/news\/priprava-kompletna\/\"]}]},{\"@type\":\"BreadcrumbList\",\"@id\":\"https:\/\/evertonfc.cz\/index.php\/news\/priprava-kompletna\/#breadcrumb\",\"itemListElement\":[{\"@type\":\"ListItem\",\"position\":1,\"name\":\"Home\",\"item\":\"https:\/\/evertonfc.cz\/\"},{\"@type\":\"ListItem\",\"position\":2,\"name\":\"News\",\"item\":\"https:\/\/evertonfc.cz\/index.php\/news\/\"},{\"@type\":\"ListItem\",\"position\":3,\"name\":\"Pr\u00edprava kompletn\u00e1\"}]},{\"@type\":\"WebSite\",\"@id\":\"https:\/\/evertonfc.cz\/#website\",\"url\":\"https:\/\/evertonfc.cz\/\",\"name\":\"Official Czech &amp; Slovak Everton Supporters&#039; Club\",\"description\":\"\",\"publisher\":{\"@id\":\"https:\/\/evertonfc.cz\/#organization\"},\"potentialAction\":[{\"@type\":\"SearchAction\",\"target\":{\"@type\":\"EntryPoint\",\"urlTemplate\":\"https:\/\/evertonfc.cz\/?s={search_term_string}\"},\"query-input\":{\"@type\":\"PropertyValueSpecification\",\"valueRequired\":true,\"valueName\":\"search_term_string\"}}],\"inLanguage\":\"cs\"},{\"@type\":\"Organization\",\"@id\":\"https:\/\/evertonfc.cz\/#organization\",\"name\":\"Official Czech & Slovak Everton Supporters' Club\",\"url\":\"https:\/\/evertonfc.cz\/\",\"logo\":{\"@type\":\"ImageObject\",\"inLanguage\":\"cs\",\"@id\":\"https:\/\/evertonfc.cz\/#\/schema\/logo\/image\/\",\"url\":\"https:\/\/evertonfc.cz\/wp-content\/uploads\/2019\/05\/logo.png\",\"contentUrl\":\"https:\/\/evertonfc.cz\/wp-content\/uploads\/2019\/05\/logo.png\",\"width\":112,\"height\":112,\"caption\":\"Official Czech & Slovak Everton Supporters' Club\"},\"image\":{\"@id\":\"https:\/\/evertonfc.cz\/#\/schema\/logo\/image\/\"},\"sameAs\":[\"https:\/\/www.facebook.com\/everton.fans.cz.sk\"]}]}<\/script>\n<!-- \/ Yoast SEO plugin. -->","yoast_head_json":{"title":"Pr\u00edprava kompletn\u00e1 - Official Czech &amp; Slovak Everton Supporters&#039; Club","robots":{"index":"index","follow":"follow","max-snippet":"max-snippet:-1","max-image-preview":"max-image-preview:large","max-video-preview":"max-video-preview:-1"},"canonical":"https:\/\/evertonfc.cz\/index.php\/news\/priprava-kompletna\/","og_locale":"cs_CZ","og_type":"article","og_title":"Pr\u00edprava kompletn\u00e1 - Official Czech &amp; Slovak Everton Supporters&#039; Club","og_description":"Everton zav\u0155\u0161i svoju letn\u00fa pr\u00edpravu na nov\u00fa ligov\u00fa sez\u00f3nu 2023\/24 priate\u013esk\u00fdm z\u00e1pasom proti portugalsk\u00e9mu gigantovi Sporting Clube de Portugal. T\u00edm&hellip;","og_url":"https:\/\/evertonfc.cz\/index.php\/news\/priprava-kompletna\/","og_site_name":"Official Czech &amp; Slovak Everton Supporters&#039; Club","article_publisher":"https:\/\/www.facebook.com\/everton.fans.cz.sk","twitter_card":"summary_large_image","twitter_misc":{"Odhadovan\u00e1 doba \u010dten\u00ed":"1 minuta"},"schema":{"@context":"https:\/\/schema.org","@graph":[{"@type":"WebPage","@id":"https:\/\/evertonfc.cz\/index.php\/news\/priprava-kompletna\/","url":"https:\/\/evertonfc.cz\/index.php\/news\/priprava-kompletna\/","name":"Pr\u00edprava kompletn\u00e1 - Official Czech &amp; Slovak Everton Supporters&#039; Club","isPartOf":{"@id":"https:\/\/evertonfc.cz\/#website"},"datePublished":"2023-06-16T13:02:45+00:00","dateModified":"2023-06-16T13:02:45+00:00","breadcrumb":{"@id":"https:\/\/evertonfc.cz\/index.php\/news\/priprava-kompletna\/#breadcrumb"},"inLanguage":"cs","potentialAction":[{"@type":"ReadAction","target":["https:\/\/evertonfc.cz\/index.php\/news\/priprava-kompletna\/"]}]},{"@type":"BreadcrumbList","@id":"https:\/\/evertonfc.cz\/index.php\/news\/priprava-kompletna\/#breadcrumb","itemListElement":[{"@type":"ListItem","position":1,"name":"Home","item":"https:\/\/evertonfc.cz\/"},{"@type":"ListItem","position":2,"name":"News","item":"https:\/\/evertonfc.cz\/index.php\/news\/"},{"@type":"ListItem","position":3,"name":"Pr\u00edprava kompletn\u00e1"}]},{"@type":"WebSite","@id":"https:\/\/evertonfc.cz\/#website","url":"https:\/\/evertonfc.cz\/","name":"Official Czech &amp; Slovak Everton Supporters&#039; Club","description":"","publisher":{"@id":"https:\/\/evertonfc.cz\/#organization"},"potentialAction":[{"@type":"SearchAction","target":{"@type":"EntryPoint","urlTemplate":"https:\/\/evertonfc.cz\/?s={search_term_string}"},"query-input":{"@type":"PropertyValueSpecification","valueRequired":true,"valueName":"search_term_string"}}],"inLanguage":"cs"},{"@type":"Organization","@id":"https:\/\/evertonfc.cz\/#organization","name":"Official Czech & Slovak Everton Supporters' Club","url":"https:\/\/evertonfc.cz\/","logo":{"@type":"ImageObject","inLanguage":"cs","@id":"https:\/\/evertonfc.cz\/#\/schema\/logo\/image\/","url":"https:\/\/evertonfc.cz\/wp-content\/uploads\/2019\/05\/logo.png","contentUrl":"https:\/\/evertonfc.cz\/wp-content\/uploads\/2019\/05\/logo.png","width":112,"height":112,"caption":"Official Czech & Slovak Everton Supporters' Club"},"image":{"@id":"https:\/\/evertonfc.cz\/#\/schema\/logo\/image\/"},"sameAs":["https:\/\/www.facebook.com\/everton.fans.cz.sk"]}]}},"_links":{"self":[{"href":"https:\/\/evertonfc.cz\/index.php\/wp-json\/wp\/v2\/news\/21841"}],"collection":[{"href":"https:\/\/evertonfc.cz\/index.php\/wp-json\/wp\/v2\/news"}],"about":[{"href":"https:\/\/evertonfc.cz\/index.php\/wp-json\/wp\/v2\/types\/news"}],"author":[{"embeddable":true,"href":"https:\/\/evertonfc.cz\/index.php\/wp-json\/wp\/v2\/users\/1"}],"replies":[{"embeddable":true,"href":"https:\/\/evertonfc.cz\/index.php\/wp-json\/wp\/v2\/comments?post=21841"}],"version-history":[{"count":3,"href":"https:\/\/evertonfc.cz\/index.php\/wp-json\/wp\/v2\/news\/21841\/revisions"}],"predecessor-version":[{"id":21844,"href":"https:\/\/evertonfc.cz\/index.php\/wp-json\/wp\/v2\/news\/21841\/revisions\/21844"}],"wp:attachment":[{"href":"https:\/\/evertonfc.cz\/index.php\/wp-json\/wp\/v2\/media?parent=21841"}],"wp:term":[{"taxonomy":"post_tag","embeddable":true,"href":"https:\/\/evertonfc.cz\/index.php\/wp-json\/wp\/v2\/tags?post=21841"},{"taxonomy":"news-category","embeddable":true,"href":"https:\/\/evertonfc.cz\/index.php\/wp-json\/wp\/v2\/news-category?post=21841"}],"curies":[{"name":"wp","href":"https:\/\/api.w.org\/{rel}","templated":true}]}}