{"id":21887,"date":"2023-06-28T22:20:24","date_gmt":"2023-06-28T20:20:24","guid":{"rendered":"https:\/\/evertonfc.cz\/?post_type=news&#038;p=21887"},"modified":"2023-06-28T22:20:24","modified_gmt":"2023-06-28T20:20:24","slug":"tyrer-jde-opet-hostovat","status":"publish","type":"news","link":"https:\/\/evertonfc.cz\/index.php\/news\/tyrer-jde-opet-hostovat\/","title":{"rendered":"Tyrer jde op\u011bt hostovat"},"content":{"rendered":"<p>21let\u00fd brank\u00e1\u0159 Harry Tyrer loni \u00fasp\u011b\u0161n\u011b hostoval v \u0161est\u00e9 lize v barv\u00e1ch Chesteru, za n\u011bho\u017e odchytal 55 z\u00e1pas\u016f a udr\u017eel 21 \u010dist\u00fdch kont.<\/p>\n<p>Odchovanec Evertonu bude v nadch\u00e1zej\u00edc\u00edm ro\u010dn\u00edku 2023\/24 pokra\u010dovat ve sv\u00e9m progresu na hostov\u00e1n\u00ed Chesterfieldu, kter\u00e9mu v lo\u0148sk\u00e9 sez\u00f3n\u011b utekl postup do \u010dtvrt\u00e9 ligy a\u017e ve fin\u00e1le play-off, je\u017e prohr\u00e1l po pokutov\u00fdch kopech.<\/p>\n","protected":false},"excerpt":{"rendered":"<p>21let\u00fd brank\u00e1\u0159 Harry Tyrer loni \u00fasp\u011b\u0161n\u011b hostoval v \u0161est\u00e9 lize v barv\u00e1ch Chesteru, za n\u011bho\u017e odchytal 55 z\u00e1pas\u016f a udr\u017eel&hellip;<\/p>\n","protected":false},"author":6,"featured_media":0,"comment_status":"open","ping_status":"closed","template":"","tags":[],"news-category":[18],"yoast_head":"<!-- This site is optimized with the Yoast SEO plugin v23.4 - https:\/\/yoast.com\/wordpress\/plugins\/seo\/ -->\n<title>Tyrer jde op\u011bt hostovat - Official Czech &amp; Slovak Everton Supporters&#039; Club<\/title>\n<meta name=\"robots\" content=\"index, follow, max-snippet:-1, max-image-preview:large, max-video-preview:-1\" \/>\n<link rel=\"canonical\" href=\"https:\/\/evertonfc.cz\/index.php\/news\/tyrer-jde-opet-hostovat\/\" \/>\n<meta property=\"og:locale\" content=\"cs_CZ\" \/>\n<meta property=\"og:type\" content=\"article\" \/>\n<meta property=\"og:title\" content=\"Tyrer jde op\u011bt hostovat - Official Czech &amp; Slovak Everton Supporters&#039; Club\" \/>\n<meta property=\"og:description\" content=\"21let\u00fd brank\u00e1\u0159 Harry Tyrer loni \u00fasp\u011b\u0161n\u011b hostoval v \u0161est\u00e9 lize v barv\u00e1ch Chesteru, za n\u011bho\u017e odchytal 55 z\u00e1pas\u016f a udr\u017eel&hellip;\" \/>\n<meta property=\"og:url\" content=\"https:\/\/evertonfc.cz\/index.php\/news\/tyrer-jde-opet-hostovat\/\" \/>\n<meta property=\"og:site_name\" content=\"Official Czech &amp; Slovak Everton Supporters&#039; Club\" \/>\n<meta property=\"article:publisher\" content=\"https:\/\/www.facebook.com\/everton.fans.cz.sk\" \/>\n<meta name=\"twitter:card\" content=\"summary_large_image\" \/>\n<meta name=\"twitter:label1\" content=\"Odhadovan\u00e1 doba \u010dten\u00ed\" \/>\n\t<meta name=\"twitter:data1\" content=\"1 minuta\" \/>\n<script type=\"application\/ld+json\" class=\"yoast-schema-graph\">{\"@context\":\"https:\/\/schema.org\",\"@graph\":[{\"@type\":\"WebPage\",\"@id\":\"https:\/\/evertonfc.cz\/index.php\/news\/tyrer-jde-opet-hostovat\/\",\"url\":\"https:\/\/evertonfc.cz\/index.php\/news\/tyrer-jde-opet-hostovat\/\",\"name\":\"Tyrer jde op\u011bt hostovat - Official Czech &amp; Slovak Everton Supporters&#039; Club\",\"isPartOf\":{\"@id\":\"https:\/\/evertonfc.cz\/#website\"},\"datePublished\":\"2023-06-28T20:20:24+00:00\",\"dateModified\":\"2023-06-28T20:20:24+00:00\",\"breadcrumb\":{\"@id\":\"https:\/\/evertonfc.cz\/index.php\/news\/tyrer-jde-opet-hostovat\/#breadcrumb\"},\"inLanguage\":\"cs\",\"potentialAction\":[{\"@type\":\"ReadAction\",\"target\":[\"https:\/\/evertonfc.cz\/index.php\/news\/tyrer-jde-opet-hostovat\/\"]}]},{\"@type\":\"BreadcrumbList\",\"@id\":\"https:\/\/evertonfc.cz\/index.php\/news\/tyrer-jde-opet-hostovat\/#breadcrumb\",\"itemListElement\":[{\"@type\":\"ListItem\",\"position\":1,\"name\":\"Home\",\"item\":\"https:\/\/evertonfc.cz\/\"},{\"@type\":\"ListItem\",\"position\":2,\"name\":\"News\",\"item\":\"https:\/\/evertonfc.cz\/index.php\/news\/\"},{\"@type\":\"ListItem\",\"position\":3,\"name\":\"Tyrer jde op\u011bt hostovat\"}]},{\"@type\":\"WebSite\",\"@id\":\"https:\/\/evertonfc.cz\/#website\",\"url\":\"https:\/\/evertonfc.cz\/\",\"name\":\"Official Czech &amp; Slovak Everton Supporters&#039; Club\",\"description\":\"\",\"publisher\":{\"@id\":\"https:\/\/evertonfc.cz\/#organization\"},\"potentialAction\":[{\"@type\":\"SearchAction\",\"target\":{\"@type\":\"EntryPoint\",\"urlTemplate\":\"https:\/\/evertonfc.cz\/?s={search_term_string}\"},\"query-input\":{\"@type\":\"PropertyValueSpecification\",\"valueRequired\":true,\"valueName\":\"search_term_string\"}}],\"inLanguage\":\"cs\"},{\"@type\":\"Organization\",\"@id\":\"https:\/\/evertonfc.cz\/#organization\",\"name\":\"Official Czech & Slovak Everton Supporters' Club\",\"url\":\"https:\/\/evertonfc.cz\/\",\"logo\":{\"@type\":\"ImageObject\",\"inLanguage\":\"cs\",\"@id\":\"https:\/\/evertonfc.cz\/#\/schema\/logo\/image\/\",\"url\":\"https:\/\/evertonfc.cz\/wp-content\/uploads\/2019\/05\/logo.png\",\"contentUrl\":\"https:\/\/evertonfc.cz\/wp-content\/uploads\/2019\/05\/logo.png\",\"width\":112,\"height\":112,\"caption\":\"Official Czech & Slovak Everton Supporters' Club\"},\"image\":{\"@id\":\"https:\/\/evertonfc.cz\/#\/schema\/logo\/image\/\"},\"sameAs\":[\"https:\/\/www.facebook.com\/everton.fans.cz.sk\"]}]}<\/script>\n<!-- \/ Yoast SEO plugin. -->","yoast_head_json":{"title":"Tyrer jde op\u011bt hostovat - Official Czech &amp; Slovak Everton Supporters&#039; Club","robots":{"index":"index","follow":"follow","max-snippet":"max-snippet:-1","max-image-preview":"max-image-preview:large","max-video-preview":"max-video-preview:-1"},"canonical":"https:\/\/evertonfc.cz\/index.php\/news\/tyrer-jde-opet-hostovat\/","og_locale":"cs_CZ","og_type":"article","og_title":"Tyrer jde op\u011bt hostovat - Official Czech &amp; Slovak Everton Supporters&#039; Club","og_description":"21let\u00fd brank\u00e1\u0159 Harry Tyrer loni \u00fasp\u011b\u0161n\u011b hostoval v \u0161est\u00e9 lize v barv\u00e1ch Chesteru, za n\u011bho\u017e odchytal 55 z\u00e1pas\u016f a udr\u017eel&hellip;","og_url":"https:\/\/evertonfc.cz\/index.php\/news\/tyrer-jde-opet-hostovat\/","og_site_name":"Official Czech &amp; Slovak Everton Supporters&#039; Club","article_publisher":"https:\/\/www.facebook.com\/everton.fans.cz.sk","twitter_card":"summary_large_image","twitter_misc":{"Odhadovan\u00e1 doba \u010dten\u00ed":"1 minuta"},"schema":{"@context":"https:\/\/schema.org","@graph":[{"@type":"WebPage","@id":"https:\/\/evertonfc.cz\/index.php\/news\/tyrer-jde-opet-hostovat\/","url":"https:\/\/evertonfc.cz\/index.php\/news\/tyrer-jde-opet-hostovat\/","name":"Tyrer jde op\u011bt hostovat - Official Czech &amp; Slovak Everton Supporters&#039; Club","isPartOf":{"@id":"https:\/\/evertonfc.cz\/#website"},"datePublished":"2023-06-28T20:20:24+00:00","dateModified":"2023-06-28T20:20:24+00:00","breadcrumb":{"@id":"https:\/\/evertonfc.cz\/index.php\/news\/tyrer-jde-opet-hostovat\/#breadcrumb"},"inLanguage":"cs","potentialAction":[{"@type":"ReadAction","target":["https:\/\/evertonfc.cz\/index.php\/news\/tyrer-jde-opet-hostovat\/"]}]},{"@type":"BreadcrumbList","@id":"https:\/\/evertonfc.cz\/index.php\/news\/tyrer-jde-opet-hostovat\/#breadcrumb","itemListElement":[{"@type":"ListItem","position":1,"name":"Home","item":"https:\/\/evertonfc.cz\/"},{"@type":"ListItem","position":2,"name":"News","item":"https:\/\/evertonfc.cz\/index.php\/news\/"},{"@type":"ListItem","position":3,"name":"Tyrer jde op\u011bt hostovat"}]},{"@type":"WebSite","@id":"https:\/\/evertonfc.cz\/#website","url":"https:\/\/evertonfc.cz\/","name":"Official Czech &amp; Slovak Everton Supporters&#039; Club","description":"","publisher":{"@id":"https:\/\/evertonfc.cz\/#organization"},"potentialAction":[{"@type":"SearchAction","target":{"@type":"EntryPoint","urlTemplate":"https:\/\/evertonfc.cz\/?s={search_term_string}"},"query-input":{"@type":"PropertyValueSpecification","valueRequired":true,"valueName":"search_term_string"}}],"inLanguage":"cs"},{"@type":"Organization","@id":"https:\/\/evertonfc.cz\/#organization","name":"Official Czech & Slovak Everton Supporters' Club","url":"https:\/\/evertonfc.cz\/","logo":{"@type":"ImageObject","inLanguage":"cs","@id":"https:\/\/evertonfc.cz\/#\/schema\/logo\/image\/","url":"https:\/\/evertonfc.cz\/wp-content\/uploads\/2019\/05\/logo.png","contentUrl":"https:\/\/evertonfc.cz\/wp-content\/uploads\/2019\/05\/logo.png","width":112,"height":112,"caption":"Official Czech & Slovak Everton Supporters' Club"},"image":{"@id":"https:\/\/evertonfc.cz\/#\/schema\/logo\/image\/"},"sameAs":["https:\/\/www.facebook.com\/everton.fans.cz.sk"]}]}},"_links":{"self":[{"href":"https:\/\/evertonfc.cz\/index.php\/wp-json\/wp\/v2\/news\/21887"}],"collection":[{"href":"https:\/\/evertonfc.cz\/index.php\/wp-json\/wp\/v2\/news"}],"about":[{"href":"https:\/\/evertonfc.cz\/index.php\/wp-json\/wp\/v2\/types\/news"}],"author":[{"embeddable":true,"href":"https:\/\/evertonfc.cz\/index.php\/wp-json\/wp\/v2\/users\/6"}],"replies":[{"embeddable":true,"href":"https:\/\/evertonfc.cz\/index.php\/wp-json\/wp\/v2\/comments?post=21887"}],"version-history":[{"count":1,"href":"https:\/\/evertonfc.cz\/index.php\/wp-json\/wp\/v2\/news\/21887\/revisions"}],"predecessor-version":[{"id":21888,"href":"https:\/\/evertonfc.cz\/index.php\/wp-json\/wp\/v2\/news\/21887\/revisions\/21888"}],"wp:attachment":[{"href":"https:\/\/evertonfc.cz\/index.php\/wp-json\/wp\/v2\/media?parent=21887"}],"wp:term":[{"taxonomy":"post_tag","embeddable":true,"href":"https:\/\/evertonfc.cz\/index.php\/wp-json\/wp\/v2\/tags?post=21887"},{"taxonomy":"news-category","embeddable":true,"href":"https:\/\/evertonfc.cz\/index.php\/wp-json\/wp\/v2\/news-category?post=21887"}],"curies":[{"name":"wp","href":"https:\/\/api.w.org\/{rel}","templated":true}]}}