{"id":21900,"date":"2023-06-30T14:04:45","date_gmt":"2023-06-30T12:04:45","guid":{"rendered":"https:\/\/evertonfc.cz\/?post_type=news&#038;p=21900"},"modified":"2023-06-30T14:04:45","modified_gmt":"2023-06-30T12:04:45","slug":"coleman-predlzil-zmluvu","status":"publish","type":"news","link":"https:\/\/evertonfc.cz\/index.php\/news\/coleman-predlzil-zmluvu\/","title":{"rendered":"Coleman pred\u013a\u017eil zmluvu"},"content":{"rendered":"<p>\u00cdrsky kapit\u00e1n Karameliek Seamus Coleman po vypr\u0161an\u00ed doteraj\u0161ieho kontraktu podp\u00edsal pon\u00faknut\u00e9 pred\u013a\u017eenie zmluvy o\u00a0jeden rok. V\u00a0modrom drese tak odohr\u00e1 aj 15. sez\u00f3nu, a\u00a0mo\u017eno privedie svoj t\u00edm aj na nov\u00fd \u0161tadi\u00f3n.<\/p>\n<p>34-ro\u010dn\u00fd prav\u00fd obranca, ktor\u00fd pri\u0161iel do Evertonu zo Sligo Rovers v janu\u00e1ri 2009 za 60 000 libier, odohral za klub 409 z\u00e1pasov, \u010do ho zatia\u013e rad\u00ed na 17. miesto v historickom zozname The Toffees. Coleman je tie\u017e najdlh\u0161ie sl\u00fa\u017eiacim s\u00fa\u010dasn\u00fdm hr\u00e1\u010dom EFC v Premier League. Je len tri z\u00e1pasy od toho, aby prekonal Tima Howarda (354).<\/p>\n<h4><strong>Coleman po podpise zmluvy:<\/strong><\/h4>\n<blockquote><p><span style=\"font-size: 12pt;\"><em>\u201eR\u00e1d by som aj na\u010falej pom\u00e1hal svojim spoluhr\u00e1\u010dom ak\u00fdmko\u013evek sp\u00f4sobom a z\u00e1rove\u0148 odovzd\u00e1val svoje sk\u00fasenosti mlad\u0161\u00edm chalanom a prispieval \u010do najviac na ihrisku. Vieme, \u017ee posledn\u00fdch p\u00e1r sez\u00f3n nebolo pre Everton dos\u0165 dobr\u00fdch. M\u00f4\u017eem v\u0161ak ubezpe\u010di\u0165 na\u0161ich fan\u00fa\u0161ikov, \u017ee aj na\u010falej urob\u00edm v\u0161etko pre to, aby som to napravil. A pod veden\u00edm mana\u017e\u00e9ra a jeho person\u00e1lu bud\u00fa na\u0161i hr\u00e1\u010di vedie\u0165, \u010do sa od nich o\u010dak\u00e1va v nasleduj\u00facej sez\u00f3ne.\u201c<\/em><\/span><\/p><\/blockquote>\n<p>Coleman hr\u00e1val pravidelne po tom, \u010do Dyche prevzal mana\u017e\u00e9rske opraty v Evertone v druhej polovici sez\u00f3ny 2022\/23. Ale zranenie vn\u00fatorn\u00e9ho postrann\u00e9ho v\u00e4zu v kolene, ktor\u00e9 utrpel za\u010diatkom m\u00e1ja proti Leicesteru City, preru\u0161ilo sez\u00f3nu reprezentanta a kapit\u00e1na \u00cdrska priskoro. Seamus sa bud\u00faci t\u00fd\u017ede\u0148 vr\u00e1ti na Finch Farm spolu so svojimi spoluhr\u00e1\u010dmi, aby pokra\u010doval v zotavovan\u00ed sa zo zranenia.<\/p>\n","protected":false},"excerpt":{"rendered":"<p>\u00cdrsky kapit\u00e1n Karameliek Seamus Coleman po vypr\u0161an\u00ed doteraj\u0161ieho kontraktu podp\u00edsal pon\u00faknut\u00e9 pred\u013a\u017eenie zmluvy o\u00a0jeden rok. V\u00a0modrom drese tak odohr\u00e1 aj&hellip;<\/p>\n","protected":false},"author":1,"featured_media":0,"comment_status":"open","ping_status":"closed","template":"","tags":[],"news-category":[18],"yoast_head":"<!-- This site is optimized with the Yoast SEO plugin v23.4 - https:\/\/yoast.com\/wordpress\/plugins\/seo\/ -->\n<title>Coleman pred\u013a\u017eil zmluvu - Official Czech &amp; Slovak Everton Supporters&#039; Club<\/title>\n<meta name=\"robots\" content=\"index, follow, max-snippet:-1, max-image-preview:large, max-video-preview:-1\" \/>\n<link rel=\"canonical\" href=\"https:\/\/evertonfc.cz\/index.php\/news\/coleman-predlzil-zmluvu\/\" \/>\n<meta property=\"og:locale\" content=\"cs_CZ\" \/>\n<meta property=\"og:type\" content=\"article\" \/>\n<meta property=\"og:title\" content=\"Coleman pred\u013a\u017eil zmluvu - Official Czech &amp; Slovak Everton Supporters&#039; Club\" \/>\n<meta property=\"og:description\" content=\"\u00cdrsky kapit\u00e1n Karameliek Seamus Coleman po vypr\u0161an\u00ed doteraj\u0161ieho kontraktu podp\u00edsal pon\u00faknut\u00e9 pred\u013a\u017eenie zmluvy o\u00a0jeden rok. V\u00a0modrom drese tak odohr\u00e1 aj&hellip;\" \/>\n<meta property=\"og:url\" content=\"https:\/\/evertonfc.cz\/index.php\/news\/coleman-predlzil-zmluvu\/\" \/>\n<meta property=\"og:site_name\" content=\"Official Czech &amp; Slovak Everton Supporters&#039; Club\" \/>\n<meta property=\"article:publisher\" content=\"https:\/\/www.facebook.com\/everton.fans.cz.sk\" \/>\n<meta name=\"twitter:card\" content=\"summary_large_image\" \/>\n<meta name=\"twitter:label1\" content=\"Odhadovan\u00e1 doba \u010dten\u00ed\" \/>\n\t<meta name=\"twitter:data1\" content=\"2 minuty\" \/>\n<script type=\"application\/ld+json\" class=\"yoast-schema-graph\">{\"@context\":\"https:\/\/schema.org\",\"@graph\":[{\"@type\":\"WebPage\",\"@id\":\"https:\/\/evertonfc.cz\/index.php\/news\/coleman-predlzil-zmluvu\/\",\"url\":\"https:\/\/evertonfc.cz\/index.php\/news\/coleman-predlzil-zmluvu\/\",\"name\":\"Coleman pred\u013a\u017eil zmluvu - Official Czech &amp; Slovak Everton Supporters&#039; Club\",\"isPartOf\":{\"@id\":\"https:\/\/evertonfc.cz\/#website\"},\"datePublished\":\"2023-06-30T12:04:45+00:00\",\"dateModified\":\"2023-06-30T12:04:45+00:00\",\"breadcrumb\":{\"@id\":\"https:\/\/evertonfc.cz\/index.php\/news\/coleman-predlzil-zmluvu\/#breadcrumb\"},\"inLanguage\":\"cs\",\"potentialAction\":[{\"@type\":\"ReadAction\",\"target\":[\"https:\/\/evertonfc.cz\/index.php\/news\/coleman-predlzil-zmluvu\/\"]}]},{\"@type\":\"BreadcrumbList\",\"@id\":\"https:\/\/evertonfc.cz\/index.php\/news\/coleman-predlzil-zmluvu\/#breadcrumb\",\"itemListElement\":[{\"@type\":\"ListItem\",\"position\":1,\"name\":\"Home\",\"item\":\"https:\/\/evertonfc.cz\/\"},{\"@type\":\"ListItem\",\"position\":2,\"name\":\"News\",\"item\":\"https:\/\/evertonfc.cz\/index.php\/news\/\"},{\"@type\":\"ListItem\",\"position\":3,\"name\":\"Coleman pred\u013a\u017eil zmluvu\"}]},{\"@type\":\"WebSite\",\"@id\":\"https:\/\/evertonfc.cz\/#website\",\"url\":\"https:\/\/evertonfc.cz\/\",\"name\":\"Official Czech &amp; Slovak Everton Supporters&#039; Club\",\"description\":\"\",\"publisher\":{\"@id\":\"https:\/\/evertonfc.cz\/#organization\"},\"potentialAction\":[{\"@type\":\"SearchAction\",\"target\":{\"@type\":\"EntryPoint\",\"urlTemplate\":\"https:\/\/evertonfc.cz\/?s={search_term_string}\"},\"query-input\":{\"@type\":\"PropertyValueSpecification\",\"valueRequired\":true,\"valueName\":\"search_term_string\"}}],\"inLanguage\":\"cs\"},{\"@type\":\"Organization\",\"@id\":\"https:\/\/evertonfc.cz\/#organization\",\"name\":\"Official Czech & Slovak Everton Supporters' Club\",\"url\":\"https:\/\/evertonfc.cz\/\",\"logo\":{\"@type\":\"ImageObject\",\"inLanguage\":\"cs\",\"@id\":\"https:\/\/evertonfc.cz\/#\/schema\/logo\/image\/\",\"url\":\"https:\/\/evertonfc.cz\/wp-content\/uploads\/2019\/05\/logo.png\",\"contentUrl\":\"https:\/\/evertonfc.cz\/wp-content\/uploads\/2019\/05\/logo.png\",\"width\":112,\"height\":112,\"caption\":\"Official Czech & Slovak Everton Supporters' Club\"},\"image\":{\"@id\":\"https:\/\/evertonfc.cz\/#\/schema\/logo\/image\/\"},\"sameAs\":[\"https:\/\/www.facebook.com\/everton.fans.cz.sk\"]}]}<\/script>\n<!-- \/ Yoast SEO plugin. -->","yoast_head_json":{"title":"Coleman pred\u013a\u017eil zmluvu - Official Czech &amp; Slovak Everton Supporters&#039; Club","robots":{"index":"index","follow":"follow","max-snippet":"max-snippet:-1","max-image-preview":"max-image-preview:large","max-video-preview":"max-video-preview:-1"},"canonical":"https:\/\/evertonfc.cz\/index.php\/news\/coleman-predlzil-zmluvu\/","og_locale":"cs_CZ","og_type":"article","og_title":"Coleman pred\u013a\u017eil zmluvu - Official Czech &amp; Slovak Everton Supporters&#039; Club","og_description":"\u00cdrsky kapit\u00e1n Karameliek Seamus Coleman po vypr\u0161an\u00ed doteraj\u0161ieho kontraktu podp\u00edsal pon\u00faknut\u00e9 pred\u013a\u017eenie zmluvy o\u00a0jeden rok. V\u00a0modrom drese tak odohr\u00e1 aj&hellip;","og_url":"https:\/\/evertonfc.cz\/index.php\/news\/coleman-predlzil-zmluvu\/","og_site_name":"Official Czech &amp; Slovak Everton Supporters&#039; Club","article_publisher":"https:\/\/www.facebook.com\/everton.fans.cz.sk","twitter_card":"summary_large_image","twitter_misc":{"Odhadovan\u00e1 doba \u010dten\u00ed":"2 minuty"},"schema":{"@context":"https:\/\/schema.org","@graph":[{"@type":"WebPage","@id":"https:\/\/evertonfc.cz\/index.php\/news\/coleman-predlzil-zmluvu\/","url":"https:\/\/evertonfc.cz\/index.php\/news\/coleman-predlzil-zmluvu\/","name":"Coleman pred\u013a\u017eil zmluvu - Official Czech &amp; Slovak Everton Supporters&#039; Club","isPartOf":{"@id":"https:\/\/evertonfc.cz\/#website"},"datePublished":"2023-06-30T12:04:45+00:00","dateModified":"2023-06-30T12:04:45+00:00","breadcrumb":{"@id":"https:\/\/evertonfc.cz\/index.php\/news\/coleman-predlzil-zmluvu\/#breadcrumb"},"inLanguage":"cs","potentialAction":[{"@type":"ReadAction","target":["https:\/\/evertonfc.cz\/index.php\/news\/coleman-predlzil-zmluvu\/"]}]},{"@type":"BreadcrumbList","@id":"https:\/\/evertonfc.cz\/index.php\/news\/coleman-predlzil-zmluvu\/#breadcrumb","itemListElement":[{"@type":"ListItem","position":1,"name":"Home","item":"https:\/\/evertonfc.cz\/"},{"@type":"ListItem","position":2,"name":"News","item":"https:\/\/evertonfc.cz\/index.php\/news\/"},{"@type":"ListItem","position":3,"name":"Coleman pred\u013a\u017eil zmluvu"}]},{"@type":"WebSite","@id":"https:\/\/evertonfc.cz\/#website","url":"https:\/\/evertonfc.cz\/","name":"Official Czech &amp; Slovak Everton Supporters&#039; Club","description":"","publisher":{"@id":"https:\/\/evertonfc.cz\/#organization"},"potentialAction":[{"@type":"SearchAction","target":{"@type":"EntryPoint","urlTemplate":"https:\/\/evertonfc.cz\/?s={search_term_string}"},"query-input":{"@type":"PropertyValueSpecification","valueRequired":true,"valueName":"search_term_string"}}],"inLanguage":"cs"},{"@type":"Organization","@id":"https:\/\/evertonfc.cz\/#organization","name":"Official Czech & Slovak Everton Supporters' Club","url":"https:\/\/evertonfc.cz\/","logo":{"@type":"ImageObject","inLanguage":"cs","@id":"https:\/\/evertonfc.cz\/#\/schema\/logo\/image\/","url":"https:\/\/evertonfc.cz\/wp-content\/uploads\/2019\/05\/logo.png","contentUrl":"https:\/\/evertonfc.cz\/wp-content\/uploads\/2019\/05\/logo.png","width":112,"height":112,"caption":"Official Czech & Slovak Everton Supporters' Club"},"image":{"@id":"https:\/\/evertonfc.cz\/#\/schema\/logo\/image\/"},"sameAs":["https:\/\/www.facebook.com\/everton.fans.cz.sk"]}]}},"_links":{"self":[{"href":"https:\/\/evertonfc.cz\/index.php\/wp-json\/wp\/v2\/news\/21900"}],"collection":[{"href":"https:\/\/evertonfc.cz\/index.php\/wp-json\/wp\/v2\/news"}],"about":[{"href":"https:\/\/evertonfc.cz\/index.php\/wp-json\/wp\/v2\/types\/news"}],"author":[{"embeddable":true,"href":"https:\/\/evertonfc.cz\/index.php\/wp-json\/wp\/v2\/users\/1"}],"replies":[{"embeddable":true,"href":"https:\/\/evertonfc.cz\/index.php\/wp-json\/wp\/v2\/comments?post=21900"}],"version-history":[{"count":3,"href":"https:\/\/evertonfc.cz\/index.php\/wp-json\/wp\/v2\/news\/21900\/revisions"}],"predecessor-version":[{"id":21903,"href":"https:\/\/evertonfc.cz\/index.php\/wp-json\/wp\/v2\/news\/21900\/revisions\/21903"}],"wp:attachment":[{"href":"https:\/\/evertonfc.cz\/index.php\/wp-json\/wp\/v2\/media?parent=21900"}],"wp:term":[{"taxonomy":"post_tag","embeddable":true,"href":"https:\/\/evertonfc.cz\/index.php\/wp-json\/wp\/v2\/tags?post=21900"},{"taxonomy":"news-category","embeddable":true,"href":"https:\/\/evertonfc.cz\/index.php\/wp-json\/wp\/v2\/news-category?post=21900"}],"curies":[{"name":"wp","href":"https:\/\/api.w.org\/{rel}","templated":true}]}}