{"id":22156,"date":"2023-07-26T20:17:41","date_gmt":"2023-07-26T18:17:41","guid":{"rendered":"https:\/\/evertonfc.cz\/?post_type=news&#038;p=22156"},"modified":"2023-07-26T20:17:41","modified_gmt":"2023-07-26T18:17:41","slug":"warrington-hostuje-v-plymouthu","status":"publish","type":"news","link":"https:\/\/evertonfc.cz\/index.php\/news\/warrington-hostuje-v-plymouthu\/","title":{"rendered":"Warrington hostuje v Plymouthu"},"content":{"rendered":"<p>20let\u00fd st\u0159edopola\u0159 se v lo\u0148sk\u00e9 sez\u00f3n\u011b dob\u0159e uvedl v dosp\u011bl\u00e9m fotbale na hostov\u00e1n\u00ed v t\u0159etiligov\u00e9m Fleetwoodu Town. B\u011bhem aktu\u00e1ln\u00ed p\u0159\u00edpravy potom odehr\u00e1l z\u00e1pasy za A-t\u00fdm Everton, v nadch\u00e1zej\u00edc\u00ed sez\u00f3n\u011b ale nez\u016fstane na Goodison Park. Na ro\u010dn\u00ed hostov\u00e1n\u00ed ho z\u00edskal druholigov\u00e9ho nov\u00e1\u010dek z Plytmouthu Argyle.<\/p>\n<p>Warrington m\u00e1 v Evertonu smlouvu do l\u00e9ta 2024, klub v\u0161ak m\u016f\u017ee vyu\u017e\u00edt opci na ro\u010dn\u00ed prodlou\u017een\u00ed.<\/p>\n<p>V nejbli\u017e\u0161\u00ed dob\u011b se o\u010dek\u00e1v\u00e1, \u017ee na hostov\u00e1n\u00ed zam\u00ed\u0159\u00ed tak\u00e9 z\u00e1lo\u017en\u00edk Stanley Mills (Oxford United) a \u00fato\u010dn\u00edk Tom Cannon (Preston North End).<\/p>\n","protected":false},"excerpt":{"rendered":"<p>20let\u00fd st\u0159edopola\u0159 se v lo\u0148sk\u00e9 sez\u00f3n\u011b dob\u0159e uvedl v dosp\u011bl\u00e9m fotbale na hostov\u00e1n\u00ed v t\u0159etiligov\u00e9m Fleetwoodu Town. B\u011bhem aktu\u00e1ln\u00ed p\u0159\u00edpravy&hellip;<\/p>\n","protected":false},"author":6,"featured_media":0,"comment_status":"open","ping_status":"closed","template":"","tags":[],"news-category":[18],"yoast_head":"<!-- This site is optimized with the Yoast SEO plugin v23.4 - https:\/\/yoast.com\/wordpress\/plugins\/seo\/ -->\n<title>Warrington hostuje v Plymouthu - Official Czech &amp; Slovak Everton Supporters&#039; Club<\/title>\n<meta name=\"robots\" content=\"index, follow, max-snippet:-1, max-image-preview:large, max-video-preview:-1\" \/>\n<link rel=\"canonical\" href=\"https:\/\/evertonfc.cz\/index.php\/news\/warrington-hostuje-v-plymouthu\/\" \/>\n<meta property=\"og:locale\" content=\"cs_CZ\" \/>\n<meta property=\"og:type\" content=\"article\" \/>\n<meta property=\"og:title\" content=\"Warrington hostuje v Plymouthu - Official Czech &amp; Slovak Everton Supporters&#039; Club\" \/>\n<meta property=\"og:description\" content=\"20let\u00fd st\u0159edopola\u0159 se v lo\u0148sk\u00e9 sez\u00f3n\u011b dob\u0159e uvedl v dosp\u011bl\u00e9m fotbale na hostov\u00e1n\u00ed v t\u0159etiligov\u00e9m Fleetwoodu Town. B\u011bhem aktu\u00e1ln\u00ed p\u0159\u00edpravy&hellip;\" \/>\n<meta property=\"og:url\" content=\"https:\/\/evertonfc.cz\/index.php\/news\/warrington-hostuje-v-plymouthu\/\" \/>\n<meta property=\"og:site_name\" content=\"Official Czech &amp; Slovak Everton Supporters&#039; Club\" \/>\n<meta property=\"article:publisher\" content=\"https:\/\/www.facebook.com\/everton.fans.cz.sk\" \/>\n<meta name=\"twitter:card\" content=\"summary_large_image\" \/>\n<meta name=\"twitter:label1\" content=\"Odhadovan\u00e1 doba \u010dten\u00ed\" \/>\n\t<meta name=\"twitter:data1\" content=\"1 minuta\" \/>\n<script type=\"application\/ld+json\" class=\"yoast-schema-graph\">{\"@context\":\"https:\/\/schema.org\",\"@graph\":[{\"@type\":\"WebPage\",\"@id\":\"https:\/\/evertonfc.cz\/index.php\/news\/warrington-hostuje-v-plymouthu\/\",\"url\":\"https:\/\/evertonfc.cz\/index.php\/news\/warrington-hostuje-v-plymouthu\/\",\"name\":\"Warrington hostuje v Plymouthu - Official Czech &amp; Slovak Everton Supporters&#039; Club\",\"isPartOf\":{\"@id\":\"https:\/\/evertonfc.cz\/#website\"},\"datePublished\":\"2023-07-26T18:17:41+00:00\",\"dateModified\":\"2023-07-26T18:17:41+00:00\",\"breadcrumb\":{\"@id\":\"https:\/\/evertonfc.cz\/index.php\/news\/warrington-hostuje-v-plymouthu\/#breadcrumb\"},\"inLanguage\":\"cs\",\"potentialAction\":[{\"@type\":\"ReadAction\",\"target\":[\"https:\/\/evertonfc.cz\/index.php\/news\/warrington-hostuje-v-plymouthu\/\"]}]},{\"@type\":\"BreadcrumbList\",\"@id\":\"https:\/\/evertonfc.cz\/index.php\/news\/warrington-hostuje-v-plymouthu\/#breadcrumb\",\"itemListElement\":[{\"@type\":\"ListItem\",\"position\":1,\"name\":\"Home\",\"item\":\"https:\/\/evertonfc.cz\/\"},{\"@type\":\"ListItem\",\"position\":2,\"name\":\"News\",\"item\":\"https:\/\/evertonfc.cz\/index.php\/news\/\"},{\"@type\":\"ListItem\",\"position\":3,\"name\":\"Warrington hostuje v Plymouthu\"}]},{\"@type\":\"WebSite\",\"@id\":\"https:\/\/evertonfc.cz\/#website\",\"url\":\"https:\/\/evertonfc.cz\/\",\"name\":\"Official Czech &amp; Slovak Everton Supporters&#039; Club\",\"description\":\"\",\"publisher\":{\"@id\":\"https:\/\/evertonfc.cz\/#organization\"},\"potentialAction\":[{\"@type\":\"SearchAction\",\"target\":{\"@type\":\"EntryPoint\",\"urlTemplate\":\"https:\/\/evertonfc.cz\/?s={search_term_string}\"},\"query-input\":{\"@type\":\"PropertyValueSpecification\",\"valueRequired\":true,\"valueName\":\"search_term_string\"}}],\"inLanguage\":\"cs\"},{\"@type\":\"Organization\",\"@id\":\"https:\/\/evertonfc.cz\/#organization\",\"name\":\"Official Czech & Slovak Everton Supporters' Club\",\"url\":\"https:\/\/evertonfc.cz\/\",\"logo\":{\"@type\":\"ImageObject\",\"inLanguage\":\"cs\",\"@id\":\"https:\/\/evertonfc.cz\/#\/schema\/logo\/image\/\",\"url\":\"https:\/\/evertonfc.cz\/wp-content\/uploads\/2019\/05\/logo.png\",\"contentUrl\":\"https:\/\/evertonfc.cz\/wp-content\/uploads\/2019\/05\/logo.png\",\"width\":112,\"height\":112,\"caption\":\"Official Czech & Slovak Everton Supporters' Club\"},\"image\":{\"@id\":\"https:\/\/evertonfc.cz\/#\/schema\/logo\/image\/\"},\"sameAs\":[\"https:\/\/www.facebook.com\/everton.fans.cz.sk\"]}]}<\/script>\n<!-- \/ Yoast SEO plugin. -->","yoast_head_json":{"title":"Warrington hostuje v Plymouthu - Official Czech &amp; Slovak Everton Supporters&#039; Club","robots":{"index":"index","follow":"follow","max-snippet":"max-snippet:-1","max-image-preview":"max-image-preview:large","max-video-preview":"max-video-preview:-1"},"canonical":"https:\/\/evertonfc.cz\/index.php\/news\/warrington-hostuje-v-plymouthu\/","og_locale":"cs_CZ","og_type":"article","og_title":"Warrington hostuje v Plymouthu - Official Czech &amp; Slovak Everton Supporters&#039; Club","og_description":"20let\u00fd st\u0159edopola\u0159 se v lo\u0148sk\u00e9 sez\u00f3n\u011b dob\u0159e uvedl v dosp\u011bl\u00e9m fotbale na hostov\u00e1n\u00ed v t\u0159etiligov\u00e9m Fleetwoodu Town. B\u011bhem aktu\u00e1ln\u00ed p\u0159\u00edpravy&hellip;","og_url":"https:\/\/evertonfc.cz\/index.php\/news\/warrington-hostuje-v-plymouthu\/","og_site_name":"Official Czech &amp; Slovak Everton Supporters&#039; Club","article_publisher":"https:\/\/www.facebook.com\/everton.fans.cz.sk","twitter_card":"summary_large_image","twitter_misc":{"Odhadovan\u00e1 doba \u010dten\u00ed":"1 minuta"},"schema":{"@context":"https:\/\/schema.org","@graph":[{"@type":"WebPage","@id":"https:\/\/evertonfc.cz\/index.php\/news\/warrington-hostuje-v-plymouthu\/","url":"https:\/\/evertonfc.cz\/index.php\/news\/warrington-hostuje-v-plymouthu\/","name":"Warrington hostuje v Plymouthu - Official Czech &amp; Slovak Everton Supporters&#039; Club","isPartOf":{"@id":"https:\/\/evertonfc.cz\/#website"},"datePublished":"2023-07-26T18:17:41+00:00","dateModified":"2023-07-26T18:17:41+00:00","breadcrumb":{"@id":"https:\/\/evertonfc.cz\/index.php\/news\/warrington-hostuje-v-plymouthu\/#breadcrumb"},"inLanguage":"cs","potentialAction":[{"@type":"ReadAction","target":["https:\/\/evertonfc.cz\/index.php\/news\/warrington-hostuje-v-plymouthu\/"]}]},{"@type":"BreadcrumbList","@id":"https:\/\/evertonfc.cz\/index.php\/news\/warrington-hostuje-v-plymouthu\/#breadcrumb","itemListElement":[{"@type":"ListItem","position":1,"name":"Home","item":"https:\/\/evertonfc.cz\/"},{"@type":"ListItem","position":2,"name":"News","item":"https:\/\/evertonfc.cz\/index.php\/news\/"},{"@type":"ListItem","position":3,"name":"Warrington hostuje v Plymouthu"}]},{"@type":"WebSite","@id":"https:\/\/evertonfc.cz\/#website","url":"https:\/\/evertonfc.cz\/","name":"Official Czech &amp; Slovak Everton Supporters&#039; Club","description":"","publisher":{"@id":"https:\/\/evertonfc.cz\/#organization"},"potentialAction":[{"@type":"SearchAction","target":{"@type":"EntryPoint","urlTemplate":"https:\/\/evertonfc.cz\/?s={search_term_string}"},"query-input":{"@type":"PropertyValueSpecification","valueRequired":true,"valueName":"search_term_string"}}],"inLanguage":"cs"},{"@type":"Organization","@id":"https:\/\/evertonfc.cz\/#organization","name":"Official Czech & Slovak Everton Supporters' Club","url":"https:\/\/evertonfc.cz\/","logo":{"@type":"ImageObject","inLanguage":"cs","@id":"https:\/\/evertonfc.cz\/#\/schema\/logo\/image\/","url":"https:\/\/evertonfc.cz\/wp-content\/uploads\/2019\/05\/logo.png","contentUrl":"https:\/\/evertonfc.cz\/wp-content\/uploads\/2019\/05\/logo.png","width":112,"height":112,"caption":"Official Czech & Slovak Everton Supporters' Club"},"image":{"@id":"https:\/\/evertonfc.cz\/#\/schema\/logo\/image\/"},"sameAs":["https:\/\/www.facebook.com\/everton.fans.cz.sk"]}]}},"_links":{"self":[{"href":"https:\/\/evertonfc.cz\/index.php\/wp-json\/wp\/v2\/news\/22156"}],"collection":[{"href":"https:\/\/evertonfc.cz\/index.php\/wp-json\/wp\/v2\/news"}],"about":[{"href":"https:\/\/evertonfc.cz\/index.php\/wp-json\/wp\/v2\/types\/news"}],"author":[{"embeddable":true,"href":"https:\/\/evertonfc.cz\/index.php\/wp-json\/wp\/v2\/users\/6"}],"replies":[{"embeddable":true,"href":"https:\/\/evertonfc.cz\/index.php\/wp-json\/wp\/v2\/comments?post=22156"}],"version-history":[{"count":1,"href":"https:\/\/evertonfc.cz\/index.php\/wp-json\/wp\/v2\/news\/22156\/revisions"}],"predecessor-version":[{"id":22157,"href":"https:\/\/evertonfc.cz\/index.php\/wp-json\/wp\/v2\/news\/22156\/revisions\/22157"}],"wp:attachment":[{"href":"https:\/\/evertonfc.cz\/index.php\/wp-json\/wp\/v2\/media?parent=22156"}],"wp:term":[{"taxonomy":"post_tag","embeddable":true,"href":"https:\/\/evertonfc.cz\/index.php\/wp-json\/wp\/v2\/tags?post=22156"},{"taxonomy":"news-category","embeddable":true,"href":"https:\/\/evertonfc.cz\/index.php\/wp-json\/wp\/v2\/news-category?post=22156"}],"curies":[{"name":"wp","href":"https:\/\/api.w.org\/{rel}","templated":true}]}}