{"id":22236,"date":"2023-07-31T22:10:38","date_gmt":"2023-07-31T20:10:38","guid":{"rendered":"https:\/\/evertonfc.cz\/?post_type=news&#038;p=22236"},"modified":"2023-07-31T22:10:38","modified_gmt":"2023-07-31T20:10:38","slug":"sorensen-prodlouzila","status":"publish","type":"news","link":"https:\/\/evertonfc.cz\/index.php\/news\/sorensen-prodlouzila\/","title":{"rendered":"S\u00f8rensen prodlou\u017eila"},"content":{"rendered":"<p>Nicoline S\u00f8rensen dnes ozn\u00e1mila dohodu s EFC o prodlou\u017een\u00ed smlouvy do\u00a0 konce \u010dervna 2024. Na Walton Hall park p\u016fsob\u00ed u\u017e od roku 2020, ale jej\u00ed slibn\u011b rozjet\u00e1 kari\u00e9ra byla na 14 m\u011bs\u00edc\u016f zbr\u017ed\u011bn\u00e1 p\u0159etr\u017een\u00edm p\u0159edn\u00edho zk\u0159\u00ed\u017een\u00e9ho vazu. Nicm\u00e9n\u011b operace i n\u00e1sledn\u00e1 rehabilitace prob\u011bhly \u00fasp\u011b\u0161ne a Nico v druh\u00e9 p\u016fli uplynul\u00e9 sez\u00f3ny nav\u00e1zala na sv\u00e9 p\u0159edchoz\u00ed dobr\u00e9 v\u00fdkony. Tak\u017ee v\u00fdborn\u00e1 zpr\u00e1va pro Toffees. <strong><span style=\"color: #0000ff;\">COYB!<\/span><\/strong><\/p>\n","protected":false},"excerpt":{"rendered":"<p>Nicoline S\u00f8rensen dnes ozn\u00e1mila dohodu s EFC o prodlou\u017een\u00ed smlouvy do\u00a0 konce \u010dervna 2024. Na Walton Hall park p\u016fsob\u00ed u\u017e&hellip;<\/p>\n","protected":false},"author":26,"featured_media":0,"comment_status":"open","ping_status":"closed","template":"","tags":[],"news-category":[18],"yoast_head":"<!-- This site is optimized with the Yoast SEO plugin v23.4 - https:\/\/yoast.com\/wordpress\/plugins\/seo\/ -->\n<title>S\u00f8rensen prodlou\u017eila - Official Czech &amp; Slovak Everton Supporters&#039; Club<\/title>\n<meta name=\"robots\" content=\"index, follow, max-snippet:-1, max-image-preview:large, max-video-preview:-1\" \/>\n<link rel=\"canonical\" href=\"https:\/\/evertonfc.cz\/index.php\/news\/sorensen-prodlouzila\/\" \/>\n<meta property=\"og:locale\" content=\"cs_CZ\" \/>\n<meta property=\"og:type\" content=\"article\" \/>\n<meta property=\"og:title\" content=\"S\u00f8rensen prodlou\u017eila - Official Czech &amp; Slovak Everton Supporters&#039; Club\" \/>\n<meta property=\"og:description\" content=\"Nicoline S\u00f8rensen dnes ozn\u00e1mila dohodu s EFC o prodlou\u017een\u00ed smlouvy do\u00a0 konce \u010dervna 2024. Na Walton Hall park p\u016fsob\u00ed u\u017e&hellip;\" \/>\n<meta property=\"og:url\" content=\"https:\/\/evertonfc.cz\/index.php\/news\/sorensen-prodlouzila\/\" \/>\n<meta property=\"og:site_name\" content=\"Official Czech &amp; Slovak Everton Supporters&#039; Club\" \/>\n<meta property=\"article:publisher\" content=\"https:\/\/www.facebook.com\/everton.fans.cz.sk\" \/>\n<meta name=\"twitter:card\" content=\"summary_large_image\" \/>\n<meta name=\"twitter:label1\" content=\"Odhadovan\u00e1 doba \u010dten\u00ed\" \/>\n\t<meta name=\"twitter:data1\" content=\"1 minuta\" \/>\n<script type=\"application\/ld+json\" class=\"yoast-schema-graph\">{\"@context\":\"https:\/\/schema.org\",\"@graph\":[{\"@type\":\"WebPage\",\"@id\":\"https:\/\/evertonfc.cz\/index.php\/news\/sorensen-prodlouzila\/\",\"url\":\"https:\/\/evertonfc.cz\/index.php\/news\/sorensen-prodlouzila\/\",\"name\":\"S\u00f8rensen prodlou\u017eila - Official Czech &amp; Slovak Everton Supporters&#039; Club\",\"isPartOf\":{\"@id\":\"https:\/\/evertonfc.cz\/#website\"},\"datePublished\":\"2023-07-31T20:10:38+00:00\",\"dateModified\":\"2023-07-31T20:10:38+00:00\",\"breadcrumb\":{\"@id\":\"https:\/\/evertonfc.cz\/index.php\/news\/sorensen-prodlouzila\/#breadcrumb\"},\"inLanguage\":\"cs\",\"potentialAction\":[{\"@type\":\"ReadAction\",\"target\":[\"https:\/\/evertonfc.cz\/index.php\/news\/sorensen-prodlouzila\/\"]}]},{\"@type\":\"BreadcrumbList\",\"@id\":\"https:\/\/evertonfc.cz\/index.php\/news\/sorensen-prodlouzila\/#breadcrumb\",\"itemListElement\":[{\"@type\":\"ListItem\",\"position\":1,\"name\":\"Home\",\"item\":\"https:\/\/evertonfc.cz\/\"},{\"@type\":\"ListItem\",\"position\":2,\"name\":\"News\",\"item\":\"https:\/\/evertonfc.cz\/index.php\/news\/\"},{\"@type\":\"ListItem\",\"position\":3,\"name\":\"S\u00f8rensen prodlou\u017eila\"}]},{\"@type\":\"WebSite\",\"@id\":\"https:\/\/evertonfc.cz\/#website\",\"url\":\"https:\/\/evertonfc.cz\/\",\"name\":\"Official Czech &amp; Slovak Everton Supporters&#039; Club\",\"description\":\"\",\"publisher\":{\"@id\":\"https:\/\/evertonfc.cz\/#organization\"},\"potentialAction\":[{\"@type\":\"SearchAction\",\"target\":{\"@type\":\"EntryPoint\",\"urlTemplate\":\"https:\/\/evertonfc.cz\/?s={search_term_string}\"},\"query-input\":{\"@type\":\"PropertyValueSpecification\",\"valueRequired\":true,\"valueName\":\"search_term_string\"}}],\"inLanguage\":\"cs\"},{\"@type\":\"Organization\",\"@id\":\"https:\/\/evertonfc.cz\/#organization\",\"name\":\"Official Czech & Slovak Everton Supporters' Club\",\"url\":\"https:\/\/evertonfc.cz\/\",\"logo\":{\"@type\":\"ImageObject\",\"inLanguage\":\"cs\",\"@id\":\"https:\/\/evertonfc.cz\/#\/schema\/logo\/image\/\",\"url\":\"https:\/\/evertonfc.cz\/wp-content\/uploads\/2019\/05\/logo.png\",\"contentUrl\":\"https:\/\/evertonfc.cz\/wp-content\/uploads\/2019\/05\/logo.png\",\"width\":112,\"height\":112,\"caption\":\"Official Czech & Slovak Everton Supporters' Club\"},\"image\":{\"@id\":\"https:\/\/evertonfc.cz\/#\/schema\/logo\/image\/\"},\"sameAs\":[\"https:\/\/www.facebook.com\/everton.fans.cz.sk\"]}]}<\/script>\n<!-- \/ Yoast SEO plugin. -->","yoast_head_json":{"title":"S\u00f8rensen prodlou\u017eila - Official Czech &amp; Slovak Everton Supporters&#039; Club","robots":{"index":"index","follow":"follow","max-snippet":"max-snippet:-1","max-image-preview":"max-image-preview:large","max-video-preview":"max-video-preview:-1"},"canonical":"https:\/\/evertonfc.cz\/index.php\/news\/sorensen-prodlouzila\/","og_locale":"cs_CZ","og_type":"article","og_title":"S\u00f8rensen prodlou\u017eila - Official Czech &amp; Slovak Everton Supporters&#039; Club","og_description":"Nicoline S\u00f8rensen dnes ozn\u00e1mila dohodu s EFC o prodlou\u017een\u00ed smlouvy do\u00a0 konce \u010dervna 2024. Na Walton Hall park p\u016fsob\u00ed u\u017e&hellip;","og_url":"https:\/\/evertonfc.cz\/index.php\/news\/sorensen-prodlouzila\/","og_site_name":"Official Czech &amp; Slovak Everton Supporters&#039; Club","article_publisher":"https:\/\/www.facebook.com\/everton.fans.cz.sk","twitter_card":"summary_large_image","twitter_misc":{"Odhadovan\u00e1 doba \u010dten\u00ed":"1 minuta"},"schema":{"@context":"https:\/\/schema.org","@graph":[{"@type":"WebPage","@id":"https:\/\/evertonfc.cz\/index.php\/news\/sorensen-prodlouzila\/","url":"https:\/\/evertonfc.cz\/index.php\/news\/sorensen-prodlouzila\/","name":"S\u00f8rensen prodlou\u017eila - Official Czech &amp; Slovak Everton Supporters&#039; Club","isPartOf":{"@id":"https:\/\/evertonfc.cz\/#website"},"datePublished":"2023-07-31T20:10:38+00:00","dateModified":"2023-07-31T20:10:38+00:00","breadcrumb":{"@id":"https:\/\/evertonfc.cz\/index.php\/news\/sorensen-prodlouzila\/#breadcrumb"},"inLanguage":"cs","potentialAction":[{"@type":"ReadAction","target":["https:\/\/evertonfc.cz\/index.php\/news\/sorensen-prodlouzila\/"]}]},{"@type":"BreadcrumbList","@id":"https:\/\/evertonfc.cz\/index.php\/news\/sorensen-prodlouzila\/#breadcrumb","itemListElement":[{"@type":"ListItem","position":1,"name":"Home","item":"https:\/\/evertonfc.cz\/"},{"@type":"ListItem","position":2,"name":"News","item":"https:\/\/evertonfc.cz\/index.php\/news\/"},{"@type":"ListItem","position":3,"name":"S\u00f8rensen prodlou\u017eila"}]},{"@type":"WebSite","@id":"https:\/\/evertonfc.cz\/#website","url":"https:\/\/evertonfc.cz\/","name":"Official Czech &amp; Slovak Everton Supporters&#039; Club","description":"","publisher":{"@id":"https:\/\/evertonfc.cz\/#organization"},"potentialAction":[{"@type":"SearchAction","target":{"@type":"EntryPoint","urlTemplate":"https:\/\/evertonfc.cz\/?s={search_term_string}"},"query-input":{"@type":"PropertyValueSpecification","valueRequired":true,"valueName":"search_term_string"}}],"inLanguage":"cs"},{"@type":"Organization","@id":"https:\/\/evertonfc.cz\/#organization","name":"Official Czech & Slovak Everton Supporters' Club","url":"https:\/\/evertonfc.cz\/","logo":{"@type":"ImageObject","inLanguage":"cs","@id":"https:\/\/evertonfc.cz\/#\/schema\/logo\/image\/","url":"https:\/\/evertonfc.cz\/wp-content\/uploads\/2019\/05\/logo.png","contentUrl":"https:\/\/evertonfc.cz\/wp-content\/uploads\/2019\/05\/logo.png","width":112,"height":112,"caption":"Official Czech & Slovak Everton Supporters' Club"},"image":{"@id":"https:\/\/evertonfc.cz\/#\/schema\/logo\/image\/"},"sameAs":["https:\/\/www.facebook.com\/everton.fans.cz.sk"]}]}},"_links":{"self":[{"href":"https:\/\/evertonfc.cz\/index.php\/wp-json\/wp\/v2\/news\/22236"}],"collection":[{"href":"https:\/\/evertonfc.cz\/index.php\/wp-json\/wp\/v2\/news"}],"about":[{"href":"https:\/\/evertonfc.cz\/index.php\/wp-json\/wp\/v2\/types\/news"}],"author":[{"embeddable":true,"href":"https:\/\/evertonfc.cz\/index.php\/wp-json\/wp\/v2\/users\/26"}],"replies":[{"embeddable":true,"href":"https:\/\/evertonfc.cz\/index.php\/wp-json\/wp\/v2\/comments?post=22236"}],"version-history":[{"count":1,"href":"https:\/\/evertonfc.cz\/index.php\/wp-json\/wp\/v2\/news\/22236\/revisions"}],"predecessor-version":[{"id":22237,"href":"https:\/\/evertonfc.cz\/index.php\/wp-json\/wp\/v2\/news\/22236\/revisions\/22237"}],"wp:attachment":[{"href":"https:\/\/evertonfc.cz\/index.php\/wp-json\/wp\/v2\/media?parent=22236"}],"wp:term":[{"taxonomy":"post_tag","embeddable":true,"href":"https:\/\/evertonfc.cz\/index.php\/wp-json\/wp\/v2\/tags?post=22236"},{"taxonomy":"news-category","embeddable":true,"href":"https:\/\/evertonfc.cz\/index.php\/wp-json\/wp\/v2\/news-category?post=22236"}],"curies":[{"name":"wp","href":"https:\/\/api.w.org\/{rel}","templated":true}]}}