{"id":22299,"date":"2023-08-07T12:50:25","date_gmt":"2023-08-07T10:50:25","guid":{"rendered":"https:\/\/evertonfc.cz\/?post_type=news&#038;p=22299"},"modified":"2023-08-07T12:50:25","modified_gmt":"2023-08-07T10:50:25","slug":"javor-hostom-v-podcaste-chalupari","status":"publish","type":"news","link":"https:\/\/evertonfc.cz\/index.php\/news\/javor-hostom-v-podcaste-chalupari\/","title":{"rendered":"Javor hos\u0165om v podcaste &#8222;Chalup\u00e1\u0159i&#8220;"},"content":{"rendered":"<p>N\u00e1\u0161 kolega z redakcie a tajomn\u00edk fanklubu Javor prijal pozvanie do nov\u00e9ho podcastu &#8222;Chalup\u00e1\u0159i &#8211; P\u0159\u00edb\u011bh Fulhamu&#8220;. S tvorcom <strong><a href=\"https:\/\/twitter.com\/radim_politik\">Radimom Ivanom<\/a><\/strong> preberali vz\u00e1jomn\u00fd z\u00e1pas prv\u00e9ho kola pr\u00e1ve s Fulhamom, ktor\u00fd tr\u00e9nuje Marco Silva. Stav Evertonu, ide\u00e1lne zostavy oboch t\u00edmov,\u00a0a mnoho \u010fal\u0161ieho si m\u00f4\u017eete vypo\u010du\u0165 na Youtube:<\/p>\n<p><iframe loading=\"lazy\" title=\"PREVIEW GW1 | Everton vs. Fulham s Javorem\" width=\"1140\" height=\"641\" src=\"https:\/\/www.youtube.com\/embed\/PCr1KJrU7B0?feature=oembed\" frameborder=\"0\" allow=\"accelerometer; autoplay; clipboard-write; encrypted-media; gyroscope; picture-in-picture; web-share\" allowfullscreen><\/iframe><\/p>\n","protected":false},"excerpt":{"rendered":"<p>N\u00e1\u0161 kolega z redakcie a tajomn\u00edk fanklubu Javor prijal pozvanie do nov\u00e9ho podcastu &#8222;Chalup\u00e1\u0159i &#8211; P\u0159\u00edb\u011bh Fulhamu&#8220;. S tvorcom Radimom&hellip;<\/p>\n","protected":false},"author":1,"featured_media":0,"comment_status":"open","ping_status":"closed","template":"","tags":[],"news-category":[18],"yoast_head":"<!-- This site is optimized with the Yoast SEO plugin v23.4 - https:\/\/yoast.com\/wordpress\/plugins\/seo\/ -->\n<title>Javor hos\u0165om v podcaste &quot;Chalup\u00e1\u0159i&quot; - Official Czech &amp; Slovak Everton Supporters&#039; Club<\/title>\n<meta name=\"robots\" content=\"index, follow, max-snippet:-1, max-image-preview:large, max-video-preview:-1\" \/>\n<link rel=\"canonical\" href=\"https:\/\/evertonfc.cz\/index.php\/news\/javor-hostom-v-podcaste-chalupari\/\" \/>\n<meta property=\"og:locale\" content=\"cs_CZ\" \/>\n<meta property=\"og:type\" content=\"article\" \/>\n<meta property=\"og:title\" content=\"Javor hos\u0165om v podcaste &quot;Chalup\u00e1\u0159i&quot; - Official Czech &amp; Slovak Everton Supporters&#039; Club\" \/>\n<meta property=\"og:description\" content=\"N\u00e1\u0161 kolega z redakcie a tajomn\u00edk fanklubu Javor prijal pozvanie do nov\u00e9ho podcastu &#8222;Chalup\u00e1\u0159i &#8211; P\u0159\u00edb\u011bh Fulhamu&#8220;. S tvorcom Radimom&hellip;\" \/>\n<meta property=\"og:url\" content=\"https:\/\/evertonfc.cz\/index.php\/news\/javor-hostom-v-podcaste-chalupari\/\" \/>\n<meta property=\"og:site_name\" content=\"Official Czech &amp; Slovak Everton Supporters&#039; Club\" \/>\n<meta property=\"article:publisher\" content=\"https:\/\/www.facebook.com\/everton.fans.cz.sk\" \/>\n<meta name=\"twitter:card\" content=\"summary_large_image\" \/>\n<meta name=\"twitter:label1\" content=\"Odhadovan\u00e1 doba \u010dten\u00ed\" \/>\n\t<meta name=\"twitter:data1\" content=\"1 minuta\" \/>\n<script type=\"application\/ld+json\" class=\"yoast-schema-graph\">{\"@context\":\"https:\/\/schema.org\",\"@graph\":[{\"@type\":\"WebPage\",\"@id\":\"https:\/\/evertonfc.cz\/index.php\/news\/javor-hostom-v-podcaste-chalupari\/\",\"url\":\"https:\/\/evertonfc.cz\/index.php\/news\/javor-hostom-v-podcaste-chalupari\/\",\"name\":\"Javor hos\u0165om v podcaste \\\"Chalup\u00e1\u0159i\\\" - Official Czech &amp; Slovak Everton Supporters&#039; Club\",\"isPartOf\":{\"@id\":\"https:\/\/evertonfc.cz\/#website\"},\"datePublished\":\"2023-08-07T10:50:25+00:00\",\"dateModified\":\"2023-08-07T10:50:25+00:00\",\"breadcrumb\":{\"@id\":\"https:\/\/evertonfc.cz\/index.php\/news\/javor-hostom-v-podcaste-chalupari\/#breadcrumb\"},\"inLanguage\":\"cs\",\"potentialAction\":[{\"@type\":\"ReadAction\",\"target\":[\"https:\/\/evertonfc.cz\/index.php\/news\/javor-hostom-v-podcaste-chalupari\/\"]}]},{\"@type\":\"BreadcrumbList\",\"@id\":\"https:\/\/evertonfc.cz\/index.php\/news\/javor-hostom-v-podcaste-chalupari\/#breadcrumb\",\"itemListElement\":[{\"@type\":\"ListItem\",\"position\":1,\"name\":\"Home\",\"item\":\"https:\/\/evertonfc.cz\/\"},{\"@type\":\"ListItem\",\"position\":2,\"name\":\"News\",\"item\":\"https:\/\/evertonfc.cz\/index.php\/news\/\"},{\"@type\":\"ListItem\",\"position\":3,\"name\":\"Javor hos\u0165om v podcaste &#8222;Chalup\u00e1\u0159i&#8220;\"}]},{\"@type\":\"WebSite\",\"@id\":\"https:\/\/evertonfc.cz\/#website\",\"url\":\"https:\/\/evertonfc.cz\/\",\"name\":\"Official Czech &amp; Slovak Everton Supporters&#039; Club\",\"description\":\"\",\"publisher\":{\"@id\":\"https:\/\/evertonfc.cz\/#organization\"},\"potentialAction\":[{\"@type\":\"SearchAction\",\"target\":{\"@type\":\"EntryPoint\",\"urlTemplate\":\"https:\/\/evertonfc.cz\/?s={search_term_string}\"},\"query-input\":{\"@type\":\"PropertyValueSpecification\",\"valueRequired\":true,\"valueName\":\"search_term_string\"}}],\"inLanguage\":\"cs\"},{\"@type\":\"Organization\",\"@id\":\"https:\/\/evertonfc.cz\/#organization\",\"name\":\"Official Czech & Slovak Everton Supporters' Club\",\"url\":\"https:\/\/evertonfc.cz\/\",\"logo\":{\"@type\":\"ImageObject\",\"inLanguage\":\"cs\",\"@id\":\"https:\/\/evertonfc.cz\/#\/schema\/logo\/image\/\",\"url\":\"https:\/\/evertonfc.cz\/wp-content\/uploads\/2019\/05\/logo.png\",\"contentUrl\":\"https:\/\/evertonfc.cz\/wp-content\/uploads\/2019\/05\/logo.png\",\"width\":112,\"height\":112,\"caption\":\"Official Czech & Slovak Everton Supporters' Club\"},\"image\":{\"@id\":\"https:\/\/evertonfc.cz\/#\/schema\/logo\/image\/\"},\"sameAs\":[\"https:\/\/www.facebook.com\/everton.fans.cz.sk\"]}]}<\/script>\n<!-- \/ Yoast SEO plugin. -->","yoast_head_json":{"title":"Javor hos\u0165om v podcaste \"Chalup\u00e1\u0159i\" - Official Czech &amp; Slovak Everton Supporters&#039; Club","robots":{"index":"index","follow":"follow","max-snippet":"max-snippet:-1","max-image-preview":"max-image-preview:large","max-video-preview":"max-video-preview:-1"},"canonical":"https:\/\/evertonfc.cz\/index.php\/news\/javor-hostom-v-podcaste-chalupari\/","og_locale":"cs_CZ","og_type":"article","og_title":"Javor hos\u0165om v podcaste \"Chalup\u00e1\u0159i\" - Official Czech &amp; Slovak Everton Supporters&#039; Club","og_description":"N\u00e1\u0161 kolega z redakcie a tajomn\u00edk fanklubu Javor prijal pozvanie do nov\u00e9ho podcastu &#8222;Chalup\u00e1\u0159i &#8211; P\u0159\u00edb\u011bh Fulhamu&#8220;. S tvorcom Radimom&hellip;","og_url":"https:\/\/evertonfc.cz\/index.php\/news\/javor-hostom-v-podcaste-chalupari\/","og_site_name":"Official Czech &amp; Slovak Everton Supporters&#039; Club","article_publisher":"https:\/\/www.facebook.com\/everton.fans.cz.sk","twitter_card":"summary_large_image","twitter_misc":{"Odhadovan\u00e1 doba \u010dten\u00ed":"1 minuta"},"schema":{"@context":"https:\/\/schema.org","@graph":[{"@type":"WebPage","@id":"https:\/\/evertonfc.cz\/index.php\/news\/javor-hostom-v-podcaste-chalupari\/","url":"https:\/\/evertonfc.cz\/index.php\/news\/javor-hostom-v-podcaste-chalupari\/","name":"Javor hos\u0165om v podcaste \"Chalup\u00e1\u0159i\" - Official Czech &amp; Slovak Everton Supporters&#039; Club","isPartOf":{"@id":"https:\/\/evertonfc.cz\/#website"},"datePublished":"2023-08-07T10:50:25+00:00","dateModified":"2023-08-07T10:50:25+00:00","breadcrumb":{"@id":"https:\/\/evertonfc.cz\/index.php\/news\/javor-hostom-v-podcaste-chalupari\/#breadcrumb"},"inLanguage":"cs","potentialAction":[{"@type":"ReadAction","target":["https:\/\/evertonfc.cz\/index.php\/news\/javor-hostom-v-podcaste-chalupari\/"]}]},{"@type":"BreadcrumbList","@id":"https:\/\/evertonfc.cz\/index.php\/news\/javor-hostom-v-podcaste-chalupari\/#breadcrumb","itemListElement":[{"@type":"ListItem","position":1,"name":"Home","item":"https:\/\/evertonfc.cz\/"},{"@type":"ListItem","position":2,"name":"News","item":"https:\/\/evertonfc.cz\/index.php\/news\/"},{"@type":"ListItem","position":3,"name":"Javor hos\u0165om v podcaste &#8222;Chalup\u00e1\u0159i&#8220;"}]},{"@type":"WebSite","@id":"https:\/\/evertonfc.cz\/#website","url":"https:\/\/evertonfc.cz\/","name":"Official Czech &amp; Slovak Everton Supporters&#039; Club","description":"","publisher":{"@id":"https:\/\/evertonfc.cz\/#organization"},"potentialAction":[{"@type":"SearchAction","target":{"@type":"EntryPoint","urlTemplate":"https:\/\/evertonfc.cz\/?s={search_term_string}"},"query-input":{"@type":"PropertyValueSpecification","valueRequired":true,"valueName":"search_term_string"}}],"inLanguage":"cs"},{"@type":"Organization","@id":"https:\/\/evertonfc.cz\/#organization","name":"Official Czech & Slovak Everton Supporters' Club","url":"https:\/\/evertonfc.cz\/","logo":{"@type":"ImageObject","inLanguage":"cs","@id":"https:\/\/evertonfc.cz\/#\/schema\/logo\/image\/","url":"https:\/\/evertonfc.cz\/wp-content\/uploads\/2019\/05\/logo.png","contentUrl":"https:\/\/evertonfc.cz\/wp-content\/uploads\/2019\/05\/logo.png","width":112,"height":112,"caption":"Official Czech & Slovak Everton Supporters' Club"},"image":{"@id":"https:\/\/evertonfc.cz\/#\/schema\/logo\/image\/"},"sameAs":["https:\/\/www.facebook.com\/everton.fans.cz.sk"]}]}},"_links":{"self":[{"href":"https:\/\/evertonfc.cz\/index.php\/wp-json\/wp\/v2\/news\/22299"}],"collection":[{"href":"https:\/\/evertonfc.cz\/index.php\/wp-json\/wp\/v2\/news"}],"about":[{"href":"https:\/\/evertonfc.cz\/index.php\/wp-json\/wp\/v2\/types\/news"}],"author":[{"embeddable":true,"href":"https:\/\/evertonfc.cz\/index.php\/wp-json\/wp\/v2\/users\/1"}],"replies":[{"embeddable":true,"href":"https:\/\/evertonfc.cz\/index.php\/wp-json\/wp\/v2\/comments?post=22299"}],"version-history":[{"count":6,"href":"https:\/\/evertonfc.cz\/index.php\/wp-json\/wp\/v2\/news\/22299\/revisions"}],"predecessor-version":[{"id":22770,"href":"https:\/\/evertonfc.cz\/index.php\/wp-json\/wp\/v2\/news\/22299\/revisions\/22770"}],"wp:attachment":[{"href":"https:\/\/evertonfc.cz\/index.php\/wp-json\/wp\/v2\/media?parent=22299"}],"wp:term":[{"taxonomy":"post_tag","embeddable":true,"href":"https:\/\/evertonfc.cz\/index.php\/wp-json\/wp\/v2\/tags?post=22299"},{"taxonomy":"news-category","embeddable":true,"href":"https:\/\/evertonfc.cz\/index.php\/wp-json\/wp\/v2\/news-category?post=22299"}],"curies":[{"name":"wp","href":"https:\/\/api.w.org\/{rel}","templated":true}]}}