{"id":22326,"date":"2023-08-09T23:53:02","date_gmt":"2023-08-09T21:53:02","guid":{"rendered":"https:\/\/evertonfc.cz\/?post_type=news&#038;p=22326"},"modified":"2023-08-12T19:21:41","modified_gmt":"2023-08-12T17:21:41","slug":"2-kolo-ligoveho-poharu-hrajeme-v-doncasteru","status":"publish","type":"news","link":"https:\/\/evertonfc.cz\/index.php\/news\/2-kolo-ligoveho-poharu-hrajeme-v-doncasteru\/","title":{"rendered":"2. kolo Ligov\u00e9ho poh\u00e1ru hrajeme v Doncasteru"},"content":{"rendered":"<p>Ligov\u00fd poh\u00e1r je letos pro za\u010d\u00e1tek rozd\u011blen na ji\u017en\u00ed a severn\u00ed \u010d\u00e1st. Everton je v t\u00e9 severn\u00ed. A ve druh\u00e9m kole bude 30. srpna od 21 hodin hr\u00e1t na h\u0159i\u0161ti Doncasteru Rovers, kter\u00fd hraje \u010dtvrtou ligu. Sv\u00e9 m\u00edsto ve druh\u00e9m kole si zarezervoval pot\u00e9, co v \u00fater\u00fd ve\u010der oto\u010dil z nep\u0159\u00edzniv\u00e9ho stavu na h\u0159i\u0161ti Hull City a vyhr\u00e1l 2:1.<\/p>\n<p>Bude to v\u016fbec prvn\u00ed setk\u00e1n\u00ed Toffees a Rovers v t\u00e9to sout\u011b\u017ei. A jejich prvn\u00ed z\u00e1pas v jak\u00e9koli sout\u011b\u017ei od lednu 1985. Tehdy g\u00f3ly Trevora Stevena a Garyho Stevense pomohly Blues k dom\u00e1c\u00edmu v\u00edt\u011bzstv\u00ed 2:0 ve \u010dtvrt\u00e9m kole Anglick\u00e9ho poh\u00e1ru.<\/p>\n","protected":false},"excerpt":{"rendered":"<p>2. kolo Ligov\u00e9ho poh\u00e1ru hrajeme v Doncasteru<\/p>\n","protected":false},"author":12,"featured_media":0,"comment_status":"open","ping_status":"closed","template":"","tags":[],"news-category":[18],"yoast_head":"<!-- This site is optimized with the Yoast SEO plugin v23.4 - https:\/\/yoast.com\/wordpress\/plugins\/seo\/ -->\n<title>2. kolo Ligov\u00e9ho poh\u00e1ru hrajeme v Doncasteru - Official Czech &amp; Slovak Everton Supporters&#039; Club<\/title>\n<meta name=\"description\" content=\"2. kolo Ligov\u00e9ho poh\u00e1ru hrajeme v Doncasteru\" \/>\n<meta name=\"robots\" content=\"index, follow, max-snippet:-1, max-image-preview:large, max-video-preview:-1\" \/>\n<link rel=\"canonical\" href=\"https:\/\/evertonfc.cz\/index.php\/news\/2-kolo-ligoveho-poharu-hrajeme-v-doncasteru\/\" \/>\n<meta property=\"og:locale\" content=\"cs_CZ\" \/>\n<meta property=\"og:type\" content=\"article\" \/>\n<meta property=\"og:title\" content=\"2. kolo Ligov\u00e9ho poh\u00e1ru hrajeme v Doncasteru - Official Czech &amp; Slovak Everton Supporters&#039; Club\" \/>\n<meta property=\"og:description\" content=\"2. kolo Ligov\u00e9ho poh\u00e1ru hrajeme v Doncasteru\" \/>\n<meta property=\"og:url\" content=\"https:\/\/evertonfc.cz\/index.php\/news\/2-kolo-ligoveho-poharu-hrajeme-v-doncasteru\/\" \/>\n<meta property=\"og:site_name\" content=\"Official Czech &amp; Slovak Everton Supporters&#039; Club\" \/>\n<meta property=\"article:publisher\" content=\"https:\/\/www.facebook.com\/everton.fans.cz.sk\" \/>\n<meta property=\"article:modified_time\" content=\"2023-08-12T17:21:41+00:00\" \/>\n<meta name=\"twitter:card\" content=\"summary_large_image\" \/>\n<meta name=\"twitter:label1\" content=\"Odhadovan\u00e1 doba \u010dten\u00ed\" \/>\n\t<meta name=\"twitter:data1\" content=\"1 minuta\" \/>\n<script type=\"application\/ld+json\" class=\"yoast-schema-graph\">{\"@context\":\"https:\/\/schema.org\",\"@graph\":[{\"@type\":\"WebPage\",\"@id\":\"https:\/\/evertonfc.cz\/index.php\/news\/2-kolo-ligoveho-poharu-hrajeme-v-doncasteru\/\",\"url\":\"https:\/\/evertonfc.cz\/index.php\/news\/2-kolo-ligoveho-poharu-hrajeme-v-doncasteru\/\",\"name\":\"2. kolo Ligov\u00e9ho poh\u00e1ru hrajeme v Doncasteru - Official Czech &amp; Slovak Everton Supporters&#039; Club\",\"isPartOf\":{\"@id\":\"https:\/\/evertonfc.cz\/#website\"},\"datePublished\":\"2023-08-09T21:53:02+00:00\",\"dateModified\":\"2023-08-12T17:21:41+00:00\",\"description\":\"2. kolo Ligov\u00e9ho poh\u00e1ru hrajeme v Doncasteru\",\"breadcrumb\":{\"@id\":\"https:\/\/evertonfc.cz\/index.php\/news\/2-kolo-ligoveho-poharu-hrajeme-v-doncasteru\/#breadcrumb\"},\"inLanguage\":\"cs\",\"potentialAction\":[{\"@type\":\"ReadAction\",\"target\":[\"https:\/\/evertonfc.cz\/index.php\/news\/2-kolo-ligoveho-poharu-hrajeme-v-doncasteru\/\"]}]},{\"@type\":\"BreadcrumbList\",\"@id\":\"https:\/\/evertonfc.cz\/index.php\/news\/2-kolo-ligoveho-poharu-hrajeme-v-doncasteru\/#breadcrumb\",\"itemListElement\":[{\"@type\":\"ListItem\",\"position\":1,\"name\":\"Home\",\"item\":\"https:\/\/evertonfc.cz\/\"},{\"@type\":\"ListItem\",\"position\":2,\"name\":\"News\",\"item\":\"https:\/\/evertonfc.cz\/index.php\/news\/\"},{\"@type\":\"ListItem\",\"position\":3,\"name\":\"2. kolo Ligov\u00e9ho poh\u00e1ru hrajeme v Doncasteru\"}]},{\"@type\":\"WebSite\",\"@id\":\"https:\/\/evertonfc.cz\/#website\",\"url\":\"https:\/\/evertonfc.cz\/\",\"name\":\"Official Czech &amp; Slovak Everton Supporters&#039; Club\",\"description\":\"\",\"publisher\":{\"@id\":\"https:\/\/evertonfc.cz\/#organization\"},\"potentialAction\":[{\"@type\":\"SearchAction\",\"target\":{\"@type\":\"EntryPoint\",\"urlTemplate\":\"https:\/\/evertonfc.cz\/?s={search_term_string}\"},\"query-input\":{\"@type\":\"PropertyValueSpecification\",\"valueRequired\":true,\"valueName\":\"search_term_string\"}}],\"inLanguage\":\"cs\"},{\"@type\":\"Organization\",\"@id\":\"https:\/\/evertonfc.cz\/#organization\",\"name\":\"Official Czech & Slovak Everton Supporters' Club\",\"url\":\"https:\/\/evertonfc.cz\/\",\"logo\":{\"@type\":\"ImageObject\",\"inLanguage\":\"cs\",\"@id\":\"https:\/\/evertonfc.cz\/#\/schema\/logo\/image\/\",\"url\":\"https:\/\/evertonfc.cz\/wp-content\/uploads\/2019\/05\/logo.png\",\"contentUrl\":\"https:\/\/evertonfc.cz\/wp-content\/uploads\/2019\/05\/logo.png\",\"width\":112,\"height\":112,\"caption\":\"Official Czech & Slovak Everton Supporters' Club\"},\"image\":{\"@id\":\"https:\/\/evertonfc.cz\/#\/schema\/logo\/image\/\"},\"sameAs\":[\"https:\/\/www.facebook.com\/everton.fans.cz.sk\"]}]}<\/script>\n<!-- \/ Yoast SEO plugin. -->","yoast_head_json":{"title":"2. kolo Ligov\u00e9ho poh\u00e1ru hrajeme v Doncasteru - Official Czech &amp; Slovak Everton Supporters&#039; Club","description":"2. kolo Ligov\u00e9ho poh\u00e1ru hrajeme v Doncasteru","robots":{"index":"index","follow":"follow","max-snippet":"max-snippet:-1","max-image-preview":"max-image-preview:large","max-video-preview":"max-video-preview:-1"},"canonical":"https:\/\/evertonfc.cz\/index.php\/news\/2-kolo-ligoveho-poharu-hrajeme-v-doncasteru\/","og_locale":"cs_CZ","og_type":"article","og_title":"2. kolo Ligov\u00e9ho poh\u00e1ru hrajeme v Doncasteru - Official Czech &amp; Slovak Everton Supporters&#039; Club","og_description":"2. kolo Ligov\u00e9ho poh\u00e1ru hrajeme v Doncasteru","og_url":"https:\/\/evertonfc.cz\/index.php\/news\/2-kolo-ligoveho-poharu-hrajeme-v-doncasteru\/","og_site_name":"Official Czech &amp; Slovak Everton Supporters&#039; Club","article_publisher":"https:\/\/www.facebook.com\/everton.fans.cz.sk","article_modified_time":"2023-08-12T17:21:41+00:00","twitter_card":"summary_large_image","twitter_misc":{"Odhadovan\u00e1 doba \u010dten\u00ed":"1 minuta"},"schema":{"@context":"https:\/\/schema.org","@graph":[{"@type":"WebPage","@id":"https:\/\/evertonfc.cz\/index.php\/news\/2-kolo-ligoveho-poharu-hrajeme-v-doncasteru\/","url":"https:\/\/evertonfc.cz\/index.php\/news\/2-kolo-ligoveho-poharu-hrajeme-v-doncasteru\/","name":"2. kolo Ligov\u00e9ho poh\u00e1ru hrajeme v Doncasteru - Official Czech &amp; Slovak Everton Supporters&#039; Club","isPartOf":{"@id":"https:\/\/evertonfc.cz\/#website"},"datePublished":"2023-08-09T21:53:02+00:00","dateModified":"2023-08-12T17:21:41+00:00","description":"2. kolo Ligov\u00e9ho poh\u00e1ru hrajeme v Doncasteru","breadcrumb":{"@id":"https:\/\/evertonfc.cz\/index.php\/news\/2-kolo-ligoveho-poharu-hrajeme-v-doncasteru\/#breadcrumb"},"inLanguage":"cs","potentialAction":[{"@type":"ReadAction","target":["https:\/\/evertonfc.cz\/index.php\/news\/2-kolo-ligoveho-poharu-hrajeme-v-doncasteru\/"]}]},{"@type":"BreadcrumbList","@id":"https:\/\/evertonfc.cz\/index.php\/news\/2-kolo-ligoveho-poharu-hrajeme-v-doncasteru\/#breadcrumb","itemListElement":[{"@type":"ListItem","position":1,"name":"Home","item":"https:\/\/evertonfc.cz\/"},{"@type":"ListItem","position":2,"name":"News","item":"https:\/\/evertonfc.cz\/index.php\/news\/"},{"@type":"ListItem","position":3,"name":"2. kolo Ligov\u00e9ho poh\u00e1ru hrajeme v Doncasteru"}]},{"@type":"WebSite","@id":"https:\/\/evertonfc.cz\/#website","url":"https:\/\/evertonfc.cz\/","name":"Official Czech &amp; Slovak Everton Supporters&#039; Club","description":"","publisher":{"@id":"https:\/\/evertonfc.cz\/#organization"},"potentialAction":[{"@type":"SearchAction","target":{"@type":"EntryPoint","urlTemplate":"https:\/\/evertonfc.cz\/?s={search_term_string}"},"query-input":{"@type":"PropertyValueSpecification","valueRequired":true,"valueName":"search_term_string"}}],"inLanguage":"cs"},{"@type":"Organization","@id":"https:\/\/evertonfc.cz\/#organization","name":"Official Czech & Slovak Everton Supporters' Club","url":"https:\/\/evertonfc.cz\/","logo":{"@type":"ImageObject","inLanguage":"cs","@id":"https:\/\/evertonfc.cz\/#\/schema\/logo\/image\/","url":"https:\/\/evertonfc.cz\/wp-content\/uploads\/2019\/05\/logo.png","contentUrl":"https:\/\/evertonfc.cz\/wp-content\/uploads\/2019\/05\/logo.png","width":112,"height":112,"caption":"Official Czech & Slovak Everton Supporters' Club"},"image":{"@id":"https:\/\/evertonfc.cz\/#\/schema\/logo\/image\/"},"sameAs":["https:\/\/www.facebook.com\/everton.fans.cz.sk"]}]}},"_links":{"self":[{"href":"https:\/\/evertonfc.cz\/index.php\/wp-json\/wp\/v2\/news\/22326"}],"collection":[{"href":"https:\/\/evertonfc.cz\/index.php\/wp-json\/wp\/v2\/news"}],"about":[{"href":"https:\/\/evertonfc.cz\/index.php\/wp-json\/wp\/v2\/types\/news"}],"author":[{"embeddable":true,"href":"https:\/\/evertonfc.cz\/index.php\/wp-json\/wp\/v2\/users\/12"}],"replies":[{"embeddable":true,"href":"https:\/\/evertonfc.cz\/index.php\/wp-json\/wp\/v2\/comments?post=22326"}],"version-history":[{"count":5,"href":"https:\/\/evertonfc.cz\/index.php\/wp-json\/wp\/v2\/news\/22326\/revisions"}],"predecessor-version":[{"id":22381,"href":"https:\/\/evertonfc.cz\/index.php\/wp-json\/wp\/v2\/news\/22326\/revisions\/22381"}],"wp:attachment":[{"href":"https:\/\/evertonfc.cz\/index.php\/wp-json\/wp\/v2\/media?parent=22326"}],"wp:term":[{"taxonomy":"post_tag","embeddable":true,"href":"https:\/\/evertonfc.cz\/index.php\/wp-json\/wp\/v2\/tags?post=22326"},{"taxonomy":"news-category","embeddable":true,"href":"https:\/\/evertonfc.cz\/index.php\/wp-json\/wp\/v2\/news-category?post=22326"}],"curies":[{"name":"wp","href":"https:\/\/api.w.org\/{rel}","templated":true}]}}