{"id":22336,"date":"2023-08-10T19:56:32","date_gmt":"2023-08-10T17:56:32","guid":{"rendered":"https:\/\/evertonfc.cz\/?post_type=news&#038;p=22336"},"modified":"2023-08-10T19:56:32","modified_gmt":"2023-08-10T17:56:32","slug":"reece-welch-zamiril-do-ctvrte-ligy","status":"publish","type":"news","link":"https:\/\/evertonfc.cz\/index.php\/news\/reece-welch-zamiril-do-ctvrte-ligy\/","title":{"rendered":"Reece Welch zam\u00ed\u0159il do \u010dtvrt\u00e9 ligy"},"content":{"rendered":"<p>Dal\u0161\u00edm mlad\u00fdm hr\u00e1\u010dem, jen\u017e se byl vysl\u00e1n na hostov\u00e1n\u00ed do ni\u017e\u0161\u00ed anglick\u00e9 sout\u011b\u017ee, je brzy dvacetilet\u00fd obr\u00e1nce Reece Welch. Tento odchovanec Evertonu pobude nadch\u00e1zej\u00edc\u00ed sez\u00f3nu na hostov\u00e1n\u00ed v t\u00fdmu Forest Green Rovers, kter\u00fd p\u016fsob\u00ed v League Two.<\/p>\n<p>\u0160tace a\u017e ve \u010dtvrt\u00e9 lize se zd\u00e1 b\u00fdt trochu zkl\u00e1m\u00e1n\u00edm, nebo\u0165 tomuto t\u00e9m\u011b\u0159 dvoumetrov\u00e9mu st\u0159edn\u00edmu obr\u00e1nci byla p\u0159edpov\u00edd\u00e1na budoucnost v A-t\u00fdmu Toffees. V modr\u00e9m dresu debutoval ji\u017e v osmn\u00e1cti letech, a to v b\u0159eznu 2022, kdy\u017e nastoupil v dom\u00e1c\u00edm z\u00e1pase FA Cupu proti t\u00fdmu Borehamu Wood. Prvn\u00ed start od \u00favodn\u00edch minut si pak p\u0159ipsal v srpnu t\u00e9ho\u017e roku v Ligov\u00e9m poh\u00e1ru na h\u0159i\u0161ti Fleetwoodu Town. Na podzimu pot\u00e9 podepsal s Evertonem dlouhodobou smlouvu do roku 2026.<\/p>\n<p>Forest Green Rovers na ja\u0159e vedl b\u00fdval\u00fd hr\u00e1\u010d a tren\u00e9r Evertonu Duncan Ferguson, nicm\u00e9n\u011b po sestupu do League Two byl odvol\u00e1n ze sv\u00e9ho postu.<\/p>\n","protected":false},"excerpt":{"rendered":"<p>Dal\u0161\u00edm mlad\u00fdm hr\u00e1\u010dem, jen\u017e se byl vysl\u00e1n na hostov\u00e1n\u00ed do ni\u017e\u0161\u00ed anglick\u00e9 sout\u011b\u017ee, je brzy dvacetilet\u00fd obr\u00e1nce Reece Welch. Tento&hellip;<\/p>\n","protected":false},"author":6,"featured_media":0,"comment_status":"open","ping_status":"closed","template":"","tags":[],"news-category":[18],"yoast_head":"<!-- This site is optimized with the Yoast SEO plugin v23.4 - https:\/\/yoast.com\/wordpress\/plugins\/seo\/ -->\n<title>Reece Welch zam\u00ed\u0159il do \u010dtvrt\u00e9 ligy - Official Czech &amp; Slovak Everton Supporters&#039; Club<\/title>\n<meta name=\"robots\" content=\"index, follow, max-snippet:-1, max-image-preview:large, max-video-preview:-1\" \/>\n<link rel=\"canonical\" href=\"https:\/\/evertonfc.cz\/index.php\/news\/reece-welch-zamiril-do-ctvrte-ligy\/\" \/>\n<meta property=\"og:locale\" content=\"cs_CZ\" \/>\n<meta property=\"og:type\" content=\"article\" \/>\n<meta property=\"og:title\" content=\"Reece Welch zam\u00ed\u0159il do \u010dtvrt\u00e9 ligy - Official Czech &amp; Slovak Everton Supporters&#039; Club\" \/>\n<meta property=\"og:description\" content=\"Dal\u0161\u00edm mlad\u00fdm hr\u00e1\u010dem, jen\u017e se byl vysl\u00e1n na hostov\u00e1n\u00ed do ni\u017e\u0161\u00ed anglick\u00e9 sout\u011b\u017ee, je brzy dvacetilet\u00fd obr\u00e1nce Reece Welch. Tento&hellip;\" \/>\n<meta property=\"og:url\" content=\"https:\/\/evertonfc.cz\/index.php\/news\/reece-welch-zamiril-do-ctvrte-ligy\/\" \/>\n<meta property=\"og:site_name\" content=\"Official Czech &amp; Slovak Everton Supporters&#039; Club\" \/>\n<meta property=\"article:publisher\" content=\"https:\/\/www.facebook.com\/everton.fans.cz.sk\" \/>\n<meta name=\"twitter:card\" content=\"summary_large_image\" \/>\n<meta name=\"twitter:label1\" content=\"Odhadovan\u00e1 doba \u010dten\u00ed\" \/>\n\t<meta name=\"twitter:data1\" content=\"1 minuta\" \/>\n<script type=\"application\/ld+json\" class=\"yoast-schema-graph\">{\"@context\":\"https:\/\/schema.org\",\"@graph\":[{\"@type\":\"WebPage\",\"@id\":\"https:\/\/evertonfc.cz\/index.php\/news\/reece-welch-zamiril-do-ctvrte-ligy\/\",\"url\":\"https:\/\/evertonfc.cz\/index.php\/news\/reece-welch-zamiril-do-ctvrte-ligy\/\",\"name\":\"Reece Welch zam\u00ed\u0159il do \u010dtvrt\u00e9 ligy - Official Czech &amp; Slovak Everton Supporters&#039; Club\",\"isPartOf\":{\"@id\":\"https:\/\/evertonfc.cz\/#website\"},\"datePublished\":\"2023-08-10T17:56:32+00:00\",\"dateModified\":\"2023-08-10T17:56:32+00:00\",\"breadcrumb\":{\"@id\":\"https:\/\/evertonfc.cz\/index.php\/news\/reece-welch-zamiril-do-ctvrte-ligy\/#breadcrumb\"},\"inLanguage\":\"cs\",\"potentialAction\":[{\"@type\":\"ReadAction\",\"target\":[\"https:\/\/evertonfc.cz\/index.php\/news\/reece-welch-zamiril-do-ctvrte-ligy\/\"]}]},{\"@type\":\"BreadcrumbList\",\"@id\":\"https:\/\/evertonfc.cz\/index.php\/news\/reece-welch-zamiril-do-ctvrte-ligy\/#breadcrumb\",\"itemListElement\":[{\"@type\":\"ListItem\",\"position\":1,\"name\":\"Home\",\"item\":\"https:\/\/evertonfc.cz\/\"},{\"@type\":\"ListItem\",\"position\":2,\"name\":\"News\",\"item\":\"https:\/\/evertonfc.cz\/index.php\/news\/\"},{\"@type\":\"ListItem\",\"position\":3,\"name\":\"Reece Welch zam\u00ed\u0159il do \u010dtvrt\u00e9 ligy\"}]},{\"@type\":\"WebSite\",\"@id\":\"https:\/\/evertonfc.cz\/#website\",\"url\":\"https:\/\/evertonfc.cz\/\",\"name\":\"Official Czech &amp; Slovak Everton Supporters&#039; Club\",\"description\":\"\",\"publisher\":{\"@id\":\"https:\/\/evertonfc.cz\/#organization\"},\"potentialAction\":[{\"@type\":\"SearchAction\",\"target\":{\"@type\":\"EntryPoint\",\"urlTemplate\":\"https:\/\/evertonfc.cz\/?s={search_term_string}\"},\"query-input\":{\"@type\":\"PropertyValueSpecification\",\"valueRequired\":true,\"valueName\":\"search_term_string\"}}],\"inLanguage\":\"cs\"},{\"@type\":\"Organization\",\"@id\":\"https:\/\/evertonfc.cz\/#organization\",\"name\":\"Official Czech & Slovak Everton Supporters' Club\",\"url\":\"https:\/\/evertonfc.cz\/\",\"logo\":{\"@type\":\"ImageObject\",\"inLanguage\":\"cs\",\"@id\":\"https:\/\/evertonfc.cz\/#\/schema\/logo\/image\/\",\"url\":\"https:\/\/evertonfc.cz\/wp-content\/uploads\/2019\/05\/logo.png\",\"contentUrl\":\"https:\/\/evertonfc.cz\/wp-content\/uploads\/2019\/05\/logo.png\",\"width\":112,\"height\":112,\"caption\":\"Official Czech & Slovak Everton Supporters' Club\"},\"image\":{\"@id\":\"https:\/\/evertonfc.cz\/#\/schema\/logo\/image\/\"},\"sameAs\":[\"https:\/\/www.facebook.com\/everton.fans.cz.sk\"]}]}<\/script>\n<!-- \/ Yoast SEO plugin. -->","yoast_head_json":{"title":"Reece Welch zam\u00ed\u0159il do \u010dtvrt\u00e9 ligy - Official Czech &amp; Slovak Everton Supporters&#039; Club","robots":{"index":"index","follow":"follow","max-snippet":"max-snippet:-1","max-image-preview":"max-image-preview:large","max-video-preview":"max-video-preview:-1"},"canonical":"https:\/\/evertonfc.cz\/index.php\/news\/reece-welch-zamiril-do-ctvrte-ligy\/","og_locale":"cs_CZ","og_type":"article","og_title":"Reece Welch zam\u00ed\u0159il do \u010dtvrt\u00e9 ligy - Official Czech &amp; Slovak Everton Supporters&#039; Club","og_description":"Dal\u0161\u00edm mlad\u00fdm hr\u00e1\u010dem, jen\u017e se byl vysl\u00e1n na hostov\u00e1n\u00ed do ni\u017e\u0161\u00ed anglick\u00e9 sout\u011b\u017ee, je brzy dvacetilet\u00fd obr\u00e1nce Reece Welch. Tento&hellip;","og_url":"https:\/\/evertonfc.cz\/index.php\/news\/reece-welch-zamiril-do-ctvrte-ligy\/","og_site_name":"Official Czech &amp; Slovak Everton Supporters&#039; Club","article_publisher":"https:\/\/www.facebook.com\/everton.fans.cz.sk","twitter_card":"summary_large_image","twitter_misc":{"Odhadovan\u00e1 doba \u010dten\u00ed":"1 minuta"},"schema":{"@context":"https:\/\/schema.org","@graph":[{"@type":"WebPage","@id":"https:\/\/evertonfc.cz\/index.php\/news\/reece-welch-zamiril-do-ctvrte-ligy\/","url":"https:\/\/evertonfc.cz\/index.php\/news\/reece-welch-zamiril-do-ctvrte-ligy\/","name":"Reece Welch zam\u00ed\u0159il do \u010dtvrt\u00e9 ligy - Official Czech &amp; Slovak Everton Supporters&#039; Club","isPartOf":{"@id":"https:\/\/evertonfc.cz\/#website"},"datePublished":"2023-08-10T17:56:32+00:00","dateModified":"2023-08-10T17:56:32+00:00","breadcrumb":{"@id":"https:\/\/evertonfc.cz\/index.php\/news\/reece-welch-zamiril-do-ctvrte-ligy\/#breadcrumb"},"inLanguage":"cs","potentialAction":[{"@type":"ReadAction","target":["https:\/\/evertonfc.cz\/index.php\/news\/reece-welch-zamiril-do-ctvrte-ligy\/"]}]},{"@type":"BreadcrumbList","@id":"https:\/\/evertonfc.cz\/index.php\/news\/reece-welch-zamiril-do-ctvrte-ligy\/#breadcrumb","itemListElement":[{"@type":"ListItem","position":1,"name":"Home","item":"https:\/\/evertonfc.cz\/"},{"@type":"ListItem","position":2,"name":"News","item":"https:\/\/evertonfc.cz\/index.php\/news\/"},{"@type":"ListItem","position":3,"name":"Reece Welch zam\u00ed\u0159il do \u010dtvrt\u00e9 ligy"}]},{"@type":"WebSite","@id":"https:\/\/evertonfc.cz\/#website","url":"https:\/\/evertonfc.cz\/","name":"Official Czech &amp; Slovak Everton Supporters&#039; Club","description":"","publisher":{"@id":"https:\/\/evertonfc.cz\/#organization"},"potentialAction":[{"@type":"SearchAction","target":{"@type":"EntryPoint","urlTemplate":"https:\/\/evertonfc.cz\/?s={search_term_string}"},"query-input":{"@type":"PropertyValueSpecification","valueRequired":true,"valueName":"search_term_string"}}],"inLanguage":"cs"},{"@type":"Organization","@id":"https:\/\/evertonfc.cz\/#organization","name":"Official Czech & Slovak Everton Supporters' Club","url":"https:\/\/evertonfc.cz\/","logo":{"@type":"ImageObject","inLanguage":"cs","@id":"https:\/\/evertonfc.cz\/#\/schema\/logo\/image\/","url":"https:\/\/evertonfc.cz\/wp-content\/uploads\/2019\/05\/logo.png","contentUrl":"https:\/\/evertonfc.cz\/wp-content\/uploads\/2019\/05\/logo.png","width":112,"height":112,"caption":"Official Czech & Slovak Everton Supporters' Club"},"image":{"@id":"https:\/\/evertonfc.cz\/#\/schema\/logo\/image\/"},"sameAs":["https:\/\/www.facebook.com\/everton.fans.cz.sk"]}]}},"_links":{"self":[{"href":"https:\/\/evertonfc.cz\/index.php\/wp-json\/wp\/v2\/news\/22336"}],"collection":[{"href":"https:\/\/evertonfc.cz\/index.php\/wp-json\/wp\/v2\/news"}],"about":[{"href":"https:\/\/evertonfc.cz\/index.php\/wp-json\/wp\/v2\/types\/news"}],"author":[{"embeddable":true,"href":"https:\/\/evertonfc.cz\/index.php\/wp-json\/wp\/v2\/users\/6"}],"replies":[{"embeddable":true,"href":"https:\/\/evertonfc.cz\/index.php\/wp-json\/wp\/v2\/comments?post=22336"}],"version-history":[{"count":1,"href":"https:\/\/evertonfc.cz\/index.php\/wp-json\/wp\/v2\/news\/22336\/revisions"}],"predecessor-version":[{"id":22337,"href":"https:\/\/evertonfc.cz\/index.php\/wp-json\/wp\/v2\/news\/22336\/revisions\/22337"}],"wp:attachment":[{"href":"https:\/\/evertonfc.cz\/index.php\/wp-json\/wp\/v2\/media?parent=22336"}],"wp:term":[{"taxonomy":"post_tag","embeddable":true,"href":"https:\/\/evertonfc.cz\/index.php\/wp-json\/wp\/v2\/tags?post=22336"},{"taxonomy":"news-category","embeddable":true,"href":"https:\/\/evertonfc.cz\/index.php\/wp-json\/wp\/v2\/news-category?post=22336"}],"curies":[{"name":"wp","href":"https:\/\/api.w.org\/{rel}","templated":true}]}}