{"id":22405,"date":"2023-08-16T21:06:19","date_gmt":"2023-08-16T19:06:19","guid":{"rendered":"https:\/\/evertonfc.cz\/?post_type=news&#038;p=22405"},"modified":"2023-08-16T21:06:19","modified_gmt":"2023-08-16T19:06:19","slug":"dalsi-zapas-za-zatvorenymi-dverami","status":"publish","type":"news","link":"https:\/\/evertonfc.cz\/index.php\/news\/dalsi-zapas-za-zatvorenymi-dverami\/","title":{"rendered":"\u010eal\u0161\u00ed z\u00e1pas za zatvoren\u00fdmi dverami"},"content":{"rendered":"<p>Everton v\u010dera odohral u\u017e druh\u00fd z\u00e1pas bez pr\u00edtomnosti verejnosti v tejto sez\u00f3ne, ur\u010den\u00fd pre hr\u00e1\u010dov, ktor\u00fdm ch\u00fdba kond\u00edcia a hern\u00e1 prax. S\u00faperom mu bol t\u00edm Manchesteru United v ich tr\u00e9ningovom centre v Carringtone.<\/p>\n<p>Dominic Calvert-Lewin absolvoval svojich prv\u00fdch 90 min\u00fat od m\u00e1jov\u00e9ho takmer cel\u00e9ho z\u00e1pasu v Brightone. \u00dato\u010dn\u00edk mal odohra\u0165 len 70 min\u00fat, ale zvl\u00e1dol napokon cel\u00e9 stretnutie. United vyhrali 2:0 v\u010faka ne\u0161pecifikovan\u00e9mu vlastn\u00e9mu g\u00f3lu v\u00a0prvom pol\u010dase a\u00a0presn\u00e9mu z\u00e1sahu Scotta McTominaya v\u00a0tom druhom.<\/p>\n<p>Presn\u00e9 zostavy neboli zverejnen\u00e9, ale min\u00faty dostali aj Arnaut Danjuma, Vitalii Mykolenko, Ben Godfrey \u010di Jarrad Branthwaite. Devils vymenovali tie\u017e siln\u00fa zostavu, v ktorej boli aj Anthony Martial, Harry Maguire, Hannibal, Dan Gore a tie\u017e b\u00fdval\u00fd hos\u0165uj\u00faci hr\u00e1\u010d EFC Donny van de Beek, ktor\u00fd je na predaj.<\/p>\n<h4><strong>Sean Dyche po Fulhame:<\/strong><\/h4>\n<p><em>\u201eJe tu mno\u017estvo hr\u00e1\u010dov, nielen Dom (Calvert-Lewin), ktor\u00ed musia hra\u0165 v\u00a0tomto z\u00e1pase. Dom je na tom inak, preto\u017ee dokon\u010duje rehabilit\u00e1ciu, ale niektor\u00ed \u010fal\u0161\u00ed hr\u00e1\u010di potrebuj\u00fa min\u00faty, preto\u017ee potrebuj\u00fa hra\u0165, ke\u010f vynechali \u010das\u0165 pr\u00edpravy. Myko (Mykolenko) a Arnie \u00a0Danjuma), tak\u00ed \u013eudia potrebuj\u00fa futbal.\u201c<\/em><\/p>\n","protected":false},"excerpt":{"rendered":"<p>Everton v\u010dera odohral u\u017e druh\u00fd z\u00e1pas bez pr\u00edtomnosti verejnosti v tejto sez\u00f3ne, ur\u010den\u00fd pre hr\u00e1\u010dov, ktor\u00fdm ch\u00fdba kond\u00edcia a hern\u00e1&hellip;<\/p>\n","protected":false},"author":1,"featured_media":0,"comment_status":"open","ping_status":"closed","template":"","tags":[],"news-category":[18],"yoast_head":"<!-- This site is optimized with the Yoast SEO plugin v23.4 - https:\/\/yoast.com\/wordpress\/plugins\/seo\/ -->\n<title>\u010eal\u0161\u00ed z\u00e1pas za zatvoren\u00fdmi dverami - Official Czech &amp; Slovak Everton Supporters&#039; Club<\/title>\n<meta name=\"robots\" content=\"index, follow, max-snippet:-1, max-image-preview:large, max-video-preview:-1\" \/>\n<link rel=\"canonical\" href=\"https:\/\/evertonfc.cz\/index.php\/news\/dalsi-zapas-za-zatvorenymi-dverami\/\" \/>\n<meta property=\"og:locale\" content=\"cs_CZ\" \/>\n<meta property=\"og:type\" content=\"article\" \/>\n<meta property=\"og:title\" content=\"\u010eal\u0161\u00ed z\u00e1pas za zatvoren\u00fdmi dverami - Official Czech &amp; Slovak Everton Supporters&#039; Club\" \/>\n<meta property=\"og:description\" content=\"Everton v\u010dera odohral u\u017e druh\u00fd z\u00e1pas bez pr\u00edtomnosti verejnosti v tejto sez\u00f3ne, ur\u010den\u00fd pre hr\u00e1\u010dov, ktor\u00fdm ch\u00fdba kond\u00edcia a hern\u00e1&hellip;\" \/>\n<meta property=\"og:url\" content=\"https:\/\/evertonfc.cz\/index.php\/news\/dalsi-zapas-za-zatvorenymi-dverami\/\" \/>\n<meta property=\"og:site_name\" content=\"Official Czech &amp; Slovak Everton Supporters&#039; Club\" \/>\n<meta property=\"article:publisher\" content=\"https:\/\/www.facebook.com\/everton.fans.cz.sk\" \/>\n<meta name=\"twitter:card\" content=\"summary_large_image\" \/>\n<meta name=\"twitter:label1\" content=\"Odhadovan\u00e1 doba \u010dten\u00ed\" \/>\n\t<meta name=\"twitter:data1\" content=\"1 minuta\" \/>\n<script type=\"application\/ld+json\" class=\"yoast-schema-graph\">{\"@context\":\"https:\/\/schema.org\",\"@graph\":[{\"@type\":\"WebPage\",\"@id\":\"https:\/\/evertonfc.cz\/index.php\/news\/dalsi-zapas-za-zatvorenymi-dverami\/\",\"url\":\"https:\/\/evertonfc.cz\/index.php\/news\/dalsi-zapas-za-zatvorenymi-dverami\/\",\"name\":\"\u010eal\u0161\u00ed z\u00e1pas za zatvoren\u00fdmi dverami - Official Czech &amp; Slovak Everton Supporters&#039; Club\",\"isPartOf\":{\"@id\":\"https:\/\/evertonfc.cz\/#website\"},\"datePublished\":\"2023-08-16T19:06:19+00:00\",\"dateModified\":\"2023-08-16T19:06:19+00:00\",\"breadcrumb\":{\"@id\":\"https:\/\/evertonfc.cz\/index.php\/news\/dalsi-zapas-za-zatvorenymi-dverami\/#breadcrumb\"},\"inLanguage\":\"cs\",\"potentialAction\":[{\"@type\":\"ReadAction\",\"target\":[\"https:\/\/evertonfc.cz\/index.php\/news\/dalsi-zapas-za-zatvorenymi-dverami\/\"]}]},{\"@type\":\"BreadcrumbList\",\"@id\":\"https:\/\/evertonfc.cz\/index.php\/news\/dalsi-zapas-za-zatvorenymi-dverami\/#breadcrumb\",\"itemListElement\":[{\"@type\":\"ListItem\",\"position\":1,\"name\":\"Home\",\"item\":\"https:\/\/evertonfc.cz\/\"},{\"@type\":\"ListItem\",\"position\":2,\"name\":\"News\",\"item\":\"https:\/\/evertonfc.cz\/index.php\/news\/\"},{\"@type\":\"ListItem\",\"position\":3,\"name\":\"\u010eal\u0161\u00ed z\u00e1pas za zatvoren\u00fdmi dverami\"}]},{\"@type\":\"WebSite\",\"@id\":\"https:\/\/evertonfc.cz\/#website\",\"url\":\"https:\/\/evertonfc.cz\/\",\"name\":\"Official Czech &amp; Slovak Everton Supporters&#039; Club\",\"description\":\"\",\"publisher\":{\"@id\":\"https:\/\/evertonfc.cz\/#organization\"},\"potentialAction\":[{\"@type\":\"SearchAction\",\"target\":{\"@type\":\"EntryPoint\",\"urlTemplate\":\"https:\/\/evertonfc.cz\/?s={search_term_string}\"},\"query-input\":{\"@type\":\"PropertyValueSpecification\",\"valueRequired\":true,\"valueName\":\"search_term_string\"}}],\"inLanguage\":\"cs\"},{\"@type\":\"Organization\",\"@id\":\"https:\/\/evertonfc.cz\/#organization\",\"name\":\"Official Czech & Slovak Everton Supporters' Club\",\"url\":\"https:\/\/evertonfc.cz\/\",\"logo\":{\"@type\":\"ImageObject\",\"inLanguage\":\"cs\",\"@id\":\"https:\/\/evertonfc.cz\/#\/schema\/logo\/image\/\",\"url\":\"https:\/\/evertonfc.cz\/wp-content\/uploads\/2019\/05\/logo.png\",\"contentUrl\":\"https:\/\/evertonfc.cz\/wp-content\/uploads\/2019\/05\/logo.png\",\"width\":112,\"height\":112,\"caption\":\"Official Czech & Slovak Everton Supporters' Club\"},\"image\":{\"@id\":\"https:\/\/evertonfc.cz\/#\/schema\/logo\/image\/\"},\"sameAs\":[\"https:\/\/www.facebook.com\/everton.fans.cz.sk\"]}]}<\/script>\n<!-- \/ Yoast SEO plugin. -->","yoast_head_json":{"title":"\u010eal\u0161\u00ed z\u00e1pas za zatvoren\u00fdmi dverami - Official Czech &amp; Slovak Everton Supporters&#039; Club","robots":{"index":"index","follow":"follow","max-snippet":"max-snippet:-1","max-image-preview":"max-image-preview:large","max-video-preview":"max-video-preview:-1"},"canonical":"https:\/\/evertonfc.cz\/index.php\/news\/dalsi-zapas-za-zatvorenymi-dverami\/","og_locale":"cs_CZ","og_type":"article","og_title":"\u010eal\u0161\u00ed z\u00e1pas za zatvoren\u00fdmi dverami - Official Czech &amp; Slovak Everton Supporters&#039; Club","og_description":"Everton v\u010dera odohral u\u017e druh\u00fd z\u00e1pas bez pr\u00edtomnosti verejnosti v tejto sez\u00f3ne, ur\u010den\u00fd pre hr\u00e1\u010dov, ktor\u00fdm ch\u00fdba kond\u00edcia a hern\u00e1&hellip;","og_url":"https:\/\/evertonfc.cz\/index.php\/news\/dalsi-zapas-za-zatvorenymi-dverami\/","og_site_name":"Official Czech &amp; Slovak Everton Supporters&#039; Club","article_publisher":"https:\/\/www.facebook.com\/everton.fans.cz.sk","twitter_card":"summary_large_image","twitter_misc":{"Odhadovan\u00e1 doba \u010dten\u00ed":"1 minuta"},"schema":{"@context":"https:\/\/schema.org","@graph":[{"@type":"WebPage","@id":"https:\/\/evertonfc.cz\/index.php\/news\/dalsi-zapas-za-zatvorenymi-dverami\/","url":"https:\/\/evertonfc.cz\/index.php\/news\/dalsi-zapas-za-zatvorenymi-dverami\/","name":"\u010eal\u0161\u00ed z\u00e1pas za zatvoren\u00fdmi dverami - Official Czech &amp; Slovak Everton Supporters&#039; Club","isPartOf":{"@id":"https:\/\/evertonfc.cz\/#website"},"datePublished":"2023-08-16T19:06:19+00:00","dateModified":"2023-08-16T19:06:19+00:00","breadcrumb":{"@id":"https:\/\/evertonfc.cz\/index.php\/news\/dalsi-zapas-za-zatvorenymi-dverami\/#breadcrumb"},"inLanguage":"cs","potentialAction":[{"@type":"ReadAction","target":["https:\/\/evertonfc.cz\/index.php\/news\/dalsi-zapas-za-zatvorenymi-dverami\/"]}]},{"@type":"BreadcrumbList","@id":"https:\/\/evertonfc.cz\/index.php\/news\/dalsi-zapas-za-zatvorenymi-dverami\/#breadcrumb","itemListElement":[{"@type":"ListItem","position":1,"name":"Home","item":"https:\/\/evertonfc.cz\/"},{"@type":"ListItem","position":2,"name":"News","item":"https:\/\/evertonfc.cz\/index.php\/news\/"},{"@type":"ListItem","position":3,"name":"\u010eal\u0161\u00ed z\u00e1pas za zatvoren\u00fdmi dverami"}]},{"@type":"WebSite","@id":"https:\/\/evertonfc.cz\/#website","url":"https:\/\/evertonfc.cz\/","name":"Official Czech &amp; Slovak Everton Supporters&#039; Club","description":"","publisher":{"@id":"https:\/\/evertonfc.cz\/#organization"},"potentialAction":[{"@type":"SearchAction","target":{"@type":"EntryPoint","urlTemplate":"https:\/\/evertonfc.cz\/?s={search_term_string}"},"query-input":{"@type":"PropertyValueSpecification","valueRequired":true,"valueName":"search_term_string"}}],"inLanguage":"cs"},{"@type":"Organization","@id":"https:\/\/evertonfc.cz\/#organization","name":"Official Czech & Slovak Everton Supporters' Club","url":"https:\/\/evertonfc.cz\/","logo":{"@type":"ImageObject","inLanguage":"cs","@id":"https:\/\/evertonfc.cz\/#\/schema\/logo\/image\/","url":"https:\/\/evertonfc.cz\/wp-content\/uploads\/2019\/05\/logo.png","contentUrl":"https:\/\/evertonfc.cz\/wp-content\/uploads\/2019\/05\/logo.png","width":112,"height":112,"caption":"Official Czech & Slovak Everton Supporters' Club"},"image":{"@id":"https:\/\/evertonfc.cz\/#\/schema\/logo\/image\/"},"sameAs":["https:\/\/www.facebook.com\/everton.fans.cz.sk"]}]}},"_links":{"self":[{"href":"https:\/\/evertonfc.cz\/index.php\/wp-json\/wp\/v2\/news\/22405"}],"collection":[{"href":"https:\/\/evertonfc.cz\/index.php\/wp-json\/wp\/v2\/news"}],"about":[{"href":"https:\/\/evertonfc.cz\/index.php\/wp-json\/wp\/v2\/types\/news"}],"author":[{"embeddable":true,"href":"https:\/\/evertonfc.cz\/index.php\/wp-json\/wp\/v2\/users\/1"}],"replies":[{"embeddable":true,"href":"https:\/\/evertonfc.cz\/index.php\/wp-json\/wp\/v2\/comments?post=22405"}],"version-history":[{"count":2,"href":"https:\/\/evertonfc.cz\/index.php\/wp-json\/wp\/v2\/news\/22405\/revisions"}],"predecessor-version":[{"id":22407,"href":"https:\/\/evertonfc.cz\/index.php\/wp-json\/wp\/v2\/news\/22405\/revisions\/22407"}],"wp:attachment":[{"href":"https:\/\/evertonfc.cz\/index.php\/wp-json\/wp\/v2\/media?parent=22405"}],"wp:term":[{"taxonomy":"post_tag","embeddable":true,"href":"https:\/\/evertonfc.cz\/index.php\/wp-json\/wp\/v2\/tags?post=22405"},{"taxonomy":"news-category","embeddable":true,"href":"https:\/\/evertonfc.cz\/index.php\/wp-json\/wp\/v2\/news-category?post=22405"}],"curies":[{"name":"wp","href":"https:\/\/api.w.org\/{rel}","templated":true}]}}