{"id":22589,"date":"2023-09-02T06:00:29","date_gmt":"2023-09-02T04:00:29","guid":{"rendered":"https:\/\/evertonfc.cz\/?post_type=news&#038;p=22589"},"modified":"2023-09-02T06:05:59","modified_gmt":"2023-09-02T04:05:59","slug":"cannon-prestoupil-do-leicesteru","status":"publish","type":"news","link":"https:\/\/evertonfc.cz\/index.php\/news\/cannon-prestoupil-do-leicesteru\/","title":{"rendered":"Cannon p\u0159estoupil do Leicesteru"},"content":{"rendered":"<p>Tom Cannon natrvalo opustil Everton. Za p\u0159ibli\u017en\u011b 7,5 milionu liber ho koupil Leicester City, kter\u00fd v minul\u00e9m roce sestoupil do druh\u00e9 anglick\u00e9 ligy.<\/p>\n<p>20let\u00fd \u00fato\u010dn\u00edk ji\u017e na ja\u0159e hostoval v Championshipu, kde v dresu Prestonu North pod\u00e1val v\u00fdborn\u00e9 v\u00fdkony. Ve sv\u00e9 debutov\u00e9 (p\u016fl)sez\u00f3n\u011b mezi dosp\u011bl\u00fdmi vst\u0159elil osm branek v 19 z\u00e1pasech.<\/p>\n<p>P\u016fvodn\u011b se p\u0159edpokl\u00e1dalo, \u017ee odchovanec Evertonu odejde v tomto l\u00e9t\u011b znovu na hostov\u00e1n\u00ed a v budoucnu zabojuje o m\u00edsto v A-t\u00fdmu. Av\u0161ak s p\u0159\u00edchodem portugalsk\u00fdch \u00fato\u010dn\u00edk\u016f Beta a Chermitiho se rapidn\u011b zv\u00fd\u0161ila konkurence na jeho pozici a k tomu je\u0161t\u011b Everton obdr\u017eel velmi v\u00fdhodnou nab\u00eddku od Leicesteru.<\/p>\n<p>Za Everton odehr\u00e1l Cannon pouze 32 minut ve \u010dty\u0159ech z\u00e1pasech.<\/p>\n","protected":false},"excerpt":{"rendered":"<p>Tom Cannon natrvalo opustil Everton. Za p\u0159ibli\u017en\u011b 7,5 milionu liber ho koupil Leicester City, kter\u00fd v minul\u00e9m roce sestoupil do&hellip;<\/p>\n","protected":false},"author":6,"featured_media":0,"comment_status":"open","ping_status":"closed","template":"","tags":[],"news-category":[18],"yoast_head":"<!-- This site is optimized with the Yoast SEO plugin v23.4 - https:\/\/yoast.com\/wordpress\/plugins\/seo\/ -->\n<title>Cannon p\u0159estoupil do Leicesteru - Official Czech &amp; Slovak Everton Supporters&#039; Club<\/title>\n<meta name=\"robots\" content=\"index, follow, max-snippet:-1, max-image-preview:large, max-video-preview:-1\" \/>\n<link rel=\"canonical\" href=\"https:\/\/evertonfc.cz\/index.php\/news\/cannon-prestoupil-do-leicesteru\/\" \/>\n<meta property=\"og:locale\" content=\"cs_CZ\" \/>\n<meta property=\"og:type\" content=\"article\" \/>\n<meta property=\"og:title\" content=\"Cannon p\u0159estoupil do Leicesteru - Official Czech &amp; Slovak Everton Supporters&#039; Club\" \/>\n<meta property=\"og:description\" content=\"Tom Cannon natrvalo opustil Everton. Za p\u0159ibli\u017en\u011b 7,5 milionu liber ho koupil Leicester City, kter\u00fd v minul\u00e9m roce sestoupil do&hellip;\" \/>\n<meta property=\"og:url\" content=\"https:\/\/evertonfc.cz\/index.php\/news\/cannon-prestoupil-do-leicesteru\/\" \/>\n<meta property=\"og:site_name\" content=\"Official Czech &amp; Slovak Everton Supporters&#039; Club\" \/>\n<meta property=\"article:publisher\" content=\"https:\/\/www.facebook.com\/everton.fans.cz.sk\" \/>\n<meta property=\"article:modified_time\" content=\"2023-09-02T04:05:59+00:00\" \/>\n<meta name=\"twitter:card\" content=\"summary_large_image\" \/>\n<meta name=\"twitter:label1\" content=\"Odhadovan\u00e1 doba \u010dten\u00ed\" \/>\n\t<meta name=\"twitter:data1\" content=\"1 minuta\" \/>\n<script type=\"application\/ld+json\" class=\"yoast-schema-graph\">{\"@context\":\"https:\/\/schema.org\",\"@graph\":[{\"@type\":\"WebPage\",\"@id\":\"https:\/\/evertonfc.cz\/index.php\/news\/cannon-prestoupil-do-leicesteru\/\",\"url\":\"https:\/\/evertonfc.cz\/index.php\/news\/cannon-prestoupil-do-leicesteru\/\",\"name\":\"Cannon p\u0159estoupil do Leicesteru - Official Czech &amp; Slovak Everton Supporters&#039; Club\",\"isPartOf\":{\"@id\":\"https:\/\/evertonfc.cz\/#website\"},\"datePublished\":\"2023-09-02T04:00:29+00:00\",\"dateModified\":\"2023-09-02T04:05:59+00:00\",\"breadcrumb\":{\"@id\":\"https:\/\/evertonfc.cz\/index.php\/news\/cannon-prestoupil-do-leicesteru\/#breadcrumb\"},\"inLanguage\":\"cs\",\"potentialAction\":[{\"@type\":\"ReadAction\",\"target\":[\"https:\/\/evertonfc.cz\/index.php\/news\/cannon-prestoupil-do-leicesteru\/\"]}]},{\"@type\":\"BreadcrumbList\",\"@id\":\"https:\/\/evertonfc.cz\/index.php\/news\/cannon-prestoupil-do-leicesteru\/#breadcrumb\",\"itemListElement\":[{\"@type\":\"ListItem\",\"position\":1,\"name\":\"Home\",\"item\":\"https:\/\/evertonfc.cz\/\"},{\"@type\":\"ListItem\",\"position\":2,\"name\":\"News\",\"item\":\"https:\/\/evertonfc.cz\/index.php\/news\/\"},{\"@type\":\"ListItem\",\"position\":3,\"name\":\"Cannon p\u0159estoupil do Leicesteru\"}]},{\"@type\":\"WebSite\",\"@id\":\"https:\/\/evertonfc.cz\/#website\",\"url\":\"https:\/\/evertonfc.cz\/\",\"name\":\"Official Czech &amp; Slovak Everton Supporters&#039; Club\",\"description\":\"\",\"publisher\":{\"@id\":\"https:\/\/evertonfc.cz\/#organization\"},\"potentialAction\":[{\"@type\":\"SearchAction\",\"target\":{\"@type\":\"EntryPoint\",\"urlTemplate\":\"https:\/\/evertonfc.cz\/?s={search_term_string}\"},\"query-input\":{\"@type\":\"PropertyValueSpecification\",\"valueRequired\":true,\"valueName\":\"search_term_string\"}}],\"inLanguage\":\"cs\"},{\"@type\":\"Organization\",\"@id\":\"https:\/\/evertonfc.cz\/#organization\",\"name\":\"Official Czech & Slovak Everton Supporters' Club\",\"url\":\"https:\/\/evertonfc.cz\/\",\"logo\":{\"@type\":\"ImageObject\",\"inLanguage\":\"cs\",\"@id\":\"https:\/\/evertonfc.cz\/#\/schema\/logo\/image\/\",\"url\":\"https:\/\/evertonfc.cz\/wp-content\/uploads\/2019\/05\/logo.png\",\"contentUrl\":\"https:\/\/evertonfc.cz\/wp-content\/uploads\/2019\/05\/logo.png\",\"width\":112,\"height\":112,\"caption\":\"Official Czech & Slovak Everton Supporters' Club\"},\"image\":{\"@id\":\"https:\/\/evertonfc.cz\/#\/schema\/logo\/image\/\"},\"sameAs\":[\"https:\/\/www.facebook.com\/everton.fans.cz.sk\"]}]}<\/script>\n<!-- \/ Yoast SEO plugin. -->","yoast_head_json":{"title":"Cannon p\u0159estoupil do Leicesteru - Official Czech &amp; Slovak Everton Supporters&#039; Club","robots":{"index":"index","follow":"follow","max-snippet":"max-snippet:-1","max-image-preview":"max-image-preview:large","max-video-preview":"max-video-preview:-1"},"canonical":"https:\/\/evertonfc.cz\/index.php\/news\/cannon-prestoupil-do-leicesteru\/","og_locale":"cs_CZ","og_type":"article","og_title":"Cannon p\u0159estoupil do Leicesteru - Official Czech &amp; Slovak Everton Supporters&#039; Club","og_description":"Tom Cannon natrvalo opustil Everton. Za p\u0159ibli\u017en\u011b 7,5 milionu liber ho koupil Leicester City, kter\u00fd v minul\u00e9m roce sestoupil do&hellip;","og_url":"https:\/\/evertonfc.cz\/index.php\/news\/cannon-prestoupil-do-leicesteru\/","og_site_name":"Official Czech &amp; Slovak Everton Supporters&#039; Club","article_publisher":"https:\/\/www.facebook.com\/everton.fans.cz.sk","article_modified_time":"2023-09-02T04:05:59+00:00","twitter_card":"summary_large_image","twitter_misc":{"Odhadovan\u00e1 doba \u010dten\u00ed":"1 minuta"},"schema":{"@context":"https:\/\/schema.org","@graph":[{"@type":"WebPage","@id":"https:\/\/evertonfc.cz\/index.php\/news\/cannon-prestoupil-do-leicesteru\/","url":"https:\/\/evertonfc.cz\/index.php\/news\/cannon-prestoupil-do-leicesteru\/","name":"Cannon p\u0159estoupil do Leicesteru - Official Czech &amp; Slovak Everton Supporters&#039; Club","isPartOf":{"@id":"https:\/\/evertonfc.cz\/#website"},"datePublished":"2023-09-02T04:00:29+00:00","dateModified":"2023-09-02T04:05:59+00:00","breadcrumb":{"@id":"https:\/\/evertonfc.cz\/index.php\/news\/cannon-prestoupil-do-leicesteru\/#breadcrumb"},"inLanguage":"cs","potentialAction":[{"@type":"ReadAction","target":["https:\/\/evertonfc.cz\/index.php\/news\/cannon-prestoupil-do-leicesteru\/"]}]},{"@type":"BreadcrumbList","@id":"https:\/\/evertonfc.cz\/index.php\/news\/cannon-prestoupil-do-leicesteru\/#breadcrumb","itemListElement":[{"@type":"ListItem","position":1,"name":"Home","item":"https:\/\/evertonfc.cz\/"},{"@type":"ListItem","position":2,"name":"News","item":"https:\/\/evertonfc.cz\/index.php\/news\/"},{"@type":"ListItem","position":3,"name":"Cannon p\u0159estoupil do Leicesteru"}]},{"@type":"WebSite","@id":"https:\/\/evertonfc.cz\/#website","url":"https:\/\/evertonfc.cz\/","name":"Official Czech &amp; Slovak Everton Supporters&#039; Club","description":"","publisher":{"@id":"https:\/\/evertonfc.cz\/#organization"},"potentialAction":[{"@type":"SearchAction","target":{"@type":"EntryPoint","urlTemplate":"https:\/\/evertonfc.cz\/?s={search_term_string}"},"query-input":{"@type":"PropertyValueSpecification","valueRequired":true,"valueName":"search_term_string"}}],"inLanguage":"cs"},{"@type":"Organization","@id":"https:\/\/evertonfc.cz\/#organization","name":"Official Czech & Slovak Everton Supporters' Club","url":"https:\/\/evertonfc.cz\/","logo":{"@type":"ImageObject","inLanguage":"cs","@id":"https:\/\/evertonfc.cz\/#\/schema\/logo\/image\/","url":"https:\/\/evertonfc.cz\/wp-content\/uploads\/2019\/05\/logo.png","contentUrl":"https:\/\/evertonfc.cz\/wp-content\/uploads\/2019\/05\/logo.png","width":112,"height":112,"caption":"Official Czech & Slovak Everton Supporters' Club"},"image":{"@id":"https:\/\/evertonfc.cz\/#\/schema\/logo\/image\/"},"sameAs":["https:\/\/www.facebook.com\/everton.fans.cz.sk"]}]}},"_links":{"self":[{"href":"https:\/\/evertonfc.cz\/index.php\/wp-json\/wp\/v2\/news\/22589"}],"collection":[{"href":"https:\/\/evertonfc.cz\/index.php\/wp-json\/wp\/v2\/news"}],"about":[{"href":"https:\/\/evertonfc.cz\/index.php\/wp-json\/wp\/v2\/types\/news"}],"author":[{"embeddable":true,"href":"https:\/\/evertonfc.cz\/index.php\/wp-json\/wp\/v2\/users\/6"}],"replies":[{"embeddable":true,"href":"https:\/\/evertonfc.cz\/index.php\/wp-json\/wp\/v2\/comments?post=22589"}],"version-history":[{"count":3,"href":"https:\/\/evertonfc.cz\/index.php\/wp-json\/wp\/v2\/news\/22589\/revisions"}],"predecessor-version":[{"id":22620,"href":"https:\/\/evertonfc.cz\/index.php\/wp-json\/wp\/v2\/news\/22589\/revisions\/22620"}],"wp:attachment":[{"href":"https:\/\/evertonfc.cz\/index.php\/wp-json\/wp\/v2\/media?parent=22589"}],"wp:term":[{"taxonomy":"post_tag","embeddable":true,"href":"https:\/\/evertonfc.cz\/index.php\/wp-json\/wp\/v2\/tags?post=22589"},{"taxonomy":"news-category","embeddable":true,"href":"https:\/\/evertonfc.cz\/index.php\/wp-json\/wp\/v2\/news-category?post=22589"}],"curies":[{"name":"wp","href":"https:\/\/api.w.org\/{rel}","templated":true}]}}