{"id":22625,"date":"2023-09-02T07:31:08","date_gmt":"2023-09-02T05:31:08","guid":{"rendered":"https:\/\/evertonfc.cz\/?post_type=news&#038;p=22625"},"modified":"2023-09-02T07:31:08","modified_gmt":"2023-09-02T05:31:08","slug":"gbamin-se-rozloucil-s-evertonem","status":"publish","type":"news","link":"https:\/\/evertonfc.cz\/index.php\/news\/gbamin-se-rozloucil-s-evertonem\/","title":{"rendered":"Gbamin se rozlou\u010dil s Evertonem"},"content":{"rendered":"<p>Jean-Philippe Gbamin se dohodl s Evertonem na p\u0159ed\u010dasn\u00e9m ukon\u010den\u00ed smlouvy, kter\u00e1 m\u011bla p\u016fvodn\u011b platit a\u017e do p\u0159\u00ed\u0161t\u00edho roku. Po \u010dty\u0159ech letech tak definitivn\u011b kon\u010d\u00ed jeho ne\u00fasp\u011b\u0161n\u00e9 anga\u017em\u00e1 na Britsk\u00fdch ostrovech.<\/p>\n<p>U\u017e 27let\u00fd defenzivn\u00ed z\u00e1lo\u017en\u00edk p\u0159estoupil na Goodison Park v roce 2019 s velk\u00fdmi o\u010dek\u00e1v\u00e1n\u00edmi, Everton tehdy tak\u00e9 zaplatil Mainzu (Mohu\u010di) za jeho p\u0159estup a\u017e 25 milion\u016f liber. Bohu\u017eel, Gbamin kv\u016fli opakovan\u00fdm v\u00e1\u017en\u00fdm zdravotn\u00edm probl\u00e9m\u016fm odehr\u00e1l za Everton pouh\u00fdch osm sout\u011b\u017en\u00edch z\u00e1pas\u016f. Postupn\u011b byl rovn\u011b\u017e posl\u00e1n na hostov\u00e1n\u00ed do moskevsk\u00e9ho CSKA a v minul\u00e9 sez\u00f3n\u011b do tureck\u00e9ho Trabzonsporu.<\/p>\n","protected":false},"excerpt":{"rendered":"<p>Jean-Philippe Gbamin se dohodl s Evertonem na p\u0159ed\u010dasn\u00e9m ukon\u010den\u00ed smlouvy, kter\u00e1 m\u011bla p\u016fvodn\u011b platit a\u017e do p\u0159\u00ed\u0161t\u00edho roku. Po \u010dty\u0159ech&hellip;<\/p>\n","protected":false},"author":6,"featured_media":0,"comment_status":"open","ping_status":"closed","template":"","tags":[],"news-category":[18],"yoast_head":"<!-- This site is optimized with the Yoast SEO plugin v23.4 - https:\/\/yoast.com\/wordpress\/plugins\/seo\/ -->\n<title>Gbamin se rozlou\u010dil s Evertonem - Official Czech &amp; Slovak Everton Supporters&#039; Club<\/title>\n<meta name=\"robots\" content=\"index, follow, max-snippet:-1, max-image-preview:large, max-video-preview:-1\" \/>\n<link rel=\"canonical\" href=\"https:\/\/evertonfc.cz\/index.php\/news\/gbamin-se-rozloucil-s-evertonem\/\" \/>\n<meta property=\"og:locale\" content=\"cs_CZ\" \/>\n<meta property=\"og:type\" content=\"article\" \/>\n<meta property=\"og:title\" content=\"Gbamin se rozlou\u010dil s Evertonem - Official Czech &amp; Slovak Everton Supporters&#039; Club\" \/>\n<meta property=\"og:description\" content=\"Jean-Philippe Gbamin se dohodl s Evertonem na p\u0159ed\u010dasn\u00e9m ukon\u010den\u00ed smlouvy, kter\u00e1 m\u011bla p\u016fvodn\u011b platit a\u017e do p\u0159\u00ed\u0161t\u00edho roku. Po \u010dty\u0159ech&hellip;\" \/>\n<meta property=\"og:url\" content=\"https:\/\/evertonfc.cz\/index.php\/news\/gbamin-se-rozloucil-s-evertonem\/\" \/>\n<meta property=\"og:site_name\" content=\"Official Czech &amp; Slovak Everton Supporters&#039; Club\" \/>\n<meta property=\"article:publisher\" content=\"https:\/\/www.facebook.com\/everton.fans.cz.sk\" \/>\n<meta name=\"twitter:card\" content=\"summary_large_image\" \/>\n<meta name=\"twitter:label1\" content=\"Odhadovan\u00e1 doba \u010dten\u00ed\" \/>\n\t<meta name=\"twitter:data1\" content=\"1 minuta\" \/>\n<script type=\"application\/ld+json\" class=\"yoast-schema-graph\">{\"@context\":\"https:\/\/schema.org\",\"@graph\":[{\"@type\":\"WebPage\",\"@id\":\"https:\/\/evertonfc.cz\/index.php\/news\/gbamin-se-rozloucil-s-evertonem\/\",\"url\":\"https:\/\/evertonfc.cz\/index.php\/news\/gbamin-se-rozloucil-s-evertonem\/\",\"name\":\"Gbamin se rozlou\u010dil s Evertonem - Official Czech &amp; Slovak Everton Supporters&#039; Club\",\"isPartOf\":{\"@id\":\"https:\/\/evertonfc.cz\/#website\"},\"datePublished\":\"2023-09-02T05:31:08+00:00\",\"dateModified\":\"2023-09-02T05:31:08+00:00\",\"breadcrumb\":{\"@id\":\"https:\/\/evertonfc.cz\/index.php\/news\/gbamin-se-rozloucil-s-evertonem\/#breadcrumb\"},\"inLanguage\":\"cs\",\"potentialAction\":[{\"@type\":\"ReadAction\",\"target\":[\"https:\/\/evertonfc.cz\/index.php\/news\/gbamin-se-rozloucil-s-evertonem\/\"]}]},{\"@type\":\"BreadcrumbList\",\"@id\":\"https:\/\/evertonfc.cz\/index.php\/news\/gbamin-se-rozloucil-s-evertonem\/#breadcrumb\",\"itemListElement\":[{\"@type\":\"ListItem\",\"position\":1,\"name\":\"Home\",\"item\":\"https:\/\/evertonfc.cz\/\"},{\"@type\":\"ListItem\",\"position\":2,\"name\":\"News\",\"item\":\"https:\/\/evertonfc.cz\/index.php\/news\/\"},{\"@type\":\"ListItem\",\"position\":3,\"name\":\"Gbamin se rozlou\u010dil s Evertonem\"}]},{\"@type\":\"WebSite\",\"@id\":\"https:\/\/evertonfc.cz\/#website\",\"url\":\"https:\/\/evertonfc.cz\/\",\"name\":\"Official Czech &amp; Slovak Everton Supporters&#039; Club\",\"description\":\"\",\"publisher\":{\"@id\":\"https:\/\/evertonfc.cz\/#organization\"},\"potentialAction\":[{\"@type\":\"SearchAction\",\"target\":{\"@type\":\"EntryPoint\",\"urlTemplate\":\"https:\/\/evertonfc.cz\/?s={search_term_string}\"},\"query-input\":{\"@type\":\"PropertyValueSpecification\",\"valueRequired\":true,\"valueName\":\"search_term_string\"}}],\"inLanguage\":\"cs\"},{\"@type\":\"Organization\",\"@id\":\"https:\/\/evertonfc.cz\/#organization\",\"name\":\"Official Czech & Slovak Everton Supporters' Club\",\"url\":\"https:\/\/evertonfc.cz\/\",\"logo\":{\"@type\":\"ImageObject\",\"inLanguage\":\"cs\",\"@id\":\"https:\/\/evertonfc.cz\/#\/schema\/logo\/image\/\",\"url\":\"https:\/\/evertonfc.cz\/wp-content\/uploads\/2019\/05\/logo.png\",\"contentUrl\":\"https:\/\/evertonfc.cz\/wp-content\/uploads\/2019\/05\/logo.png\",\"width\":112,\"height\":112,\"caption\":\"Official Czech & Slovak Everton Supporters' Club\"},\"image\":{\"@id\":\"https:\/\/evertonfc.cz\/#\/schema\/logo\/image\/\"},\"sameAs\":[\"https:\/\/www.facebook.com\/everton.fans.cz.sk\"]}]}<\/script>\n<!-- \/ Yoast SEO plugin. -->","yoast_head_json":{"title":"Gbamin se rozlou\u010dil s Evertonem - Official Czech &amp; Slovak Everton Supporters&#039; Club","robots":{"index":"index","follow":"follow","max-snippet":"max-snippet:-1","max-image-preview":"max-image-preview:large","max-video-preview":"max-video-preview:-1"},"canonical":"https:\/\/evertonfc.cz\/index.php\/news\/gbamin-se-rozloucil-s-evertonem\/","og_locale":"cs_CZ","og_type":"article","og_title":"Gbamin se rozlou\u010dil s Evertonem - Official Czech &amp; Slovak Everton Supporters&#039; Club","og_description":"Jean-Philippe Gbamin se dohodl s Evertonem na p\u0159ed\u010dasn\u00e9m ukon\u010den\u00ed smlouvy, kter\u00e1 m\u011bla p\u016fvodn\u011b platit a\u017e do p\u0159\u00ed\u0161t\u00edho roku. Po \u010dty\u0159ech&hellip;","og_url":"https:\/\/evertonfc.cz\/index.php\/news\/gbamin-se-rozloucil-s-evertonem\/","og_site_name":"Official Czech &amp; Slovak Everton Supporters&#039; Club","article_publisher":"https:\/\/www.facebook.com\/everton.fans.cz.sk","twitter_card":"summary_large_image","twitter_misc":{"Odhadovan\u00e1 doba \u010dten\u00ed":"1 minuta"},"schema":{"@context":"https:\/\/schema.org","@graph":[{"@type":"WebPage","@id":"https:\/\/evertonfc.cz\/index.php\/news\/gbamin-se-rozloucil-s-evertonem\/","url":"https:\/\/evertonfc.cz\/index.php\/news\/gbamin-se-rozloucil-s-evertonem\/","name":"Gbamin se rozlou\u010dil s Evertonem - Official Czech &amp; Slovak Everton Supporters&#039; Club","isPartOf":{"@id":"https:\/\/evertonfc.cz\/#website"},"datePublished":"2023-09-02T05:31:08+00:00","dateModified":"2023-09-02T05:31:08+00:00","breadcrumb":{"@id":"https:\/\/evertonfc.cz\/index.php\/news\/gbamin-se-rozloucil-s-evertonem\/#breadcrumb"},"inLanguage":"cs","potentialAction":[{"@type":"ReadAction","target":["https:\/\/evertonfc.cz\/index.php\/news\/gbamin-se-rozloucil-s-evertonem\/"]}]},{"@type":"BreadcrumbList","@id":"https:\/\/evertonfc.cz\/index.php\/news\/gbamin-se-rozloucil-s-evertonem\/#breadcrumb","itemListElement":[{"@type":"ListItem","position":1,"name":"Home","item":"https:\/\/evertonfc.cz\/"},{"@type":"ListItem","position":2,"name":"News","item":"https:\/\/evertonfc.cz\/index.php\/news\/"},{"@type":"ListItem","position":3,"name":"Gbamin se rozlou\u010dil s Evertonem"}]},{"@type":"WebSite","@id":"https:\/\/evertonfc.cz\/#website","url":"https:\/\/evertonfc.cz\/","name":"Official Czech &amp; Slovak Everton Supporters&#039; Club","description":"","publisher":{"@id":"https:\/\/evertonfc.cz\/#organization"},"potentialAction":[{"@type":"SearchAction","target":{"@type":"EntryPoint","urlTemplate":"https:\/\/evertonfc.cz\/?s={search_term_string}"},"query-input":{"@type":"PropertyValueSpecification","valueRequired":true,"valueName":"search_term_string"}}],"inLanguage":"cs"},{"@type":"Organization","@id":"https:\/\/evertonfc.cz\/#organization","name":"Official Czech & Slovak Everton Supporters' Club","url":"https:\/\/evertonfc.cz\/","logo":{"@type":"ImageObject","inLanguage":"cs","@id":"https:\/\/evertonfc.cz\/#\/schema\/logo\/image\/","url":"https:\/\/evertonfc.cz\/wp-content\/uploads\/2019\/05\/logo.png","contentUrl":"https:\/\/evertonfc.cz\/wp-content\/uploads\/2019\/05\/logo.png","width":112,"height":112,"caption":"Official Czech & Slovak Everton Supporters' Club"},"image":{"@id":"https:\/\/evertonfc.cz\/#\/schema\/logo\/image\/"},"sameAs":["https:\/\/www.facebook.com\/everton.fans.cz.sk"]}]}},"_links":{"self":[{"href":"https:\/\/evertonfc.cz\/index.php\/wp-json\/wp\/v2\/news\/22625"}],"collection":[{"href":"https:\/\/evertonfc.cz\/index.php\/wp-json\/wp\/v2\/news"}],"about":[{"href":"https:\/\/evertonfc.cz\/index.php\/wp-json\/wp\/v2\/types\/news"}],"author":[{"embeddable":true,"href":"https:\/\/evertonfc.cz\/index.php\/wp-json\/wp\/v2\/users\/6"}],"replies":[{"embeddable":true,"href":"https:\/\/evertonfc.cz\/index.php\/wp-json\/wp\/v2\/comments?post=22625"}],"version-history":[{"count":1,"href":"https:\/\/evertonfc.cz\/index.php\/wp-json\/wp\/v2\/news\/22625\/revisions"}],"predecessor-version":[{"id":22626,"href":"https:\/\/evertonfc.cz\/index.php\/wp-json\/wp\/v2\/news\/22625\/revisions\/22626"}],"wp:attachment":[{"href":"https:\/\/evertonfc.cz\/index.php\/wp-json\/wp\/v2\/media?parent=22625"}],"wp:term":[{"taxonomy":"post_tag","embeddable":true,"href":"https:\/\/evertonfc.cz\/index.php\/wp-json\/wp\/v2\/tags?post=22625"},{"taxonomy":"news-category","embeddable":true,"href":"https:\/\/evertonfc.cz\/index.php\/wp-json\/wp\/v2\/news-category?post=22625"}],"curies":[{"name":"wp","href":"https:\/\/api.w.org\/{rel}","templated":true}]}}