{"id":22750,"date":"2023-09-14T21:04:35","date_gmt":"2023-09-14T19:04:35","guid":{"rendered":"https:\/\/evertonfc.cz\/?post_type=news&#038;p=22750"},"modified":"2023-09-14T21:06:51","modified_gmt":"2023-09-14T19:06:51","slug":"gabby-george-odchazi","status":"publish","type":"news","link":"https:\/\/evertonfc.cz\/index.php\/news\/gabby-george-odchazi\/","title":{"rendered":"Gabby George odch\u00e1z\u00ed"},"content":{"rendered":"<p>Nen\u00ed p\u0159estupov\u00e9 obdob\u00ed, kter\u00e9 by aspo\u0148 z\u010d\u00e1sti nerozesmutnilo nejednoho Evertoniana. Nejinak tomu je i letos. T\u011bsn\u011b p\u0159ed konce Deadline Day finalizovala Gabby George sv\u016fj p\u0159estup do MUTD. Zde nahrad\u00ed pil\u00ed\u0159 obrany United &#8211; Onu Battle, kter\u00e1 v l\u00e9t\u011b ode\u0161la do Barcelony. Blues v Gabby George (kter\u00e1 je, mimochodem sest\u0159enic\u00ed Jesse Lingarda) ztr\u00e1cej\u00ed v\u00fdbornou obr\u00e1nkyni a pevnou sou\u010d\u00e1st \u017eensk\u00e9ho t\u00fdmu. George na Walton Hall Park zanechala dlouhou a v\u00fdraznou stopou. V Evertonu je od roku 2014. Ve sv\u00e9 debutov\u00e9 sez\u00f3n\u011b si ve v\u011bku 17 let zahr\u00e1la i v semifin\u00e1le FA Cup.\u00a0 V roce 2017 se stala prvn\u00ed hr\u00e1\u010dkou Evertonu, kter\u00e1 s klubem uzav\u0159ela pln\u011b profesion\u00e1ln\u00ed smlouvu. Kari\u00e9ru j\u00ed zbrzdilo p\u0159etr\u017een\u00ed p\u0159edn\u00edho zk\u0159\u00ed\u017een\u00e9ho vazu v r. 2020, ze kter\u00e9ho se ov\u0161em velmi \u00fasp\u011b\u0161n\u011b uzdravila a v posledn\u00edch dvou sez\u00f3n\u00e1ch t\u00e1hla sv\u00fdmi v\u00fdkony cel\u00fd t\u00fdm. Hodn\u011b \u0161t\u011bst\u00ed, Gabby, ale bude\u0161 n\u00e1m zatracen\u011b chyb\u011bt. <strong><span style=\"color: #0000ff;\" data-darkreader-inline-color=\"\">COYB!<\/span><\/strong><\/p>\n","protected":false},"excerpt":{"rendered":"<p>Nen\u00ed p\u0159estupov\u00e9 obdob\u00ed, kter\u00e9 by aspo\u0148 z\u010d\u00e1sti nerozesmutnilo nejednoho Evertoniana. Nejinak tomu je i letos. T\u011bsn\u011b p\u0159ed konce Deadline Day&hellip;<\/p>\n","protected":false},"author":26,"featured_media":0,"comment_status":"open","ping_status":"closed","template":"","tags":[],"news-category":[18],"yoast_head":"<!-- This site is optimized with the Yoast SEO plugin v23.4 - https:\/\/yoast.com\/wordpress\/plugins\/seo\/ -->\n<title>Gabby George odch\u00e1z\u00ed - Official Czech &amp; Slovak Everton Supporters&#039; Club<\/title>\n<meta name=\"robots\" content=\"index, follow, max-snippet:-1, max-image-preview:large, max-video-preview:-1\" \/>\n<link rel=\"canonical\" href=\"https:\/\/evertonfc.cz\/index.php\/news\/gabby-george-odchazi\/\" \/>\n<meta property=\"og:locale\" content=\"cs_CZ\" \/>\n<meta property=\"og:type\" content=\"article\" \/>\n<meta property=\"og:title\" content=\"Gabby George odch\u00e1z\u00ed - Official Czech &amp; Slovak Everton Supporters&#039; Club\" \/>\n<meta property=\"og:description\" content=\"Nen\u00ed p\u0159estupov\u00e9 obdob\u00ed, kter\u00e9 by aspo\u0148 z\u010d\u00e1sti nerozesmutnilo nejednoho Evertoniana. Nejinak tomu je i letos. T\u011bsn\u011b p\u0159ed konce Deadline Day&hellip;\" \/>\n<meta property=\"og:url\" content=\"https:\/\/evertonfc.cz\/index.php\/news\/gabby-george-odchazi\/\" \/>\n<meta property=\"og:site_name\" content=\"Official Czech &amp; Slovak Everton Supporters&#039; Club\" \/>\n<meta property=\"article:publisher\" content=\"https:\/\/www.facebook.com\/everton.fans.cz.sk\" \/>\n<meta property=\"article:modified_time\" content=\"2023-09-14T19:06:51+00:00\" \/>\n<meta name=\"twitter:card\" content=\"summary_large_image\" \/>\n<meta name=\"twitter:label1\" content=\"Odhadovan\u00e1 doba \u010dten\u00ed\" \/>\n\t<meta name=\"twitter:data1\" content=\"1 minuta\" \/>\n<script type=\"application\/ld+json\" class=\"yoast-schema-graph\">{\"@context\":\"https:\/\/schema.org\",\"@graph\":[{\"@type\":\"WebPage\",\"@id\":\"https:\/\/evertonfc.cz\/index.php\/news\/gabby-george-odchazi\/\",\"url\":\"https:\/\/evertonfc.cz\/index.php\/news\/gabby-george-odchazi\/\",\"name\":\"Gabby George odch\u00e1z\u00ed - Official Czech &amp; Slovak Everton Supporters&#039; Club\",\"isPartOf\":{\"@id\":\"https:\/\/evertonfc.cz\/#website\"},\"datePublished\":\"2023-09-14T19:04:35+00:00\",\"dateModified\":\"2023-09-14T19:06:51+00:00\",\"breadcrumb\":{\"@id\":\"https:\/\/evertonfc.cz\/index.php\/news\/gabby-george-odchazi\/#breadcrumb\"},\"inLanguage\":\"cs\",\"potentialAction\":[{\"@type\":\"ReadAction\",\"target\":[\"https:\/\/evertonfc.cz\/index.php\/news\/gabby-george-odchazi\/\"]}]},{\"@type\":\"BreadcrumbList\",\"@id\":\"https:\/\/evertonfc.cz\/index.php\/news\/gabby-george-odchazi\/#breadcrumb\",\"itemListElement\":[{\"@type\":\"ListItem\",\"position\":1,\"name\":\"Home\",\"item\":\"https:\/\/evertonfc.cz\/\"},{\"@type\":\"ListItem\",\"position\":2,\"name\":\"News\",\"item\":\"https:\/\/evertonfc.cz\/index.php\/news\/\"},{\"@type\":\"ListItem\",\"position\":3,\"name\":\"Gabby George odch\u00e1z\u00ed\"}]},{\"@type\":\"WebSite\",\"@id\":\"https:\/\/evertonfc.cz\/#website\",\"url\":\"https:\/\/evertonfc.cz\/\",\"name\":\"Official Czech &amp; Slovak Everton Supporters&#039; Club\",\"description\":\"\",\"publisher\":{\"@id\":\"https:\/\/evertonfc.cz\/#organization\"},\"potentialAction\":[{\"@type\":\"SearchAction\",\"target\":{\"@type\":\"EntryPoint\",\"urlTemplate\":\"https:\/\/evertonfc.cz\/?s={search_term_string}\"},\"query-input\":{\"@type\":\"PropertyValueSpecification\",\"valueRequired\":true,\"valueName\":\"search_term_string\"}}],\"inLanguage\":\"cs\"},{\"@type\":\"Organization\",\"@id\":\"https:\/\/evertonfc.cz\/#organization\",\"name\":\"Official Czech & Slovak Everton Supporters' Club\",\"url\":\"https:\/\/evertonfc.cz\/\",\"logo\":{\"@type\":\"ImageObject\",\"inLanguage\":\"cs\",\"@id\":\"https:\/\/evertonfc.cz\/#\/schema\/logo\/image\/\",\"url\":\"https:\/\/evertonfc.cz\/wp-content\/uploads\/2019\/05\/logo.png\",\"contentUrl\":\"https:\/\/evertonfc.cz\/wp-content\/uploads\/2019\/05\/logo.png\",\"width\":112,\"height\":112,\"caption\":\"Official Czech & Slovak Everton Supporters' Club\"},\"image\":{\"@id\":\"https:\/\/evertonfc.cz\/#\/schema\/logo\/image\/\"},\"sameAs\":[\"https:\/\/www.facebook.com\/everton.fans.cz.sk\"]}]}<\/script>\n<!-- \/ Yoast SEO plugin. -->","yoast_head_json":{"title":"Gabby George odch\u00e1z\u00ed - Official Czech &amp; Slovak Everton Supporters&#039; Club","robots":{"index":"index","follow":"follow","max-snippet":"max-snippet:-1","max-image-preview":"max-image-preview:large","max-video-preview":"max-video-preview:-1"},"canonical":"https:\/\/evertonfc.cz\/index.php\/news\/gabby-george-odchazi\/","og_locale":"cs_CZ","og_type":"article","og_title":"Gabby George odch\u00e1z\u00ed - Official Czech &amp; Slovak Everton Supporters&#039; Club","og_description":"Nen\u00ed p\u0159estupov\u00e9 obdob\u00ed, kter\u00e9 by aspo\u0148 z\u010d\u00e1sti nerozesmutnilo nejednoho Evertoniana. Nejinak tomu je i letos. T\u011bsn\u011b p\u0159ed konce Deadline Day&hellip;","og_url":"https:\/\/evertonfc.cz\/index.php\/news\/gabby-george-odchazi\/","og_site_name":"Official Czech &amp; Slovak Everton Supporters&#039; Club","article_publisher":"https:\/\/www.facebook.com\/everton.fans.cz.sk","article_modified_time":"2023-09-14T19:06:51+00:00","twitter_card":"summary_large_image","twitter_misc":{"Odhadovan\u00e1 doba \u010dten\u00ed":"1 minuta"},"schema":{"@context":"https:\/\/schema.org","@graph":[{"@type":"WebPage","@id":"https:\/\/evertonfc.cz\/index.php\/news\/gabby-george-odchazi\/","url":"https:\/\/evertonfc.cz\/index.php\/news\/gabby-george-odchazi\/","name":"Gabby George odch\u00e1z\u00ed - Official Czech &amp; Slovak Everton Supporters&#039; Club","isPartOf":{"@id":"https:\/\/evertonfc.cz\/#website"},"datePublished":"2023-09-14T19:04:35+00:00","dateModified":"2023-09-14T19:06:51+00:00","breadcrumb":{"@id":"https:\/\/evertonfc.cz\/index.php\/news\/gabby-george-odchazi\/#breadcrumb"},"inLanguage":"cs","potentialAction":[{"@type":"ReadAction","target":["https:\/\/evertonfc.cz\/index.php\/news\/gabby-george-odchazi\/"]}]},{"@type":"BreadcrumbList","@id":"https:\/\/evertonfc.cz\/index.php\/news\/gabby-george-odchazi\/#breadcrumb","itemListElement":[{"@type":"ListItem","position":1,"name":"Home","item":"https:\/\/evertonfc.cz\/"},{"@type":"ListItem","position":2,"name":"News","item":"https:\/\/evertonfc.cz\/index.php\/news\/"},{"@type":"ListItem","position":3,"name":"Gabby George odch\u00e1z\u00ed"}]},{"@type":"WebSite","@id":"https:\/\/evertonfc.cz\/#website","url":"https:\/\/evertonfc.cz\/","name":"Official Czech &amp; Slovak Everton Supporters&#039; Club","description":"","publisher":{"@id":"https:\/\/evertonfc.cz\/#organization"},"potentialAction":[{"@type":"SearchAction","target":{"@type":"EntryPoint","urlTemplate":"https:\/\/evertonfc.cz\/?s={search_term_string}"},"query-input":{"@type":"PropertyValueSpecification","valueRequired":true,"valueName":"search_term_string"}}],"inLanguage":"cs"},{"@type":"Organization","@id":"https:\/\/evertonfc.cz\/#organization","name":"Official Czech & Slovak Everton Supporters' Club","url":"https:\/\/evertonfc.cz\/","logo":{"@type":"ImageObject","inLanguage":"cs","@id":"https:\/\/evertonfc.cz\/#\/schema\/logo\/image\/","url":"https:\/\/evertonfc.cz\/wp-content\/uploads\/2019\/05\/logo.png","contentUrl":"https:\/\/evertonfc.cz\/wp-content\/uploads\/2019\/05\/logo.png","width":112,"height":112,"caption":"Official Czech & Slovak Everton Supporters' Club"},"image":{"@id":"https:\/\/evertonfc.cz\/#\/schema\/logo\/image\/"},"sameAs":["https:\/\/www.facebook.com\/everton.fans.cz.sk"]}]}},"_links":{"self":[{"href":"https:\/\/evertonfc.cz\/index.php\/wp-json\/wp\/v2\/news\/22750"}],"collection":[{"href":"https:\/\/evertonfc.cz\/index.php\/wp-json\/wp\/v2\/news"}],"about":[{"href":"https:\/\/evertonfc.cz\/index.php\/wp-json\/wp\/v2\/types\/news"}],"author":[{"embeddable":true,"href":"https:\/\/evertonfc.cz\/index.php\/wp-json\/wp\/v2\/users\/26"}],"replies":[{"embeddable":true,"href":"https:\/\/evertonfc.cz\/index.php\/wp-json\/wp\/v2\/comments?post=22750"}],"version-history":[{"count":4,"href":"https:\/\/evertonfc.cz\/index.php\/wp-json\/wp\/v2\/news\/22750\/revisions"}],"predecessor-version":[{"id":22763,"href":"https:\/\/evertonfc.cz\/index.php\/wp-json\/wp\/v2\/news\/22750\/revisions\/22763"}],"wp:attachment":[{"href":"https:\/\/evertonfc.cz\/index.php\/wp-json\/wp\/v2\/media?parent=22750"}],"wp:term":[{"taxonomy":"post_tag","embeddable":true,"href":"https:\/\/evertonfc.cz\/index.php\/wp-json\/wp\/v2\/tags?post=22750"},{"taxonomy":"news-category","embeddable":true,"href":"https:\/\/evertonfc.cz\/index.php\/wp-json\/wp\/v2\/news-category?post=22750"}],"curies":[{"name":"wp","href":"https:\/\/api.w.org\/{rel}","templated":true}]}}