{"id":22769,"date":"2023-09-15T13:34:47","date_gmt":"2023-09-15T11:34:47","guid":{"rendered":"https:\/\/evertonfc.cz\/?post_type=news&#038;p=22769"},"modified":"2023-09-15T13:35:11","modified_gmt":"2023-09-15T11:35:11","slug":"evertonsky-special-podcastu-od-fch","status":"publish","type":"news","link":"https:\/\/evertonfc.cz\/index.php\/news\/evertonsky-special-podcastu-od-fch\/","title":{"rendered":"Evertonsk\u00fd Speci\u00e1l podcastu od FCH"},"content":{"rendered":"<p>Na\u0161a redakcia op\u00e4\u0165 prijala pozvanie na nahr\u00e1vanie podcastu, a tentoraz od \u010deskej dvojice Tonda \u0158ih\u00e1k &amp; David Titz. Ich projekt &#8222;FOOTBALL\u2019S COMING HOME&#8220; sleduje dianie v Premier League celkovo, a tentoraz zaostrili len na Everton. Hos\u0165om sa podujal by\u0165 op\u00e4\u0165 Javor. <strong><a href=\"https:\/\/open.spotify.com\/episode\/4ZH8vXD4pQXhOQPoiUO83e\" target=\"_blank\" rel=\"noopener\">Vypo\u010du\u0165 si ho m\u00f4\u017eete na Spotify.<\/a><\/strong><\/p>\n","protected":false},"excerpt":{"rendered":"<p>Na\u0161a redakcia op\u00e4\u0165 prijala pozvanie na nahr\u00e1vanie podcastu, a tentoraz od \u010deskej dvojice Tonda \u0158ih\u00e1k &amp; David Titz. Ich projekt&hellip;<\/p>\n","protected":false},"author":1,"featured_media":0,"comment_status":"open","ping_status":"closed","template":"","tags":[],"news-category":[18],"yoast_head":"<!-- This site is optimized with the Yoast SEO plugin v23.4 - https:\/\/yoast.com\/wordpress\/plugins\/seo\/ -->\n<title>Evertonsk\u00fd Speci\u00e1l podcastu od FCH - Official Czech &amp; Slovak Everton Supporters&#039; Club<\/title>\n<meta name=\"robots\" content=\"index, follow, max-snippet:-1, max-image-preview:large, max-video-preview:-1\" \/>\n<link rel=\"canonical\" href=\"https:\/\/evertonfc.cz\/index.php\/news\/evertonsky-special-podcastu-od-fch\/\" \/>\n<meta property=\"og:locale\" content=\"cs_CZ\" \/>\n<meta property=\"og:type\" content=\"article\" \/>\n<meta property=\"og:title\" content=\"Evertonsk\u00fd Speci\u00e1l podcastu od FCH - Official Czech &amp; Slovak Everton Supporters&#039; Club\" \/>\n<meta property=\"og:description\" content=\"Na\u0161a redakcia op\u00e4\u0165 prijala pozvanie na nahr\u00e1vanie podcastu, a tentoraz od \u010deskej dvojice Tonda \u0158ih\u00e1k &amp; David Titz. Ich projekt&hellip;\" \/>\n<meta property=\"og:url\" content=\"https:\/\/evertonfc.cz\/index.php\/news\/evertonsky-special-podcastu-od-fch\/\" \/>\n<meta property=\"og:site_name\" content=\"Official Czech &amp; Slovak Everton Supporters&#039; Club\" \/>\n<meta property=\"article:publisher\" content=\"https:\/\/www.facebook.com\/everton.fans.cz.sk\" \/>\n<meta property=\"article:modified_time\" content=\"2023-09-15T11:35:11+00:00\" \/>\n<meta name=\"twitter:card\" content=\"summary_large_image\" \/>\n<meta name=\"twitter:label1\" content=\"Odhadovan\u00e1 doba \u010dten\u00ed\" \/>\n\t<meta name=\"twitter:data1\" content=\"1 minuta\" \/>\n<script type=\"application\/ld+json\" class=\"yoast-schema-graph\">{\"@context\":\"https:\/\/schema.org\",\"@graph\":[{\"@type\":\"WebPage\",\"@id\":\"https:\/\/evertonfc.cz\/index.php\/news\/evertonsky-special-podcastu-od-fch\/\",\"url\":\"https:\/\/evertonfc.cz\/index.php\/news\/evertonsky-special-podcastu-od-fch\/\",\"name\":\"Evertonsk\u00fd Speci\u00e1l podcastu od FCH - Official Czech &amp; Slovak Everton Supporters&#039; Club\",\"isPartOf\":{\"@id\":\"https:\/\/evertonfc.cz\/#website\"},\"datePublished\":\"2023-09-15T11:34:47+00:00\",\"dateModified\":\"2023-09-15T11:35:11+00:00\",\"breadcrumb\":{\"@id\":\"https:\/\/evertonfc.cz\/index.php\/news\/evertonsky-special-podcastu-od-fch\/#breadcrumb\"},\"inLanguage\":\"cs\",\"potentialAction\":[{\"@type\":\"ReadAction\",\"target\":[\"https:\/\/evertonfc.cz\/index.php\/news\/evertonsky-special-podcastu-od-fch\/\"]}]},{\"@type\":\"BreadcrumbList\",\"@id\":\"https:\/\/evertonfc.cz\/index.php\/news\/evertonsky-special-podcastu-od-fch\/#breadcrumb\",\"itemListElement\":[{\"@type\":\"ListItem\",\"position\":1,\"name\":\"Home\",\"item\":\"https:\/\/evertonfc.cz\/\"},{\"@type\":\"ListItem\",\"position\":2,\"name\":\"News\",\"item\":\"https:\/\/evertonfc.cz\/index.php\/news\/\"},{\"@type\":\"ListItem\",\"position\":3,\"name\":\"Evertonsk\u00fd Speci\u00e1l podcastu od FCH\"}]},{\"@type\":\"WebSite\",\"@id\":\"https:\/\/evertonfc.cz\/#website\",\"url\":\"https:\/\/evertonfc.cz\/\",\"name\":\"Official Czech &amp; Slovak Everton Supporters&#039; Club\",\"description\":\"\",\"publisher\":{\"@id\":\"https:\/\/evertonfc.cz\/#organization\"},\"potentialAction\":[{\"@type\":\"SearchAction\",\"target\":{\"@type\":\"EntryPoint\",\"urlTemplate\":\"https:\/\/evertonfc.cz\/?s={search_term_string}\"},\"query-input\":{\"@type\":\"PropertyValueSpecification\",\"valueRequired\":true,\"valueName\":\"search_term_string\"}}],\"inLanguage\":\"cs\"},{\"@type\":\"Organization\",\"@id\":\"https:\/\/evertonfc.cz\/#organization\",\"name\":\"Official Czech & Slovak Everton Supporters' Club\",\"url\":\"https:\/\/evertonfc.cz\/\",\"logo\":{\"@type\":\"ImageObject\",\"inLanguage\":\"cs\",\"@id\":\"https:\/\/evertonfc.cz\/#\/schema\/logo\/image\/\",\"url\":\"https:\/\/evertonfc.cz\/wp-content\/uploads\/2019\/05\/logo.png\",\"contentUrl\":\"https:\/\/evertonfc.cz\/wp-content\/uploads\/2019\/05\/logo.png\",\"width\":112,\"height\":112,\"caption\":\"Official Czech & Slovak Everton Supporters' Club\"},\"image\":{\"@id\":\"https:\/\/evertonfc.cz\/#\/schema\/logo\/image\/\"},\"sameAs\":[\"https:\/\/www.facebook.com\/everton.fans.cz.sk\"]}]}<\/script>\n<!-- \/ Yoast SEO plugin. -->","yoast_head_json":{"title":"Evertonsk\u00fd Speci\u00e1l podcastu od FCH - Official Czech &amp; Slovak Everton Supporters&#039; Club","robots":{"index":"index","follow":"follow","max-snippet":"max-snippet:-1","max-image-preview":"max-image-preview:large","max-video-preview":"max-video-preview:-1"},"canonical":"https:\/\/evertonfc.cz\/index.php\/news\/evertonsky-special-podcastu-od-fch\/","og_locale":"cs_CZ","og_type":"article","og_title":"Evertonsk\u00fd Speci\u00e1l podcastu od FCH - Official Czech &amp; Slovak Everton Supporters&#039; Club","og_description":"Na\u0161a redakcia op\u00e4\u0165 prijala pozvanie na nahr\u00e1vanie podcastu, a tentoraz od \u010deskej dvojice Tonda \u0158ih\u00e1k &amp; David Titz. Ich projekt&hellip;","og_url":"https:\/\/evertonfc.cz\/index.php\/news\/evertonsky-special-podcastu-od-fch\/","og_site_name":"Official Czech &amp; Slovak Everton Supporters&#039; Club","article_publisher":"https:\/\/www.facebook.com\/everton.fans.cz.sk","article_modified_time":"2023-09-15T11:35:11+00:00","twitter_card":"summary_large_image","twitter_misc":{"Odhadovan\u00e1 doba \u010dten\u00ed":"1 minuta"},"schema":{"@context":"https:\/\/schema.org","@graph":[{"@type":"WebPage","@id":"https:\/\/evertonfc.cz\/index.php\/news\/evertonsky-special-podcastu-od-fch\/","url":"https:\/\/evertonfc.cz\/index.php\/news\/evertonsky-special-podcastu-od-fch\/","name":"Evertonsk\u00fd Speci\u00e1l podcastu od FCH - Official Czech &amp; Slovak Everton Supporters&#039; Club","isPartOf":{"@id":"https:\/\/evertonfc.cz\/#website"},"datePublished":"2023-09-15T11:34:47+00:00","dateModified":"2023-09-15T11:35:11+00:00","breadcrumb":{"@id":"https:\/\/evertonfc.cz\/index.php\/news\/evertonsky-special-podcastu-od-fch\/#breadcrumb"},"inLanguage":"cs","potentialAction":[{"@type":"ReadAction","target":["https:\/\/evertonfc.cz\/index.php\/news\/evertonsky-special-podcastu-od-fch\/"]}]},{"@type":"BreadcrumbList","@id":"https:\/\/evertonfc.cz\/index.php\/news\/evertonsky-special-podcastu-od-fch\/#breadcrumb","itemListElement":[{"@type":"ListItem","position":1,"name":"Home","item":"https:\/\/evertonfc.cz\/"},{"@type":"ListItem","position":2,"name":"News","item":"https:\/\/evertonfc.cz\/index.php\/news\/"},{"@type":"ListItem","position":3,"name":"Evertonsk\u00fd Speci\u00e1l podcastu od FCH"}]},{"@type":"WebSite","@id":"https:\/\/evertonfc.cz\/#website","url":"https:\/\/evertonfc.cz\/","name":"Official Czech &amp; Slovak Everton Supporters&#039; Club","description":"","publisher":{"@id":"https:\/\/evertonfc.cz\/#organization"},"potentialAction":[{"@type":"SearchAction","target":{"@type":"EntryPoint","urlTemplate":"https:\/\/evertonfc.cz\/?s={search_term_string}"},"query-input":{"@type":"PropertyValueSpecification","valueRequired":true,"valueName":"search_term_string"}}],"inLanguage":"cs"},{"@type":"Organization","@id":"https:\/\/evertonfc.cz\/#organization","name":"Official Czech & Slovak Everton Supporters' Club","url":"https:\/\/evertonfc.cz\/","logo":{"@type":"ImageObject","inLanguage":"cs","@id":"https:\/\/evertonfc.cz\/#\/schema\/logo\/image\/","url":"https:\/\/evertonfc.cz\/wp-content\/uploads\/2019\/05\/logo.png","contentUrl":"https:\/\/evertonfc.cz\/wp-content\/uploads\/2019\/05\/logo.png","width":112,"height":112,"caption":"Official Czech & Slovak Everton Supporters' Club"},"image":{"@id":"https:\/\/evertonfc.cz\/#\/schema\/logo\/image\/"},"sameAs":["https:\/\/www.facebook.com\/everton.fans.cz.sk"]}]}},"_links":{"self":[{"href":"https:\/\/evertonfc.cz\/index.php\/wp-json\/wp\/v2\/news\/22769"}],"collection":[{"href":"https:\/\/evertonfc.cz\/index.php\/wp-json\/wp\/v2\/news"}],"about":[{"href":"https:\/\/evertonfc.cz\/index.php\/wp-json\/wp\/v2\/types\/news"}],"author":[{"embeddable":true,"href":"https:\/\/evertonfc.cz\/index.php\/wp-json\/wp\/v2\/users\/1"}],"replies":[{"embeddable":true,"href":"https:\/\/evertonfc.cz\/index.php\/wp-json\/wp\/v2\/comments?post=22769"}],"version-history":[{"count":3,"href":"https:\/\/evertonfc.cz\/index.php\/wp-json\/wp\/v2\/news\/22769\/revisions"}],"predecessor-version":[{"id":22773,"href":"https:\/\/evertonfc.cz\/index.php\/wp-json\/wp\/v2\/news\/22769\/revisions\/22773"}],"wp:attachment":[{"href":"https:\/\/evertonfc.cz\/index.php\/wp-json\/wp\/v2\/media?parent=22769"}],"wp:term":[{"taxonomy":"post_tag","embeddable":true,"href":"https:\/\/evertonfc.cz\/index.php\/wp-json\/wp\/v2\/tags?post=22769"},{"taxonomy":"news-category","embeddable":true,"href":"https:\/\/evertonfc.cz\/index.php\/wp-json\/wp\/v2\/news-category?post=22769"}],"curies":[{"name":"wp","href":"https:\/\/api.w.org\/{rel}","templated":true}]}}