{"id":23081,"date":"2023-10-26T07:12:48","date_gmt":"2023-10-26T05:12:48","guid":{"rendered":"https:\/\/evertonfc.cz\/?post_type=news&#038;p=23081"},"modified":"2023-10-26T11:56:17","modified_gmt":"2023-10-26T09:56:17","slug":"pl-chce-udelit-evertonu-odpocet-12-bodu","status":"publish","type":"news","link":"https:\/\/evertonfc.cz\/index.php\/news\/pl-chce-udelit-evertonu-odpocet-12-bodu\/","title":{"rendered":"PL chce ud\u011blit Evertonu odpo\u010det 12 bod\u016f"},"content":{"rendered":"<p>Podle veden\u00ed Premier League Everton poru\u0161il finan\u010dn\u00ed pravidla a v aktu\u00e1ln\u00edm procesu ho navrhuje potrestat odpo\u010dtem 12 bod\u016f, co\u017e by de facto znamenalo jeho sestup do druh\u00e9 ligy.<\/p>\n<p>P\u0159\u00edpad Evertonu projedn\u00e1v\u00e1 nez\u00e1visl\u00e1 komise, kter\u00e1 fin\u00e1ln\u00ed rozhodnut\u00ed vyd\u00e1 a\u017e v pr\u016fb\u011bhu n\u011bkolika t\u00fddn\u016f. Stanovisko klubu z\u016fst\u00e1v\u00e1 nezm\u011bn\u011bno, kdy\u017e odm\u00edt\u00e1 jakoukoli svou vinu.<\/p>\n<p>Poru\u0161en\u00ed pravidel Toffees \u00fadajn\u011b souvis\u00ed s da\u0148ov\u00fdmi probl\u00e9my spojen\u00fdmi s p\u016fj\u010dkami na nov\u00fd stadion, ale proto\u017ee se jedn\u00e1 o neve\u0159ejn\u00e9 vy\u0161et\u0159ov\u00e1n\u00ed, detaily p\u0159\u00edpadu z\u016fst\u00e1vaj\u00ed utajeny.<\/p>\n<p>Pro lep\u0161\u00ed kontext je zaj\u00edmav\u00e9 uv\u00e9st stanovisko Premier League z roku 2021 v p\u0159\u00edpad\u011b snahy \u0161esti nejlep\u0161\u00edch klub\u016f o odchod ze sout\u011b\u017ee a p\u0159ipojen\u00ed se k evropsk\u00e9 Superlize. I p\u0159esto, \u017ee by tento krok zna\u010dn\u011b po\u0161kodil anglickou ligu, rozhodla se Premier League nepotrestat tyto kluby, jeliko\u017e se ob\u00e1vala, \u017ee by za to nejv\u00edce trp\u011bli jejich fanou\u0161ci.<\/p>\n<p>Spolu s Evertonem je z poru\u0161en\u00ed pravidel na\u0159\u010den i Manchester City. Zat\u00edmco Everton \u010del\u00ed jednomu obvin\u011bn\u00ed, Citizens \u010del\u00ed hned 115 obvin\u011bn\u00edm v rozmez\u00ed 9 let.<\/p>\n","protected":false},"excerpt":{"rendered":"<p>Podle veden\u00ed Premier League Everton poru\u0161il finan\u010dn\u00ed pravidla a v aktu\u00e1ln\u00edm procesu ho navrhuje potrestat odpo\u010dtem 12 bod\u016f, co\u017e by&hellip;<\/p>\n","protected":false},"author":6,"featured_media":0,"comment_status":"open","ping_status":"closed","template":"","tags":[],"news-category":[18],"yoast_head":"<!-- This site is optimized with the Yoast SEO plugin v23.4 - https:\/\/yoast.com\/wordpress\/plugins\/seo\/ -->\n<title>PL chce ud\u011blit Evertonu odpo\u010det 12 bod\u016f - Official Czech &amp; Slovak Everton Supporters&#039; Club<\/title>\n<meta name=\"robots\" content=\"index, follow, max-snippet:-1, max-image-preview:large, max-video-preview:-1\" \/>\n<link rel=\"canonical\" href=\"https:\/\/evertonfc.cz\/index.php\/news\/pl-chce-udelit-evertonu-odpocet-12-bodu\/\" \/>\n<meta property=\"og:locale\" content=\"cs_CZ\" \/>\n<meta property=\"og:type\" content=\"article\" \/>\n<meta property=\"og:title\" content=\"PL chce ud\u011blit Evertonu odpo\u010det 12 bod\u016f - Official Czech &amp; Slovak Everton Supporters&#039; Club\" \/>\n<meta property=\"og:description\" content=\"Podle veden\u00ed Premier League Everton poru\u0161il finan\u010dn\u00ed pravidla a v aktu\u00e1ln\u00edm procesu ho navrhuje potrestat odpo\u010dtem 12 bod\u016f, co\u017e by&hellip;\" \/>\n<meta property=\"og:url\" content=\"https:\/\/evertonfc.cz\/index.php\/news\/pl-chce-udelit-evertonu-odpocet-12-bodu\/\" \/>\n<meta property=\"og:site_name\" content=\"Official Czech &amp; Slovak Everton Supporters&#039; Club\" \/>\n<meta property=\"article:publisher\" content=\"https:\/\/www.facebook.com\/everton.fans.cz.sk\" \/>\n<meta property=\"article:modified_time\" content=\"2023-10-26T09:56:17+00:00\" \/>\n<meta name=\"twitter:card\" content=\"summary_large_image\" \/>\n<meta name=\"twitter:label1\" content=\"Odhadovan\u00e1 doba \u010dten\u00ed\" \/>\n\t<meta name=\"twitter:data1\" content=\"1 minuta\" \/>\n<script type=\"application\/ld+json\" class=\"yoast-schema-graph\">{\"@context\":\"https:\/\/schema.org\",\"@graph\":[{\"@type\":\"WebPage\",\"@id\":\"https:\/\/evertonfc.cz\/index.php\/news\/pl-chce-udelit-evertonu-odpocet-12-bodu\/\",\"url\":\"https:\/\/evertonfc.cz\/index.php\/news\/pl-chce-udelit-evertonu-odpocet-12-bodu\/\",\"name\":\"PL chce ud\u011blit Evertonu odpo\u010det 12 bod\u016f - Official Czech &amp; Slovak Everton Supporters&#039; Club\",\"isPartOf\":{\"@id\":\"https:\/\/evertonfc.cz\/#website\"},\"datePublished\":\"2023-10-26T05:12:48+00:00\",\"dateModified\":\"2023-10-26T09:56:17+00:00\",\"breadcrumb\":{\"@id\":\"https:\/\/evertonfc.cz\/index.php\/news\/pl-chce-udelit-evertonu-odpocet-12-bodu\/#breadcrumb\"},\"inLanguage\":\"cs\",\"potentialAction\":[{\"@type\":\"ReadAction\",\"target\":[\"https:\/\/evertonfc.cz\/index.php\/news\/pl-chce-udelit-evertonu-odpocet-12-bodu\/\"]}]},{\"@type\":\"BreadcrumbList\",\"@id\":\"https:\/\/evertonfc.cz\/index.php\/news\/pl-chce-udelit-evertonu-odpocet-12-bodu\/#breadcrumb\",\"itemListElement\":[{\"@type\":\"ListItem\",\"position\":1,\"name\":\"Home\",\"item\":\"https:\/\/evertonfc.cz\/\"},{\"@type\":\"ListItem\",\"position\":2,\"name\":\"News\",\"item\":\"https:\/\/evertonfc.cz\/index.php\/news\/\"},{\"@type\":\"ListItem\",\"position\":3,\"name\":\"PL chce ud\u011blit Evertonu odpo\u010det 12 bod\u016f\"}]},{\"@type\":\"WebSite\",\"@id\":\"https:\/\/evertonfc.cz\/#website\",\"url\":\"https:\/\/evertonfc.cz\/\",\"name\":\"Official Czech &amp; Slovak Everton Supporters&#039; Club\",\"description\":\"\",\"publisher\":{\"@id\":\"https:\/\/evertonfc.cz\/#organization\"},\"potentialAction\":[{\"@type\":\"SearchAction\",\"target\":{\"@type\":\"EntryPoint\",\"urlTemplate\":\"https:\/\/evertonfc.cz\/?s={search_term_string}\"},\"query-input\":{\"@type\":\"PropertyValueSpecification\",\"valueRequired\":true,\"valueName\":\"search_term_string\"}}],\"inLanguage\":\"cs\"},{\"@type\":\"Organization\",\"@id\":\"https:\/\/evertonfc.cz\/#organization\",\"name\":\"Official Czech & Slovak Everton Supporters' Club\",\"url\":\"https:\/\/evertonfc.cz\/\",\"logo\":{\"@type\":\"ImageObject\",\"inLanguage\":\"cs\",\"@id\":\"https:\/\/evertonfc.cz\/#\/schema\/logo\/image\/\",\"url\":\"https:\/\/evertonfc.cz\/wp-content\/uploads\/2019\/05\/logo.png\",\"contentUrl\":\"https:\/\/evertonfc.cz\/wp-content\/uploads\/2019\/05\/logo.png\",\"width\":112,\"height\":112,\"caption\":\"Official Czech & Slovak Everton Supporters' Club\"},\"image\":{\"@id\":\"https:\/\/evertonfc.cz\/#\/schema\/logo\/image\/\"},\"sameAs\":[\"https:\/\/www.facebook.com\/everton.fans.cz.sk\"]}]}<\/script>\n<!-- \/ Yoast SEO plugin. -->","yoast_head_json":{"title":"PL chce ud\u011blit Evertonu odpo\u010det 12 bod\u016f - Official Czech &amp; Slovak Everton Supporters&#039; Club","robots":{"index":"index","follow":"follow","max-snippet":"max-snippet:-1","max-image-preview":"max-image-preview:large","max-video-preview":"max-video-preview:-1"},"canonical":"https:\/\/evertonfc.cz\/index.php\/news\/pl-chce-udelit-evertonu-odpocet-12-bodu\/","og_locale":"cs_CZ","og_type":"article","og_title":"PL chce ud\u011blit Evertonu odpo\u010det 12 bod\u016f - Official Czech &amp; Slovak Everton Supporters&#039; Club","og_description":"Podle veden\u00ed Premier League Everton poru\u0161il finan\u010dn\u00ed pravidla a v aktu\u00e1ln\u00edm procesu ho navrhuje potrestat odpo\u010dtem 12 bod\u016f, co\u017e by&hellip;","og_url":"https:\/\/evertonfc.cz\/index.php\/news\/pl-chce-udelit-evertonu-odpocet-12-bodu\/","og_site_name":"Official Czech &amp; Slovak Everton Supporters&#039; Club","article_publisher":"https:\/\/www.facebook.com\/everton.fans.cz.sk","article_modified_time":"2023-10-26T09:56:17+00:00","twitter_card":"summary_large_image","twitter_misc":{"Odhadovan\u00e1 doba \u010dten\u00ed":"1 minuta"},"schema":{"@context":"https:\/\/schema.org","@graph":[{"@type":"WebPage","@id":"https:\/\/evertonfc.cz\/index.php\/news\/pl-chce-udelit-evertonu-odpocet-12-bodu\/","url":"https:\/\/evertonfc.cz\/index.php\/news\/pl-chce-udelit-evertonu-odpocet-12-bodu\/","name":"PL chce ud\u011blit Evertonu odpo\u010det 12 bod\u016f - Official Czech &amp; Slovak Everton Supporters&#039; Club","isPartOf":{"@id":"https:\/\/evertonfc.cz\/#website"},"datePublished":"2023-10-26T05:12:48+00:00","dateModified":"2023-10-26T09:56:17+00:00","breadcrumb":{"@id":"https:\/\/evertonfc.cz\/index.php\/news\/pl-chce-udelit-evertonu-odpocet-12-bodu\/#breadcrumb"},"inLanguage":"cs","potentialAction":[{"@type":"ReadAction","target":["https:\/\/evertonfc.cz\/index.php\/news\/pl-chce-udelit-evertonu-odpocet-12-bodu\/"]}]},{"@type":"BreadcrumbList","@id":"https:\/\/evertonfc.cz\/index.php\/news\/pl-chce-udelit-evertonu-odpocet-12-bodu\/#breadcrumb","itemListElement":[{"@type":"ListItem","position":1,"name":"Home","item":"https:\/\/evertonfc.cz\/"},{"@type":"ListItem","position":2,"name":"News","item":"https:\/\/evertonfc.cz\/index.php\/news\/"},{"@type":"ListItem","position":3,"name":"PL chce ud\u011blit Evertonu odpo\u010det 12 bod\u016f"}]},{"@type":"WebSite","@id":"https:\/\/evertonfc.cz\/#website","url":"https:\/\/evertonfc.cz\/","name":"Official Czech &amp; Slovak Everton Supporters&#039; Club","description":"","publisher":{"@id":"https:\/\/evertonfc.cz\/#organization"},"potentialAction":[{"@type":"SearchAction","target":{"@type":"EntryPoint","urlTemplate":"https:\/\/evertonfc.cz\/?s={search_term_string}"},"query-input":{"@type":"PropertyValueSpecification","valueRequired":true,"valueName":"search_term_string"}}],"inLanguage":"cs"},{"@type":"Organization","@id":"https:\/\/evertonfc.cz\/#organization","name":"Official Czech & Slovak Everton Supporters' Club","url":"https:\/\/evertonfc.cz\/","logo":{"@type":"ImageObject","inLanguage":"cs","@id":"https:\/\/evertonfc.cz\/#\/schema\/logo\/image\/","url":"https:\/\/evertonfc.cz\/wp-content\/uploads\/2019\/05\/logo.png","contentUrl":"https:\/\/evertonfc.cz\/wp-content\/uploads\/2019\/05\/logo.png","width":112,"height":112,"caption":"Official Czech & Slovak Everton Supporters' Club"},"image":{"@id":"https:\/\/evertonfc.cz\/#\/schema\/logo\/image\/"},"sameAs":["https:\/\/www.facebook.com\/everton.fans.cz.sk"]}]}},"_links":{"self":[{"href":"https:\/\/evertonfc.cz\/index.php\/wp-json\/wp\/v2\/news\/23081"}],"collection":[{"href":"https:\/\/evertonfc.cz\/index.php\/wp-json\/wp\/v2\/news"}],"about":[{"href":"https:\/\/evertonfc.cz\/index.php\/wp-json\/wp\/v2\/types\/news"}],"author":[{"embeddable":true,"href":"https:\/\/evertonfc.cz\/index.php\/wp-json\/wp\/v2\/users\/6"}],"replies":[{"embeddable":true,"href":"https:\/\/evertonfc.cz\/index.php\/wp-json\/wp\/v2\/comments?post=23081"}],"version-history":[{"count":4,"href":"https:\/\/evertonfc.cz\/index.php\/wp-json\/wp\/v2\/news\/23081\/revisions"}],"predecessor-version":[{"id":23085,"href":"https:\/\/evertonfc.cz\/index.php\/wp-json\/wp\/v2\/news\/23081\/revisions\/23085"}],"wp:attachment":[{"href":"https:\/\/evertonfc.cz\/index.php\/wp-json\/wp\/v2\/media?parent=23081"}],"wp:term":[{"taxonomy":"post_tag","embeddable":true,"href":"https:\/\/evertonfc.cz\/index.php\/wp-json\/wp\/v2\/tags?post=23081"},{"taxonomy":"news-category","embeddable":true,"href":"https:\/\/evertonfc.cz\/index.php\/wp-json\/wp\/v2\/news-category?post=23081"}],"curies":[{"name":"wp","href":"https:\/\/api.w.org\/{rel}","templated":true}]}}