{"id":23226,"date":"2023-11-08T15:55:46","date_gmt":"2023-11-08T14:55:46","guid":{"rendered":"https:\/\/evertonfc.cz\/?post_type=news&#038;p=23226"},"modified":"2023-11-08T21:10:22","modified_gmt":"2023-11-08T20:10:22","slug":"doucoure-podepsal-novou-smlouvu","status":"publish","type":"news","link":"https:\/\/evertonfc.cz\/index.php\/news\/doucoure-podepsal-novou-smlouvu\/","title":{"rendered":"Doucour\u00e9 podepsal novou smlouvu"},"content":{"rendered":"<p>Abdoulaye Doucour\u00e9 prodlou\u017eil s Evertonem smlouvu do l\u00e9ta 2025 s mo\u017enost\u00ed opce na dal\u0161\u00ed rok. Star\u00fd kontrakt tohoto 30let\u00e9ho z\u00e1lo\u017en\u00edka platil pouze do konce leto\u0161n\u00ed sez\u00f3ny.<\/p>\n<p>Rod\u00e1k ze severn\u00ed Francie za\u017e\u00edv\u00e1 pod veden\u00edm mana\u017eera Seana Dyche nejlep\u0161\u00ed obdob\u00ed u Toffees. Modr\u00fd dres p\u0159itom nos\u00ed u\u017e od roku 2020, kdy p\u0159estoupil z Watfordu za 20 milion\u016f liber.<\/p>\n<p>Po sv\u00e9m lednov\u00e9m jmenovan\u00ed za\u010dal Dyche Doucour\u00e9ho, kter\u00fd byl p\u0159edt\u00edm mana\u017eerem Lampardem odstaven, okam\u017eit\u011b stav\u011bt na pozici \u010d\u00edsla 10. Za tuto d\u016fv\u011bru se mu silov\u00fd fotbalista doposud odvd\u011b\u010dil osmi vst\u0159elen\u00fdmi g\u00f3ly a t\u0159emi asistencemi. V k\u00e1dru Blues nenajdete za posledn\u00edch dev\u011bt m\u011bs\u00edc\u016f produktivn\u011bj\u0161\u00edho hr\u00e1\u010de.<\/p>\n<p>Dal\u0161\u00ed dobrou zpr\u00e1vou je, \u017ee Doucour\u00e9 nedlouho po podpisu smlouvy ozn\u00e1mil, \u017ee se nez\u00fa\u010dastn\u00ed nadch\u00e1zej\u00edc\u00edho Africk\u00e9ho poh\u00e1ru n\u00e1rod\u016f, kter\u00fd prob\u00edh\u00e1 od 13. ledna do 11. \u00fanora, zat\u00edmco anglick\u00e9 sout\u011b\u017ee budou po t\u00fddenn\u00ed pauze pokra\u010dovat ve sv\u00e9m programu.<\/p>\n<p>Na za\u010d\u00e1tku lo\u0148sk\u00e9ho roku Doucour\u00e9 zm\u011bnil reprezenta\u010dn\u00ed dres, kdy\u017e spr\u00e1vn\u011b vyhodnotil, \u017ee se nikdy nedo\u010dk\u00e1 pozv\u00e1nky do francouzsk\u00e9ho seniorsk\u00e9ho t\u00fdmu. Rozhodl se reprezentovat Mali, odkud poch\u00e1z\u00ed jeho rodina, a v roce 2022 odehr\u00e1l za tuto sahelskou zemi dva z\u00e1pasy. Pozd\u011bji v\u0161ak vypadl z n\u00e1rodn\u00edho v\u00fdb\u011bru, proto\u017ee pod veden\u00edm Franka Lamparda nenastupoval v Evertonu. V posledn\u00edch m\u011bs\u00edc\u00edch potom p\u0159ehodnotil sv\u00e9 p\u016fvodn\u00ed stanovisko a nyn\u00ed se u\u017e pln\u011b soust\u0159ed\u00ed na klubovou kari\u00e9ru.<\/p>\n","protected":false},"excerpt":{"rendered":"<p>Abdoulaye Doucour\u00e9 prodlou\u017eil s Evertonem smlouvu do l\u00e9ta 2025 s mo\u017enost\u00ed opce na dal\u0161\u00ed rok. Star\u00fd kontrakt tohoto 30let\u00e9ho z\u00e1lo\u017en\u00edka&hellip;<\/p>\n","protected":false},"author":6,"featured_media":0,"comment_status":"open","ping_status":"closed","template":"","tags":[],"news-category":[18],"yoast_head":"<!-- This site is optimized with the Yoast SEO plugin v23.4 - https:\/\/yoast.com\/wordpress\/plugins\/seo\/ -->\n<title>Doucour\u00e9 podepsal novou smlouvu - Official Czech &amp; Slovak Everton Supporters&#039; Club<\/title>\n<meta name=\"robots\" content=\"index, follow, max-snippet:-1, max-image-preview:large, max-video-preview:-1\" \/>\n<link rel=\"canonical\" href=\"https:\/\/evertonfc.cz\/index.php\/news\/doucoure-podepsal-novou-smlouvu\/\" \/>\n<meta property=\"og:locale\" content=\"cs_CZ\" \/>\n<meta property=\"og:type\" content=\"article\" \/>\n<meta property=\"og:title\" content=\"Doucour\u00e9 podepsal novou smlouvu - Official Czech &amp; Slovak Everton Supporters&#039; Club\" \/>\n<meta property=\"og:description\" content=\"Abdoulaye Doucour\u00e9 prodlou\u017eil s Evertonem smlouvu do l\u00e9ta 2025 s mo\u017enost\u00ed opce na dal\u0161\u00ed rok. Star\u00fd kontrakt tohoto 30let\u00e9ho z\u00e1lo\u017en\u00edka&hellip;\" \/>\n<meta property=\"og:url\" content=\"https:\/\/evertonfc.cz\/index.php\/news\/doucoure-podepsal-novou-smlouvu\/\" \/>\n<meta property=\"og:site_name\" content=\"Official Czech &amp; Slovak Everton Supporters&#039; Club\" \/>\n<meta property=\"article:publisher\" content=\"https:\/\/www.facebook.com\/everton.fans.cz.sk\" \/>\n<meta property=\"article:modified_time\" content=\"2023-11-08T20:10:22+00:00\" \/>\n<meta name=\"twitter:card\" content=\"summary_large_image\" \/>\n<meta name=\"twitter:label1\" content=\"Odhadovan\u00e1 doba \u010dten\u00ed\" \/>\n\t<meta name=\"twitter:data1\" content=\"2 minuty\" \/>\n<script type=\"application\/ld+json\" class=\"yoast-schema-graph\">{\"@context\":\"https:\/\/schema.org\",\"@graph\":[{\"@type\":\"WebPage\",\"@id\":\"https:\/\/evertonfc.cz\/index.php\/news\/doucoure-podepsal-novou-smlouvu\/\",\"url\":\"https:\/\/evertonfc.cz\/index.php\/news\/doucoure-podepsal-novou-smlouvu\/\",\"name\":\"Doucour\u00e9 podepsal novou smlouvu - Official Czech &amp; Slovak Everton Supporters&#039; Club\",\"isPartOf\":{\"@id\":\"https:\/\/evertonfc.cz\/#website\"},\"datePublished\":\"2023-11-08T14:55:46+00:00\",\"dateModified\":\"2023-11-08T20:10:22+00:00\",\"breadcrumb\":{\"@id\":\"https:\/\/evertonfc.cz\/index.php\/news\/doucoure-podepsal-novou-smlouvu\/#breadcrumb\"},\"inLanguage\":\"cs\",\"potentialAction\":[{\"@type\":\"ReadAction\",\"target\":[\"https:\/\/evertonfc.cz\/index.php\/news\/doucoure-podepsal-novou-smlouvu\/\"]}]},{\"@type\":\"BreadcrumbList\",\"@id\":\"https:\/\/evertonfc.cz\/index.php\/news\/doucoure-podepsal-novou-smlouvu\/#breadcrumb\",\"itemListElement\":[{\"@type\":\"ListItem\",\"position\":1,\"name\":\"Home\",\"item\":\"https:\/\/evertonfc.cz\/\"},{\"@type\":\"ListItem\",\"position\":2,\"name\":\"News\",\"item\":\"https:\/\/evertonfc.cz\/index.php\/news\/\"},{\"@type\":\"ListItem\",\"position\":3,\"name\":\"Doucour\u00e9 podepsal novou smlouvu\"}]},{\"@type\":\"WebSite\",\"@id\":\"https:\/\/evertonfc.cz\/#website\",\"url\":\"https:\/\/evertonfc.cz\/\",\"name\":\"Official Czech &amp; Slovak Everton Supporters&#039; Club\",\"description\":\"\",\"publisher\":{\"@id\":\"https:\/\/evertonfc.cz\/#organization\"},\"potentialAction\":[{\"@type\":\"SearchAction\",\"target\":{\"@type\":\"EntryPoint\",\"urlTemplate\":\"https:\/\/evertonfc.cz\/?s={search_term_string}\"},\"query-input\":{\"@type\":\"PropertyValueSpecification\",\"valueRequired\":true,\"valueName\":\"search_term_string\"}}],\"inLanguage\":\"cs\"},{\"@type\":\"Organization\",\"@id\":\"https:\/\/evertonfc.cz\/#organization\",\"name\":\"Official Czech & Slovak Everton Supporters' Club\",\"url\":\"https:\/\/evertonfc.cz\/\",\"logo\":{\"@type\":\"ImageObject\",\"inLanguage\":\"cs\",\"@id\":\"https:\/\/evertonfc.cz\/#\/schema\/logo\/image\/\",\"url\":\"https:\/\/evertonfc.cz\/wp-content\/uploads\/2019\/05\/logo.png\",\"contentUrl\":\"https:\/\/evertonfc.cz\/wp-content\/uploads\/2019\/05\/logo.png\",\"width\":112,\"height\":112,\"caption\":\"Official Czech & Slovak Everton Supporters' Club\"},\"image\":{\"@id\":\"https:\/\/evertonfc.cz\/#\/schema\/logo\/image\/\"},\"sameAs\":[\"https:\/\/www.facebook.com\/everton.fans.cz.sk\"]}]}<\/script>\n<!-- \/ Yoast SEO plugin. -->","yoast_head_json":{"title":"Doucour\u00e9 podepsal novou smlouvu - Official Czech &amp; Slovak Everton Supporters&#039; Club","robots":{"index":"index","follow":"follow","max-snippet":"max-snippet:-1","max-image-preview":"max-image-preview:large","max-video-preview":"max-video-preview:-1"},"canonical":"https:\/\/evertonfc.cz\/index.php\/news\/doucoure-podepsal-novou-smlouvu\/","og_locale":"cs_CZ","og_type":"article","og_title":"Doucour\u00e9 podepsal novou smlouvu - Official Czech &amp; Slovak Everton Supporters&#039; Club","og_description":"Abdoulaye Doucour\u00e9 prodlou\u017eil s Evertonem smlouvu do l\u00e9ta 2025 s mo\u017enost\u00ed opce na dal\u0161\u00ed rok. Star\u00fd kontrakt tohoto 30let\u00e9ho z\u00e1lo\u017en\u00edka&hellip;","og_url":"https:\/\/evertonfc.cz\/index.php\/news\/doucoure-podepsal-novou-smlouvu\/","og_site_name":"Official Czech &amp; Slovak Everton Supporters&#039; Club","article_publisher":"https:\/\/www.facebook.com\/everton.fans.cz.sk","article_modified_time":"2023-11-08T20:10:22+00:00","twitter_card":"summary_large_image","twitter_misc":{"Odhadovan\u00e1 doba \u010dten\u00ed":"2 minuty"},"schema":{"@context":"https:\/\/schema.org","@graph":[{"@type":"WebPage","@id":"https:\/\/evertonfc.cz\/index.php\/news\/doucoure-podepsal-novou-smlouvu\/","url":"https:\/\/evertonfc.cz\/index.php\/news\/doucoure-podepsal-novou-smlouvu\/","name":"Doucour\u00e9 podepsal novou smlouvu - Official Czech &amp; Slovak Everton Supporters&#039; Club","isPartOf":{"@id":"https:\/\/evertonfc.cz\/#website"},"datePublished":"2023-11-08T14:55:46+00:00","dateModified":"2023-11-08T20:10:22+00:00","breadcrumb":{"@id":"https:\/\/evertonfc.cz\/index.php\/news\/doucoure-podepsal-novou-smlouvu\/#breadcrumb"},"inLanguage":"cs","potentialAction":[{"@type":"ReadAction","target":["https:\/\/evertonfc.cz\/index.php\/news\/doucoure-podepsal-novou-smlouvu\/"]}]},{"@type":"BreadcrumbList","@id":"https:\/\/evertonfc.cz\/index.php\/news\/doucoure-podepsal-novou-smlouvu\/#breadcrumb","itemListElement":[{"@type":"ListItem","position":1,"name":"Home","item":"https:\/\/evertonfc.cz\/"},{"@type":"ListItem","position":2,"name":"News","item":"https:\/\/evertonfc.cz\/index.php\/news\/"},{"@type":"ListItem","position":3,"name":"Doucour\u00e9 podepsal novou smlouvu"}]},{"@type":"WebSite","@id":"https:\/\/evertonfc.cz\/#website","url":"https:\/\/evertonfc.cz\/","name":"Official Czech &amp; Slovak Everton Supporters&#039; Club","description":"","publisher":{"@id":"https:\/\/evertonfc.cz\/#organization"},"potentialAction":[{"@type":"SearchAction","target":{"@type":"EntryPoint","urlTemplate":"https:\/\/evertonfc.cz\/?s={search_term_string}"},"query-input":{"@type":"PropertyValueSpecification","valueRequired":true,"valueName":"search_term_string"}}],"inLanguage":"cs"},{"@type":"Organization","@id":"https:\/\/evertonfc.cz\/#organization","name":"Official Czech & Slovak Everton Supporters' Club","url":"https:\/\/evertonfc.cz\/","logo":{"@type":"ImageObject","inLanguage":"cs","@id":"https:\/\/evertonfc.cz\/#\/schema\/logo\/image\/","url":"https:\/\/evertonfc.cz\/wp-content\/uploads\/2019\/05\/logo.png","contentUrl":"https:\/\/evertonfc.cz\/wp-content\/uploads\/2019\/05\/logo.png","width":112,"height":112,"caption":"Official Czech & Slovak Everton Supporters' Club"},"image":{"@id":"https:\/\/evertonfc.cz\/#\/schema\/logo\/image\/"},"sameAs":["https:\/\/www.facebook.com\/everton.fans.cz.sk"]}]}},"_links":{"self":[{"href":"https:\/\/evertonfc.cz\/index.php\/wp-json\/wp\/v2\/news\/23226"}],"collection":[{"href":"https:\/\/evertonfc.cz\/index.php\/wp-json\/wp\/v2\/news"}],"about":[{"href":"https:\/\/evertonfc.cz\/index.php\/wp-json\/wp\/v2\/types\/news"}],"author":[{"embeddable":true,"href":"https:\/\/evertonfc.cz\/index.php\/wp-json\/wp\/v2\/users\/6"}],"replies":[{"embeddable":true,"href":"https:\/\/evertonfc.cz\/index.php\/wp-json\/wp\/v2\/comments?post=23226"}],"version-history":[{"count":6,"href":"https:\/\/evertonfc.cz\/index.php\/wp-json\/wp\/v2\/news\/23226\/revisions"}],"predecessor-version":[{"id":23234,"href":"https:\/\/evertonfc.cz\/index.php\/wp-json\/wp\/v2\/news\/23226\/revisions\/23234"}],"wp:attachment":[{"href":"https:\/\/evertonfc.cz\/index.php\/wp-json\/wp\/v2\/media?parent=23226"}],"wp:term":[{"taxonomy":"post_tag","embeddable":true,"href":"https:\/\/evertonfc.cz\/index.php\/wp-json\/wp\/v2\/tags?post=23226"},{"taxonomy":"news-category","embeddable":true,"href":"https:\/\/evertonfc.cz\/index.php\/wp-json\/wp\/v2\/news-category?post=23226"}],"curies":[{"name":"wp","href":"https:\/\/api.w.org\/{rel}","templated":true}]}}