{"id":23404,"date":"2023-12-05T10:21:53","date_gmt":"2023-12-05T09:21:53","guid":{"rendered":"https:\/\/evertonfc.cz\/?post_type=news&#038;p=23404"},"modified":"2023-12-09T18:33:29","modified_gmt":"2023-12-09T17:33:29","slug":"fa-cup-zacneme-v-selhurst-parku","status":"publish","type":"news","link":"https:\/\/evertonfc.cz\/index.php\/news\/fa-cup-zacneme-v-selhurst-parku\/","title":{"rendered":"FA Cup za\u010dneme v Selhurst Parku"},"content":{"rendered":"<p>Evertonu bol v tre\u0165om kole FA Cupu vy\u017erebovan\u00fd s\u00faboj na p\u00f4de Crystal Palace. Z\u00e1pas v Selhurst Parku sa odohr\u00e1 \u0161tvrtok 4. janu\u00e1ra 2024 s v\u00fdkopom o 21:00. Podrobnosti o vstupenk\u00e1ch bud\u00fa v\u010das ozn\u00e1men\u00e9 na digit\u00e1lnych kan\u00e1loch Evertonu. Karamelky naposledy \u010delili Palace v novembri tohto roku. Vtedy si zverenci Seana Dychea odniesli v\u0161etky tri body <a href=\"https:\/\/evertonfc.cz\/index.php\/2023\/11\/12\/crystal-palace-everton-23\/\">po ligovom v\u00ed\u0165azstve 3:2 v Lond\u00fdne.<\/a><\/p>\n<p>Everton prehral vonku s lond\u00fdskymi Orlami v FA Cupe iba raz (2 v\u00fdhry, 2 rem\u00edzy), \u010do bolo pr\u00e1ve posledn\u00e9 stretnutie v marci 2022 &#8211;\u00a0<a href=\"https:\/\/evertonfc.cz\/index.php\/2022\/03\/20\/crystal-palace-everton-40\/\">\u0160tvr\u0165fin\u00e1lov\u00e1 a\u00a0ve\u013emi tr\u00e1pna prehra 4:0<\/a> vtedy pod veden\u00edm Franka Lamparda. Do z\u00e1kladu vtedy nast\u00fapil aj Gordon, Richarlison, Gomes, Townsend, Holgate, Keane, Godfrey, \u010di Kenny.<\/p>\n","protected":false},"excerpt":{"rendered":"<p>Evertonu bol v tre\u0165om kole FA Cupu vy\u017erebovan\u00fd s\u00faboj na p\u00f4de Crystal Palace. Z\u00e1pas v Selhurst Parku sa odohr\u00e1 \u0161tvrtok&hellip;<\/p>\n","protected":false},"author":1,"featured_media":0,"comment_status":"open","ping_status":"closed","template":"","tags":[],"news-category":[18],"yoast_head":"<!-- This site is optimized with the Yoast SEO plugin v23.4 - https:\/\/yoast.com\/wordpress\/plugins\/seo\/ -->\n<title>FA Cup za\u010dneme v Selhurst Parku - Official Czech &amp; Slovak Everton Supporters&#039; Club<\/title>\n<meta name=\"robots\" content=\"index, follow, max-snippet:-1, max-image-preview:large, max-video-preview:-1\" \/>\n<link rel=\"canonical\" href=\"https:\/\/evertonfc.cz\/index.php\/news\/fa-cup-zacneme-v-selhurst-parku\/\" \/>\n<meta property=\"og:locale\" content=\"cs_CZ\" \/>\n<meta property=\"og:type\" content=\"article\" \/>\n<meta property=\"og:title\" content=\"FA Cup za\u010dneme v Selhurst Parku - Official Czech &amp; Slovak Everton Supporters&#039; Club\" \/>\n<meta property=\"og:description\" content=\"Evertonu bol v tre\u0165om kole FA Cupu vy\u017erebovan\u00fd s\u00faboj na p\u00f4de Crystal Palace. Z\u00e1pas v Selhurst Parku sa odohr\u00e1 \u0161tvrtok&hellip;\" \/>\n<meta property=\"og:url\" content=\"https:\/\/evertonfc.cz\/index.php\/news\/fa-cup-zacneme-v-selhurst-parku\/\" \/>\n<meta property=\"og:site_name\" content=\"Official Czech &amp; Slovak Everton Supporters&#039; Club\" \/>\n<meta property=\"article:publisher\" content=\"https:\/\/www.facebook.com\/everton.fans.cz.sk\" \/>\n<meta property=\"article:modified_time\" content=\"2023-12-09T17:33:29+00:00\" \/>\n<meta name=\"twitter:card\" content=\"summary_large_image\" \/>\n<meta name=\"twitter:label1\" content=\"Odhadovan\u00e1 doba \u010dten\u00ed\" \/>\n\t<meta name=\"twitter:data1\" content=\"1 minuta\" \/>\n<script type=\"application\/ld+json\" class=\"yoast-schema-graph\">{\"@context\":\"https:\/\/schema.org\",\"@graph\":[{\"@type\":\"WebPage\",\"@id\":\"https:\/\/evertonfc.cz\/index.php\/news\/fa-cup-zacneme-v-selhurst-parku\/\",\"url\":\"https:\/\/evertonfc.cz\/index.php\/news\/fa-cup-zacneme-v-selhurst-parku\/\",\"name\":\"FA Cup za\u010dneme v Selhurst Parku - Official Czech &amp; Slovak Everton Supporters&#039; Club\",\"isPartOf\":{\"@id\":\"https:\/\/evertonfc.cz\/#website\"},\"datePublished\":\"2023-12-05T09:21:53+00:00\",\"dateModified\":\"2023-12-09T17:33:29+00:00\",\"breadcrumb\":{\"@id\":\"https:\/\/evertonfc.cz\/index.php\/news\/fa-cup-zacneme-v-selhurst-parku\/#breadcrumb\"},\"inLanguage\":\"cs\",\"potentialAction\":[{\"@type\":\"ReadAction\",\"target\":[\"https:\/\/evertonfc.cz\/index.php\/news\/fa-cup-zacneme-v-selhurst-parku\/\"]}]},{\"@type\":\"BreadcrumbList\",\"@id\":\"https:\/\/evertonfc.cz\/index.php\/news\/fa-cup-zacneme-v-selhurst-parku\/#breadcrumb\",\"itemListElement\":[{\"@type\":\"ListItem\",\"position\":1,\"name\":\"Home\",\"item\":\"https:\/\/evertonfc.cz\/\"},{\"@type\":\"ListItem\",\"position\":2,\"name\":\"News\",\"item\":\"https:\/\/evertonfc.cz\/index.php\/news\/\"},{\"@type\":\"ListItem\",\"position\":3,\"name\":\"FA Cup za\u010dneme v Selhurst Parku\"}]},{\"@type\":\"WebSite\",\"@id\":\"https:\/\/evertonfc.cz\/#website\",\"url\":\"https:\/\/evertonfc.cz\/\",\"name\":\"Official Czech &amp; Slovak Everton Supporters&#039; Club\",\"description\":\"\",\"publisher\":{\"@id\":\"https:\/\/evertonfc.cz\/#organization\"},\"potentialAction\":[{\"@type\":\"SearchAction\",\"target\":{\"@type\":\"EntryPoint\",\"urlTemplate\":\"https:\/\/evertonfc.cz\/?s={search_term_string}\"},\"query-input\":{\"@type\":\"PropertyValueSpecification\",\"valueRequired\":true,\"valueName\":\"search_term_string\"}}],\"inLanguage\":\"cs\"},{\"@type\":\"Organization\",\"@id\":\"https:\/\/evertonfc.cz\/#organization\",\"name\":\"Official Czech & Slovak Everton Supporters' Club\",\"url\":\"https:\/\/evertonfc.cz\/\",\"logo\":{\"@type\":\"ImageObject\",\"inLanguage\":\"cs\",\"@id\":\"https:\/\/evertonfc.cz\/#\/schema\/logo\/image\/\",\"url\":\"https:\/\/evertonfc.cz\/wp-content\/uploads\/2019\/05\/logo.png\",\"contentUrl\":\"https:\/\/evertonfc.cz\/wp-content\/uploads\/2019\/05\/logo.png\",\"width\":112,\"height\":112,\"caption\":\"Official Czech & Slovak Everton Supporters' Club\"},\"image\":{\"@id\":\"https:\/\/evertonfc.cz\/#\/schema\/logo\/image\/\"},\"sameAs\":[\"https:\/\/www.facebook.com\/everton.fans.cz.sk\"]}]}<\/script>\n<!-- \/ Yoast SEO plugin. -->","yoast_head_json":{"title":"FA Cup za\u010dneme v Selhurst Parku - Official Czech &amp; Slovak Everton Supporters&#039; Club","robots":{"index":"index","follow":"follow","max-snippet":"max-snippet:-1","max-image-preview":"max-image-preview:large","max-video-preview":"max-video-preview:-1"},"canonical":"https:\/\/evertonfc.cz\/index.php\/news\/fa-cup-zacneme-v-selhurst-parku\/","og_locale":"cs_CZ","og_type":"article","og_title":"FA Cup za\u010dneme v Selhurst Parku - Official Czech &amp; Slovak Everton Supporters&#039; Club","og_description":"Evertonu bol v tre\u0165om kole FA Cupu vy\u017erebovan\u00fd s\u00faboj na p\u00f4de Crystal Palace. Z\u00e1pas v Selhurst Parku sa odohr\u00e1 \u0161tvrtok&hellip;","og_url":"https:\/\/evertonfc.cz\/index.php\/news\/fa-cup-zacneme-v-selhurst-parku\/","og_site_name":"Official Czech &amp; Slovak Everton Supporters&#039; Club","article_publisher":"https:\/\/www.facebook.com\/everton.fans.cz.sk","article_modified_time":"2023-12-09T17:33:29+00:00","twitter_card":"summary_large_image","twitter_misc":{"Odhadovan\u00e1 doba \u010dten\u00ed":"1 minuta"},"schema":{"@context":"https:\/\/schema.org","@graph":[{"@type":"WebPage","@id":"https:\/\/evertonfc.cz\/index.php\/news\/fa-cup-zacneme-v-selhurst-parku\/","url":"https:\/\/evertonfc.cz\/index.php\/news\/fa-cup-zacneme-v-selhurst-parku\/","name":"FA Cup za\u010dneme v Selhurst Parku - Official Czech &amp; Slovak Everton Supporters&#039; Club","isPartOf":{"@id":"https:\/\/evertonfc.cz\/#website"},"datePublished":"2023-12-05T09:21:53+00:00","dateModified":"2023-12-09T17:33:29+00:00","breadcrumb":{"@id":"https:\/\/evertonfc.cz\/index.php\/news\/fa-cup-zacneme-v-selhurst-parku\/#breadcrumb"},"inLanguage":"cs","potentialAction":[{"@type":"ReadAction","target":["https:\/\/evertonfc.cz\/index.php\/news\/fa-cup-zacneme-v-selhurst-parku\/"]}]},{"@type":"BreadcrumbList","@id":"https:\/\/evertonfc.cz\/index.php\/news\/fa-cup-zacneme-v-selhurst-parku\/#breadcrumb","itemListElement":[{"@type":"ListItem","position":1,"name":"Home","item":"https:\/\/evertonfc.cz\/"},{"@type":"ListItem","position":2,"name":"News","item":"https:\/\/evertonfc.cz\/index.php\/news\/"},{"@type":"ListItem","position":3,"name":"FA Cup za\u010dneme v Selhurst Parku"}]},{"@type":"WebSite","@id":"https:\/\/evertonfc.cz\/#website","url":"https:\/\/evertonfc.cz\/","name":"Official Czech &amp; Slovak Everton Supporters&#039; Club","description":"","publisher":{"@id":"https:\/\/evertonfc.cz\/#organization"},"potentialAction":[{"@type":"SearchAction","target":{"@type":"EntryPoint","urlTemplate":"https:\/\/evertonfc.cz\/?s={search_term_string}"},"query-input":{"@type":"PropertyValueSpecification","valueRequired":true,"valueName":"search_term_string"}}],"inLanguage":"cs"},{"@type":"Organization","@id":"https:\/\/evertonfc.cz\/#organization","name":"Official Czech & Slovak Everton Supporters' Club","url":"https:\/\/evertonfc.cz\/","logo":{"@type":"ImageObject","inLanguage":"cs","@id":"https:\/\/evertonfc.cz\/#\/schema\/logo\/image\/","url":"https:\/\/evertonfc.cz\/wp-content\/uploads\/2019\/05\/logo.png","contentUrl":"https:\/\/evertonfc.cz\/wp-content\/uploads\/2019\/05\/logo.png","width":112,"height":112,"caption":"Official Czech & Slovak Everton Supporters' Club"},"image":{"@id":"https:\/\/evertonfc.cz\/#\/schema\/logo\/image\/"},"sameAs":["https:\/\/www.facebook.com\/everton.fans.cz.sk"]}]}},"_links":{"self":[{"href":"https:\/\/evertonfc.cz\/index.php\/wp-json\/wp\/v2\/news\/23404"}],"collection":[{"href":"https:\/\/evertonfc.cz\/index.php\/wp-json\/wp\/v2\/news"}],"about":[{"href":"https:\/\/evertonfc.cz\/index.php\/wp-json\/wp\/v2\/types\/news"}],"author":[{"embeddable":true,"href":"https:\/\/evertonfc.cz\/index.php\/wp-json\/wp\/v2\/users\/1"}],"replies":[{"embeddable":true,"href":"https:\/\/evertonfc.cz\/index.php\/wp-json\/wp\/v2\/comments?post=23404"}],"version-history":[{"count":7,"href":"https:\/\/evertonfc.cz\/index.php\/wp-json\/wp\/v2\/news\/23404\/revisions"}],"predecessor-version":[{"id":23434,"href":"https:\/\/evertonfc.cz\/index.php\/wp-json\/wp\/v2\/news\/23404\/revisions\/23434"}],"wp:attachment":[{"href":"https:\/\/evertonfc.cz\/index.php\/wp-json\/wp\/v2\/media?parent=23404"}],"wp:term":[{"taxonomy":"post_tag","embeddable":true,"href":"https:\/\/evertonfc.cz\/index.php\/wp-json\/wp\/v2\/tags?post=23404"},{"taxonomy":"news-category","embeddable":true,"href":"https:\/\/evertonfc.cz\/index.php\/wp-json\/wp\/v2\/news-category?post=23404"}],"curies":[{"name":"wp","href":"https:\/\/api.w.org\/{rel}","templated":true}]}}