{"id":23618,"date":"2024-01-03T23:35:23","date_gmt":"2024-01-03T22:35:23","guid":{"rendered":"https:\/\/evertonfc.cz\/?post_type=news&#038;p=23618"},"modified":"2024-01-03T23:35:23","modified_gmt":"2024-01-03T22:35:23","slug":"welch-se-vraci-do-evertonu","status":"publish","type":"news","link":"https:\/\/evertonfc.cz\/index.php\/news\/welch-se-vraci-do-evertonu\/","title":{"rendered":"Welch se vrac\u00ed do Evertonu"},"content":{"rendered":"<p>20let\u00fd st\u0159edn\u00ed obr\u00e1nce str\u00e1vil pouze p\u016fl roku na hostov\u00e1n\u00ed ve \u010dtvrtoligov\u00e9m t\u00fdmu Forest Green Rovers. Po odehr\u00e1n\u00ed 23 z\u00e1pas\u016f jej Everton povolal zp\u011bt.<\/p>\n<p>V League Two z\u00edskal Welch prvn\u00ed skute\u010dn\u00e9 zku\u0161enosti se seniorsk\u00fdm fotbalem a sv\u00fdmi v\u00fdkony nezklamal. Toffees nespecifikovali, zda jej st\u00e1hli z hostov\u00e1n\u00ed kv\u016fli celkov\u011b \u0161patn\u00e9 form\u011b t\u00fdmu FGR, kter\u00fd se moment\u00e1ln\u011b nach\u00e1z\u00ed na p\u0159edposledn\u00edm m\u00edst\u011b tabulky, nebo zda s n\u00edm po\u010d\u00edtaj\u00ed do A-t\u00fdmu. Spekuluje se toti\u017e o mo\u017en\u00e9m prodeji obr\u00e1nce Bena Godfreyho.<\/p>\n","protected":false},"excerpt":{"rendered":"<p>20let\u00fd st\u0159edn\u00ed obr\u00e1nce str\u00e1vil pouze p\u016fl roku na hostov\u00e1n\u00ed ve \u010dtvrtoligov\u00e9m t\u00fdmu Forest Green Rovers. Po odehr\u00e1n\u00ed 23 z\u00e1pas\u016f jej&hellip;<\/p>\n","protected":false},"author":6,"featured_media":0,"comment_status":"open","ping_status":"closed","template":"","tags":[],"news-category":[18],"yoast_head":"<!-- This site is optimized with the Yoast SEO plugin v23.4 - https:\/\/yoast.com\/wordpress\/plugins\/seo\/ -->\n<title>Welch se vrac\u00ed do Evertonu - Official Czech &amp; Slovak Everton Supporters&#039; Club<\/title>\n<meta name=\"robots\" content=\"index, follow, max-snippet:-1, max-image-preview:large, max-video-preview:-1\" \/>\n<link rel=\"canonical\" href=\"https:\/\/evertonfc.cz\/index.php\/news\/welch-se-vraci-do-evertonu\/\" \/>\n<meta property=\"og:locale\" content=\"cs_CZ\" \/>\n<meta property=\"og:type\" content=\"article\" \/>\n<meta property=\"og:title\" content=\"Welch se vrac\u00ed do Evertonu - Official Czech &amp; Slovak Everton Supporters&#039; Club\" \/>\n<meta property=\"og:description\" content=\"20let\u00fd st\u0159edn\u00ed obr\u00e1nce str\u00e1vil pouze p\u016fl roku na hostov\u00e1n\u00ed ve \u010dtvrtoligov\u00e9m t\u00fdmu Forest Green Rovers. Po odehr\u00e1n\u00ed 23 z\u00e1pas\u016f jej&hellip;\" \/>\n<meta property=\"og:url\" content=\"https:\/\/evertonfc.cz\/index.php\/news\/welch-se-vraci-do-evertonu\/\" \/>\n<meta property=\"og:site_name\" content=\"Official Czech &amp; Slovak Everton Supporters&#039; Club\" \/>\n<meta property=\"article:publisher\" content=\"https:\/\/www.facebook.com\/everton.fans.cz.sk\" \/>\n<meta name=\"twitter:card\" content=\"summary_large_image\" \/>\n<meta name=\"twitter:label1\" content=\"Odhadovan\u00e1 doba \u010dten\u00ed\" \/>\n\t<meta name=\"twitter:data1\" content=\"1 minuta\" \/>\n<script type=\"application\/ld+json\" class=\"yoast-schema-graph\">{\"@context\":\"https:\/\/schema.org\",\"@graph\":[{\"@type\":\"WebPage\",\"@id\":\"https:\/\/evertonfc.cz\/index.php\/news\/welch-se-vraci-do-evertonu\/\",\"url\":\"https:\/\/evertonfc.cz\/index.php\/news\/welch-se-vraci-do-evertonu\/\",\"name\":\"Welch se vrac\u00ed do Evertonu - Official Czech &amp; Slovak Everton Supporters&#039; Club\",\"isPartOf\":{\"@id\":\"https:\/\/evertonfc.cz\/#website\"},\"datePublished\":\"2024-01-03T22:35:23+00:00\",\"dateModified\":\"2024-01-03T22:35:23+00:00\",\"breadcrumb\":{\"@id\":\"https:\/\/evertonfc.cz\/index.php\/news\/welch-se-vraci-do-evertonu\/#breadcrumb\"},\"inLanguage\":\"cs\",\"potentialAction\":[{\"@type\":\"ReadAction\",\"target\":[\"https:\/\/evertonfc.cz\/index.php\/news\/welch-se-vraci-do-evertonu\/\"]}]},{\"@type\":\"BreadcrumbList\",\"@id\":\"https:\/\/evertonfc.cz\/index.php\/news\/welch-se-vraci-do-evertonu\/#breadcrumb\",\"itemListElement\":[{\"@type\":\"ListItem\",\"position\":1,\"name\":\"Home\",\"item\":\"https:\/\/evertonfc.cz\/\"},{\"@type\":\"ListItem\",\"position\":2,\"name\":\"News\",\"item\":\"https:\/\/evertonfc.cz\/index.php\/news\/\"},{\"@type\":\"ListItem\",\"position\":3,\"name\":\"Welch se vrac\u00ed do Evertonu\"}]},{\"@type\":\"WebSite\",\"@id\":\"https:\/\/evertonfc.cz\/#website\",\"url\":\"https:\/\/evertonfc.cz\/\",\"name\":\"Official Czech &amp; Slovak Everton Supporters&#039; Club\",\"description\":\"\",\"publisher\":{\"@id\":\"https:\/\/evertonfc.cz\/#organization\"},\"potentialAction\":[{\"@type\":\"SearchAction\",\"target\":{\"@type\":\"EntryPoint\",\"urlTemplate\":\"https:\/\/evertonfc.cz\/?s={search_term_string}\"},\"query-input\":{\"@type\":\"PropertyValueSpecification\",\"valueRequired\":true,\"valueName\":\"search_term_string\"}}],\"inLanguage\":\"cs\"},{\"@type\":\"Organization\",\"@id\":\"https:\/\/evertonfc.cz\/#organization\",\"name\":\"Official Czech & Slovak Everton Supporters' Club\",\"url\":\"https:\/\/evertonfc.cz\/\",\"logo\":{\"@type\":\"ImageObject\",\"inLanguage\":\"cs\",\"@id\":\"https:\/\/evertonfc.cz\/#\/schema\/logo\/image\/\",\"url\":\"https:\/\/evertonfc.cz\/wp-content\/uploads\/2019\/05\/logo.png\",\"contentUrl\":\"https:\/\/evertonfc.cz\/wp-content\/uploads\/2019\/05\/logo.png\",\"width\":112,\"height\":112,\"caption\":\"Official Czech & Slovak Everton Supporters' Club\"},\"image\":{\"@id\":\"https:\/\/evertonfc.cz\/#\/schema\/logo\/image\/\"},\"sameAs\":[\"https:\/\/www.facebook.com\/everton.fans.cz.sk\"]}]}<\/script>\n<!-- \/ Yoast SEO plugin. -->","yoast_head_json":{"title":"Welch se vrac\u00ed do Evertonu - Official Czech &amp; Slovak Everton Supporters&#039; Club","robots":{"index":"index","follow":"follow","max-snippet":"max-snippet:-1","max-image-preview":"max-image-preview:large","max-video-preview":"max-video-preview:-1"},"canonical":"https:\/\/evertonfc.cz\/index.php\/news\/welch-se-vraci-do-evertonu\/","og_locale":"cs_CZ","og_type":"article","og_title":"Welch se vrac\u00ed do Evertonu - Official Czech &amp; Slovak Everton Supporters&#039; Club","og_description":"20let\u00fd st\u0159edn\u00ed obr\u00e1nce str\u00e1vil pouze p\u016fl roku na hostov\u00e1n\u00ed ve \u010dtvrtoligov\u00e9m t\u00fdmu Forest Green Rovers. Po odehr\u00e1n\u00ed 23 z\u00e1pas\u016f jej&hellip;","og_url":"https:\/\/evertonfc.cz\/index.php\/news\/welch-se-vraci-do-evertonu\/","og_site_name":"Official Czech &amp; Slovak Everton Supporters&#039; Club","article_publisher":"https:\/\/www.facebook.com\/everton.fans.cz.sk","twitter_card":"summary_large_image","twitter_misc":{"Odhadovan\u00e1 doba \u010dten\u00ed":"1 minuta"},"schema":{"@context":"https:\/\/schema.org","@graph":[{"@type":"WebPage","@id":"https:\/\/evertonfc.cz\/index.php\/news\/welch-se-vraci-do-evertonu\/","url":"https:\/\/evertonfc.cz\/index.php\/news\/welch-se-vraci-do-evertonu\/","name":"Welch se vrac\u00ed do Evertonu - Official Czech &amp; Slovak Everton Supporters&#039; Club","isPartOf":{"@id":"https:\/\/evertonfc.cz\/#website"},"datePublished":"2024-01-03T22:35:23+00:00","dateModified":"2024-01-03T22:35:23+00:00","breadcrumb":{"@id":"https:\/\/evertonfc.cz\/index.php\/news\/welch-se-vraci-do-evertonu\/#breadcrumb"},"inLanguage":"cs","potentialAction":[{"@type":"ReadAction","target":["https:\/\/evertonfc.cz\/index.php\/news\/welch-se-vraci-do-evertonu\/"]}]},{"@type":"BreadcrumbList","@id":"https:\/\/evertonfc.cz\/index.php\/news\/welch-se-vraci-do-evertonu\/#breadcrumb","itemListElement":[{"@type":"ListItem","position":1,"name":"Home","item":"https:\/\/evertonfc.cz\/"},{"@type":"ListItem","position":2,"name":"News","item":"https:\/\/evertonfc.cz\/index.php\/news\/"},{"@type":"ListItem","position":3,"name":"Welch se vrac\u00ed do Evertonu"}]},{"@type":"WebSite","@id":"https:\/\/evertonfc.cz\/#website","url":"https:\/\/evertonfc.cz\/","name":"Official Czech &amp; Slovak Everton Supporters&#039; Club","description":"","publisher":{"@id":"https:\/\/evertonfc.cz\/#organization"},"potentialAction":[{"@type":"SearchAction","target":{"@type":"EntryPoint","urlTemplate":"https:\/\/evertonfc.cz\/?s={search_term_string}"},"query-input":{"@type":"PropertyValueSpecification","valueRequired":true,"valueName":"search_term_string"}}],"inLanguage":"cs"},{"@type":"Organization","@id":"https:\/\/evertonfc.cz\/#organization","name":"Official Czech & Slovak Everton Supporters' Club","url":"https:\/\/evertonfc.cz\/","logo":{"@type":"ImageObject","inLanguage":"cs","@id":"https:\/\/evertonfc.cz\/#\/schema\/logo\/image\/","url":"https:\/\/evertonfc.cz\/wp-content\/uploads\/2019\/05\/logo.png","contentUrl":"https:\/\/evertonfc.cz\/wp-content\/uploads\/2019\/05\/logo.png","width":112,"height":112,"caption":"Official Czech & Slovak Everton Supporters' Club"},"image":{"@id":"https:\/\/evertonfc.cz\/#\/schema\/logo\/image\/"},"sameAs":["https:\/\/www.facebook.com\/everton.fans.cz.sk"]}]}},"_links":{"self":[{"href":"https:\/\/evertonfc.cz\/index.php\/wp-json\/wp\/v2\/news\/23618"}],"collection":[{"href":"https:\/\/evertonfc.cz\/index.php\/wp-json\/wp\/v2\/news"}],"about":[{"href":"https:\/\/evertonfc.cz\/index.php\/wp-json\/wp\/v2\/types\/news"}],"author":[{"embeddable":true,"href":"https:\/\/evertonfc.cz\/index.php\/wp-json\/wp\/v2\/users\/6"}],"replies":[{"embeddable":true,"href":"https:\/\/evertonfc.cz\/index.php\/wp-json\/wp\/v2\/comments?post=23618"}],"version-history":[{"count":1,"href":"https:\/\/evertonfc.cz\/index.php\/wp-json\/wp\/v2\/news\/23618\/revisions"}],"predecessor-version":[{"id":23619,"href":"https:\/\/evertonfc.cz\/index.php\/wp-json\/wp\/v2\/news\/23618\/revisions\/23619"}],"wp:attachment":[{"href":"https:\/\/evertonfc.cz\/index.php\/wp-json\/wp\/v2\/media?parent=23618"}],"wp:term":[{"taxonomy":"post_tag","embeddable":true,"href":"https:\/\/evertonfc.cz\/index.php\/wp-json\/wp\/v2\/tags?post=23618"},{"taxonomy":"news-category","embeddable":true,"href":"https:\/\/evertonfc.cz\/index.php\/wp-json\/wp\/v2\/news-category?post=23618"}],"curies":[{"name":"wp","href":"https:\/\/api.w.org\/{rel}","templated":true}]}}